{"id":1133,"date":"2013-10-25T18:50:35","date_gmt":"2013-10-25T23:50:35","guid":{"rendered":"http:\/\/209.133.219.102\/~newunicas\/blog\/2013\/10\/25\/paulina-rubio-coleccion-zapatos-carteras\/"},"modified":"2019-01-10T21:38:00","modified_gmt":"2019-01-11T02:38:00","slug":"paulina-rubio-coleccion-zapatos-carteras","status":"publish","type":"post","link":"https:\/\/www.unicas.pe\/blog\/paulina-rubio-coleccion-zapatos-carteras\/","title":{"rendered":"Paulina Rubio se lanza al mundo de la moda con su nueva l\u00ednea de bolsos y zapatos"},"content":{"rendered":"<p>La reconocida actriz, cantante y empresaria <strong>Paulina Rubio<\/strong> presenta su nueva colecci\u00f3n inspirada en ella misma, se trata de una l\u00ednea \u201csensual, moderna e informal\u201d.<\/p>\n<p>  <!--more-->  <\/p>\n<p>La colecci\u00f3n de la chica dorada ser\u00e1 ofrecida a trav\u00e9s del sitio web JustFab, un portal que brinda en su mayor\u00eda calzado y carteras pero tambi\u00e9n, ropa y bisuter\u00eda. El lanzamiento exclusivo fue presentado en el Centro Comercial Glendale Galler\u00eda en Los \u00c1ngeles. <em>\u00abEra algo que ten\u00eda que suceder: el hecho de que siempre tengo que estar guapa, movi\u00e9ndome en un escenario y corriendo tambi\u00e9n por los aeropuertos, me inspir\u00f3 much\u00edsimo el poder sacar una l\u00ednea de <strong>bolsos y zapatos<\/strong> y tambi\u00e9n algunos accesorios \u00ab<\/em> declar\u00f3 <strong>Paulina Rubio<\/strong> a la agencia Efe.<\/p>\n<p><img class=\" size-full wp-image-1125\" src=\"http:\/\/209.133.219.102\/~newunicas\/blog\/wp-content\/uploads\/2013\/10\/paulina-rubio1.jpg\" width=\"600\" style=\"display: block; margin-left: auto; margin-right: auto;\" srcset=\"https:\/\/www.unicas.pe\/blog\/wp-content\/uploads\/2013\/10\/paulina-rubio1.jpg 650w, https:\/\/www.unicas.pe\/blog\/wp-content\/uploads\/2013\/10\/paulina-rubio1-300x198.jpg 300w, https:\/\/www.unicas.pe\/blog\/wp-content\/uploads\/2013\/10\/paulina-rubio1-648x428.jpg 648w, https:\/\/www.unicas.pe\/blog\/wp-content\/uploads\/2013\/10\/paulina-rubio1-638x420.jpg 638w\" sizes=\"(max-width: 650px) 100vw, 650px\" \/><\/p>\n<p>La l\u00ednea incluye nueve modelos de bolsos y trece de zapatos. Se podr\u00e1n adquirir desde 39.95 d\u00f3lares para clientes exclusivos de <strong>JustFab<\/strong>. No tiene precios excesivamente caros por lo que est\u00e1n al alcance de todas las mujeres actuales. Y eso es precisamente lo que la Rubio pretende, tratar de resolver los problemas de las mujeres modernas que tienen que ser pr\u00e1cticas y al mismo tiempo lucir arregladas.\u00a0<\/p>\n<p><img class=\" size-full wp-image-1126\" src=\"http:\/\/209.133.219.102\/~newunicas\/blog\/wp-content\/uploads\/2013\/10\/paulina-rubio2.jpg\" width=\"600\" style=\"display: block; margin-left: auto; margin-right: auto;\" srcset=\"https:\/\/www.unicas.pe\/blog\/wp-content\/uploads\/2013\/10\/paulina-rubio2.jpg 650w, https:\/\/www.unicas.pe\/blog\/wp-content\/uploads\/2013\/10\/paulina-rubio2-300x198.jpg 300w, https:\/\/www.unicas.pe\/blog\/wp-content\/uploads\/2013\/10\/paulina-rubio2-648x428.jpg 648w, https:\/\/www.unicas.pe\/blog\/wp-content\/uploads\/2013\/10\/paulina-rubio2-638x420.jpg 638w\" sizes=\"(max-width: 650px) 100vw, 650px\" \/><\/p>\n<p><em>\u00abYo creo que soy una de millones de mujeres que son mam\u00e1s, que tienen que salir a trabajar y tienen que volver, que son pr\u00e1cticas, que trotan el mundo. De alguna manera tambi\u00e9n somos coquetas, nos gusta estar c\u00f3modas y glamorosas\u00bb<\/em>, agreg\u00f3.<\/p>\n<p><img class=\" size-full wp-image-1127\" src=\"http:\/\/209.133.219.102\/~newunicas\/blog\/wp-content\/uploads\/2013\/10\/paulina-rubio3.jpg\" width=\"600\" style=\"display: block; margin-left: auto; margin-right: auto;\" srcset=\"https:\/\/www.unicas.pe\/blog\/wp-content\/uploads\/2013\/10\/paulina-rubio3.jpg 650w, https:\/\/www.unicas.pe\/blog\/wp-content\/uploads\/2013\/10\/paulina-rubio3-300x198.jpg 300w, https:\/\/www.unicas.pe\/blog\/wp-content\/uploads\/2013\/10\/paulina-rubio3-648x428.jpg 648w, https:\/\/www.unicas.pe\/blog\/wp-content\/uploads\/2013\/10\/paulina-rubio3-638x420.jpg 638w\" sizes=\"(max-width: 650px) 100vw, 650px\" \/><\/p>\n<p>La conocida diva tambi\u00e9n afirma que sus zapatos y bolsos expresan la sensualidad y al mismo tiempo la informalidad que la caracterizan cuando no est\u00e1 frente a los escenarios. Se trata de un estilo casual ideal para usar diariamente en las tareas cotidianas de todas las mujeres.<\/p>\n<p><img class=\" size-full wp-image-1128\" src=\"http:\/\/209.133.219.102\/~newunicas\/blog\/wp-content\/uploads\/2013\/10\/paulina-rubio4.jpg\" width=\"600\" style=\"display: block; margin-left: auto; margin-right: auto;\" srcset=\"https:\/\/www.unicas.pe\/blog\/wp-content\/uploads\/2013\/10\/paulina-rubio4.jpg 650w, https:\/\/www.unicas.pe\/blog\/wp-content\/uploads\/2013\/10\/paulina-rubio4-300x198.jpg 300w, https:\/\/www.unicas.pe\/blog\/wp-content\/uploads\/2013\/10\/paulina-rubio4-648x428.jpg 648w, https:\/\/www.unicas.pe\/blog\/wp-content\/uploads\/2013\/10\/paulina-rubio4-638x420.jpg 638w\" sizes=\"(max-width: 650px) 100vw, 650px\" \/><\/p>\n<p>Adem\u00e1s, la popular estrella latina del pop est\u00e1 muy entusiasmada por trabajar con JustFab.com <em>\u00abMe he asociado con los mejores, con los que tienen el mercado claro que yo quiero lograr. Es la facilidad de poner en tu computadora JustFab.com y poder comprar unos zapatos de $39.95 con la ayuda de un experto para que te ayude a escoger lo que quieres. \u00a1Se me hace s\u00faper bueno!\u201d<\/em><\/p>\n<p><em><img class=\" size-full wp-image-1129\" src=\"http:\/\/209.133.219.102\/~newunicas\/blog\/wp-content\/uploads\/2013\/10\/paulina-rubio7.jpg\" width=\"600\" style=\"display: block; margin-left: auto; margin-right: auto;\" srcset=\"https:\/\/www.unicas.pe\/blog\/wp-content\/uploads\/2013\/10\/paulina-rubio7.jpg 650w, https:\/\/www.unicas.pe\/blog\/wp-content\/uploads\/2013\/10\/paulina-rubio7-300x277.jpg 300w, https:\/\/www.unicas.pe\/blog\/wp-content\/uploads\/2013\/10\/paulina-rubio7-455x420.jpg 455w\" sizes=\"(max-width: 650px) 100vw, 650px\" \/><\/em><\/p>\n<p>\u00a0<\/p>\n<p><img class=\" size-full wp-image-1130\" src=\"http:\/\/209.133.219.102\/~newunicas\/blog\/wp-content\/uploads\/2013\/10\/paulina-rubio8.jpg\" width=\"600\" style=\"display: block; margin-left: auto; margin-right: auto;\" srcset=\"https:\/\/www.unicas.pe\/blog\/wp-content\/uploads\/2013\/10\/paulina-rubio8.jpg 650w, https:\/\/www.unicas.pe\/blog\/wp-content\/uploads\/2013\/10\/paulina-rubio8-300x171.jpg 300w, https:\/\/www.unicas.pe\/blog\/wp-content\/uploads\/2013\/10\/paulina-rubio8-648x370.jpg 648w\" sizes=\"(max-width: 650px) 100vw, 650px\" \/><\/p>\n<p><strong>Paulina Rubio<\/strong> es famosa por su faceta como cantante, carrera que viene ejerciendo hace 32 a\u00f1os, adem\u00e1s de su participaci\u00f3n como jurado en el conocido programa \u201cThe X Factor\u201d. Sin embargo, su nueva l\u00ednea no es su primera exploraci\u00f3n en el mundo de la moda. Antes tambi\u00e9n lanz\u00f3 al mercado un l\u00e1piz labial de la marca M.A.C. y su perfume ORO. Su faceta como empresaria tambi\u00e9n le dio la oportunidad de inaugurar un restaurante en Miami llamado L\u2019Entrecote de Par\u00eds.<\/p>\n<p><img class=\" size-full wp-image-1131\" src=\"http:\/\/209.133.219.102\/~newunicas\/blog\/wp-content\/uploads\/2013\/10\/paulina-rubio5.jpg\" width=\"600\" style=\"display: block; margin-left: auto; margin-right: auto;\" srcset=\"https:\/\/www.unicas.pe\/blog\/wp-content\/uploads\/2013\/10\/paulina-rubio5.jpg 650w, https:\/\/www.unicas.pe\/blog\/wp-content\/uploads\/2013\/10\/paulina-rubio5-300x216.jpg 300w, https:\/\/www.unicas.pe\/blog\/wp-content\/uploads\/2013\/10\/paulina-rubio5-648x468.jpg 648w, https:\/\/www.unicas.pe\/blog\/wp-content\/uploads\/2013\/10\/paulina-rubio5-583x420.jpg 583w\" sizes=\"(max-width: 650px) 100vw, 650px\" \/><\/p>\n<p><img class=\" size-full wp-image-1132\" src=\"http:\/\/209.133.219.102\/~newunicas\/blog\/wp-content\/uploads\/2013\/10\/paulina-rubio6.jpg\" width=\"600\" style=\"display: block; margin-left: auto; margin-right: auto;\" srcset=\"https:\/\/www.unicas.pe\/blog\/wp-content\/uploads\/2013\/10\/paulina-rubio6.jpg 650w, https:\/\/www.unicas.pe\/blog\/wp-content\/uploads\/2013\/10\/paulina-rubio6-275x300.jpg 275w, https:\/\/www.unicas.pe\/blog\/wp-content\/uploads\/2013\/10\/paulina-rubio6-385x420.jpg 385w\" sizes=\"(max-width: 650px) 100vw, 650px\" \/><\/p>\n","protected":false},"excerpt":{"rendered":"<p>La reconocida actriz, cantante y empresaria Paulina Rubio presenta su nueva colecci\u00f3n inspirada en ella misma, se trata de una l\u00ednea \u201csensual, moderna e informal\u201d.<\/p>\n","protected":false},"author":1,"featured_media":1125,"comment_status":"closed","ping_status":"open","sticky":false,"template":"","format":"standard","meta":[],"categories":[22],"tags":[97,1725,1721,1723,1726,1722,967,1720,1724,447],"yoast_head":"<!-- This site is optimized with the Yoast SEO plugin v16.0.2 - https:\/\/yoast.com\/wordpress\/plugins\/seo\/ -->\n<link rel=\"canonical\" href=\"https:\/\/www.unicas.pe\/blog\/paulina-rubio-coleccion-zapatos-carteras\/\" \/>\n<meta property=\"og:locale\" content=\"es_ES\" \/>\n<meta property=\"og:type\" content=\"article\" \/>\n<meta property=\"og:title\" content=\"Paulina Rubio se lanza al mundo de la moda con su nueva l\u00ednea de bolsos y zapatos - Unicas\" \/>\n<meta property=\"og:description\" content=\"La reconocida actriz, cantante y empresaria Paulina Rubio presenta su nueva colecci\u00f3n inspirada en ella misma, se trata de una l\u00ednea \u201csensual, moderna e informal\u201d.\" \/>\n<meta property=\"og:url\" content=\"https:\/\/www.unicas.pe\/blog\/paulina-rubio-coleccion-zapatos-carteras\/\" \/>\n<meta property=\"og:site_name\" content=\"Unicas\" \/>\n<meta property=\"article:published_time\" content=\"2013-10-25T23:50:35+00:00\" \/>\n<meta property=\"article:modified_time\" content=\"2019-01-11T02:38:00+00:00\" \/>\n<meta property=\"og:image\" content=\"https:\/\/www.unicas.pe\/blog\/wp-content\/uploads\/2013\/10\/paulina-rubio1.jpg\" \/>\n\t<meta property=\"og:image:width\" content=\"650\" \/>\n\t<meta property=\"og:image:height\" content=\"428\" \/>\n<meta name=\"twitter:card\" content=\"summary_large_image\" \/>\n<meta name=\"twitter:label1\" content=\"Tiempo de lectura\">\n\t<meta name=\"twitter:data1\" content=\"2 minutos\">\n<script type=\"application\/ld+json\" class=\"yoast-schema-graph\">{\"@context\":\"https:\/\/schema.org\",\"@graph\":[{\"@type\":\"WebSite\",\"@id\":\"https:\/\/www.unicas.pe\/blog\/#website\",\"url\":\"https:\/\/www.unicas.pe\/blog\/\",\"name\":\"Unicas\",\"description\":\"Blog sobre belleza, maquillaje, moda, y mucho m\\u00e1s.\",\"potentialAction\":[{\"@type\":\"SearchAction\",\"target\":\"https:\/\/www.unicas.pe\/blog\/?s={search_term_string}\",\"query-input\":\"required name=search_term_string\"}],\"inLanguage\":\"es\"},{\"@type\":\"ImageObject\",\"@id\":\"https:\/\/www.unicas.pe\/blog\/paulina-rubio-coleccion-zapatos-carteras\/#primaryimage\",\"inLanguage\":\"es\",\"url\":\"https:\/\/www.unicas.pe\/blog\/wp-content\/uploads\/2013\/10\/paulina-rubio1.jpg\",\"width\":650,\"height\":428},{\"@type\":\"WebPage\",\"@id\":\"https:\/\/www.unicas.pe\/blog\/paulina-rubio-coleccion-zapatos-carteras\/#webpage\",\"url\":\"https:\/\/www.unicas.pe\/blog\/paulina-rubio-coleccion-zapatos-carteras\/\",\"name\":\"Paulina Rubio se lanza al mundo de la moda con su nueva l\\u00ednea de bolsos y zapatos - Unicas\",\"isPartOf\":{\"@id\":\"https:\/\/www.unicas.pe\/blog\/#website\"},\"primaryImageOfPage\":{\"@id\":\"https:\/\/www.unicas.pe\/blog\/paulina-rubio-coleccion-zapatos-carteras\/#primaryimage\"},\"datePublished\":\"2013-10-25T23:50:35+00:00\",\"dateModified\":\"2019-01-11T02:38:00+00:00\",\"author\":{\"@id\":\"https:\/\/www.unicas.pe\/blog\/#\/schema\/person\/60053f595c6d0f3f11ed52a01c961cdb\"},\"breadcrumb\":{\"@id\":\"https:\/\/www.unicas.pe\/blog\/paulina-rubio-coleccion-zapatos-carteras\/#breadcrumb\"},\"inLanguage\":\"es\",\"potentialAction\":[{\"@type\":\"ReadAction\",\"target\":[\"https:\/\/www.unicas.pe\/blog\/paulina-rubio-coleccion-zapatos-carteras\/\"]}]},{\"@type\":\"BreadcrumbList\",\"@id\":\"https:\/\/www.unicas.pe\/blog\/paulina-rubio-coleccion-zapatos-carteras\/#breadcrumb\",\"itemListElement\":[{\"@type\":\"ListItem\",\"position\":1,\"item\":{\"@type\":\"WebPage\",\"@id\":\"https:\/\/www.unicas.pe\/blog\/\",\"url\":\"https:\/\/www.unicas.pe\/blog\/\",\"name\":\"Portada\"}},{\"@type\":\"ListItem\",\"position\":2,\"item\":{\"@type\":\"WebPage\",\"@id\":\"https:\/\/www.unicas.pe\/blog\/paulina-rubio-coleccion-zapatos-carteras\/\",\"url\":\"https:\/\/www.unicas.pe\/blog\/paulina-rubio-coleccion-zapatos-carteras\/\",\"name\":\"Paulina Rubio se lanza al mundo de la moda con su nueva l\\u00ednea de bolsos y zapatos\"}}]},{\"@type\":\"Person\",\"@id\":\"https:\/\/www.unicas.pe\/blog\/#\/schema\/person\/60053f595c6d0f3f11ed52a01c961cdb\",\"name\":\"Katty Gora\",\"image\":{\"@type\":\"ImageObject\",\"@id\":\"https:\/\/www.unicas.pe\/blog\/#personlogo\",\"inLanguage\":\"es\",\"url\":\"https:\/\/www.unicas.pe\/blog\/wp-content\/uploads\/2019\/01\/168392_1786370415133_366102_n-150x150.jpg\",\"caption\":\"Katty Gora\"},\"description\":\"Katty is a passionate blogger, diving into different subjects like fashion, trends, styles and news and more. Discover the great insight of a true quality blogger!\"}]}<\/script>\n<!-- \/ Yoast SEO plugin. -->","_links":{"self":[{"href":"https:\/\/www.unicas.pe\/blog\/wp-json\/wp\/v2\/posts\/1133"}],"collection":[{"href":"https:\/\/www.unicas.pe\/blog\/wp-json\/wp\/v2\/posts"}],"about":[{"href":"https:\/\/www.unicas.pe\/blog\/wp-json\/wp\/v2\/types\/post"}],"author":[{"embeddable":true,"href":"https:\/\/www.unicas.pe\/blog\/wp-json\/wp\/v2\/users\/1"}],"replies":[{"embeddable":true,"href":"https:\/\/www.unicas.pe\/blog\/wp-json\/wp\/v2\/comments?post=1133"}],"version-history":[{"count":1,"href":"https:\/\/www.unicas.pe\/blog\/wp-json\/wp\/v2\/posts\/1133\/revisions"}],"predecessor-version":[{"id":11242,"href":"https:\/\/www.unicas.pe\/blog\/wp-json\/wp\/v2\/posts\/1133\/revisions\/11242"}],"wp:featuredmedia":[{"embeddable":true,"href":"https:\/\/www.unicas.pe\/blog\/wp-json\/wp\/v2\/media\/1125"}],"wp:attachment":[{"href":"https:\/\/www.unicas.pe\/blog\/wp-json\/wp\/v2\/media?parent=1133"}],"wp:term":[{"taxonomy":"category","embeddable":true,"href":"https:\/\/www.unicas.pe\/blog\/wp-json\/wp\/v2\/categories?post=1133"},{"taxonomy":"post_tag","embeddable":true,"href":"https:\/\/www.unicas.pe\/blog\/wp-json\/wp\/v2\/tags?post=1133"}],"curies":[{"name":"wp","href":"https:\/\/api.w.org\/{rel}","templated":true}]}}