{"id":1161,"date":"2013-10-25T20:10:28","date_gmt":"2013-10-26T01:10:28","guid":{"rendered":"http:\/\/209.133.219.102\/~newunicas\/blog\/2013\/10\/25\/nueva-ley-laboral-para-modelos-menores\/"},"modified":"2019-01-10T21:38:00","modified_gmt":"2019-01-11T02:38:00","slug":"nueva-ley-laboral-para-modelos-menores","status":"publish","type":"post","link":"https:\/\/www.unicas.pe\/blog\/nueva-ley-laboral-para-modelos-menores\/","title":{"rendered":"Surge nueva normativa legal que proteger\u00e1 el trabajo de los ni\u00f1os en la pasarela"},"content":{"rendered":"<p>La ciudad de Nueva York, m\u00edtica por sus despampanantes semanas de la moda, \u00a0fue la que propuso la nueva ley para defender los derechos de los <strong>ni\u00f1os<\/strong> modelos.<\/p>\n<p>  <!--more-->  <\/p>\n<p>Cuando se celebran las Fashion Weeks, sobre todo la de Nueva York que tiene fama de ser la m\u00e1s extenuante, los modelos tienen que correr de pasarela en pasarela, comer poco, quedarse hasta altas horas de la noche y adem\u00e1s estar mucho tiempo antes en los denominados fittings (algunos dise\u00f1adores les gusta empezar a arreglar a sus modelos a las 4:00 am). Si es as\u00ed de desgastante para los adultos, el nivel de estr\u00e9s en los <strong>ni\u00f1os<\/strong> puede aumentar significativamente al estar expuestos a situaciones extremas de trabajo.<\/p>\n<p><img loading=\"lazy\" class=\" size-full wp-image-1156\" src=\"http:\/\/209.133.219.102\/~newunicas\/blog\/wp-content\/uploads\/2013\/10\/nios-modelos-1.jpg\" alt=\"\" style=\"display: block; margin-left: auto; margin-right: auto;\" width=\"1000\" height=\"590\" srcset=\"https:\/\/www.unicas.pe\/blog\/wp-content\/uploads\/2013\/10\/nios-modelos-1.jpg 1000w, https:\/\/www.unicas.pe\/blog\/wp-content\/uploads\/2013\/10\/nios-modelos-1-300x177.jpg 300w, https:\/\/www.unicas.pe\/blog\/wp-content\/uploads\/2013\/10\/nios-modelos-1-768x453.jpg 768w, https:\/\/www.unicas.pe\/blog\/wp-content\/uploads\/2013\/10\/nios-modelos-1-696x411.jpg 696w, https:\/\/www.unicas.pe\/blog\/wp-content\/uploads\/2013\/10\/nios-modelos-1-712x420.jpg 712w\" sizes=\"(max-width: 1000px) 100vw, 1000px\" \/><\/p>\n<p>Pensando en esto, Andrew Cuomo, el gobernador de la ciudad, firm\u00f3 una ley de equiparaci\u00f3n laboral para menores. Aunque no lo crea, los ni\u00f1os actores y bailarines ya contaban con esta protecci\u00f3n, a diferencia de los modelos.\u00a0<\/p>\n<p><span style=\"line-height: 1.3em;\">Entre los principales derechos est\u00e1n no trabajar m\u00e1s de dos veces sin haber descansado 12 horas por lo menos, control parental durante todas las horas de trabajo, supervisi\u00f3n de una enfermera con experiencia pedi\u00e1trica y un espacio con profesores que fomenten el aprendizaje si faltan m\u00e1s de tres d\u00edas al colegio. Tambi\u00e9n se considera un incentivo econ\u00f3mico que ser\u00e1 entregado a los padres o tutores en forma de un adelanto del 15% del pago total.\u00a0<\/span><\/p>\n<p><span style=\"line-height: 1.3em;\">Un par de ejemplos muy famosos son Zarah Ziff y Coco Rocha. La primera trabaj\u00f3 en las pasarelas desde los nueve a\u00f1os, fue la imagen de Moschino y desfil\u00f3 para Alexander McQueen y Balenciaga. Despu\u00e9s de ello decidi\u00f3 crear Model Alliance, una fundaci\u00f3n contra la explotaci\u00f3n laboral de su gremio. Ahora junto con Rocha, quien trabaj\u00f3 en este rubro desde los 15, han dado su imagen para apoyar a la ley de los ni\u00f1os.<\/span><\/p>\n<p><img loading=\"lazy\" class=\" size-full wp-image-1157\" src=\"http:\/\/209.133.219.102\/~newunicas\/blog\/wp-content\/uploads\/2013\/10\/nios-modelos-2.jpg\" alt=\"\" style=\"display: block; margin-left: auto; margin-right: auto;\" width=\"650\" height=\"977\" srcset=\"https:\/\/www.unicas.pe\/blog\/wp-content\/uploads\/2013\/10\/nios-modelos-2.jpg 650w, https:\/\/www.unicas.pe\/blog\/wp-content\/uploads\/2013\/10\/nios-modelos-2-200x300.jpg 200w, https:\/\/www.unicas.pe\/blog\/wp-content\/uploads\/2013\/10\/nios-modelos-2-279x420.jpg 279w, https:\/\/www.unicas.pe\/blog\/wp-content\/uploads\/2013\/10\/nios-modelos-2-559x840.jpg 559w\" sizes=\"(max-width: 650px) 100vw, 650px\" \/><\/p>\n<p>Un ejemplo m\u00e1s contempor\u00e1neo es la ni\u00f1a modelo francesa Thylane Blondeau quien se inici\u00f3 en el modelaje a los cuatro a\u00f1os con el dise\u00f1ador Jean Paul Gaultier en 2005. Su trabajo para Vogue le hizo abandonar completamente su rol de ni\u00f1a.<\/p>\n<p><img loading=\"lazy\" class=\" size-full wp-image-1158\" src=\"http:\/\/209.133.219.102\/~newunicas\/blog\/wp-content\/uploads\/2013\/10\/nios-modelos-3.jpg\" alt=\"\" style=\"display: block; margin-left: auto; margin-right: auto;\" width=\"600\" height=\"797\" srcset=\"https:\/\/www.unicas.pe\/blog\/wp-content\/uploads\/2013\/10\/nios-modelos-3.jpg 600w, https:\/\/www.unicas.pe\/blog\/wp-content\/uploads\/2013\/10\/nios-modelos-3-226x300.jpg 226w, https:\/\/www.unicas.pe\/blog\/wp-content\/uploads\/2013\/10\/nios-modelos-3-316x420.jpg 316w\" sizes=\"(max-width: 600px) 100vw, 600px\" \/><\/p>\n<p>Tambi\u00e9n podemos nombrar a Dakota Fanning quien fue la imagen de un perfume de Marc Jacobs con solo 17 a\u00f1os. Se encontr\u00f3 muy ofensivo para imagen de los ni\u00f1os y se prohibi\u00f3 en el Reino Unido. U Ondria Hardin quien empez\u00f3 a los 13 y a los 15 ya era el rostro de Chanel.<\/p>\n<p><img loading=\"lazy\" class=\" size-full wp-image-1159\" src=\"http:\/\/209.133.219.102\/~newunicas\/blog\/wp-content\/uploads\/2013\/10\/nios-modelos-4.jpg\" alt=\"\" style=\"display: block; margin-left: auto; margin-right: auto;\" width=\"650\" height=\"970\" srcset=\"https:\/\/www.unicas.pe\/blog\/wp-content\/uploads\/2013\/10\/nios-modelos-4.jpg 650w, https:\/\/www.unicas.pe\/blog\/wp-content\/uploads\/2013\/10\/nios-modelos-4-201x300.jpg 201w, https:\/\/www.unicas.pe\/blog\/wp-content\/uploads\/2013\/10\/nios-modelos-4-281x420.jpg 281w, https:\/\/www.unicas.pe\/blog\/wp-content\/uploads\/2013\/10\/nios-modelos-4-563x840.jpg 563w\" sizes=\"(max-width: 650px) 100vw, 650px\" \/><\/p>\n<p><img loading=\"lazy\" class=\" size-full wp-image-1160\" src=\"http:\/\/209.133.219.102\/~newunicas\/blog\/wp-content\/uploads\/2013\/10\/nios-modelos-5.jpg\" alt=\"\" style=\"display: block; margin-left: auto; margin-right: auto;\" width=\"650\" height=\"976\" srcset=\"https:\/\/www.unicas.pe\/blog\/wp-content\/uploads\/2013\/10\/nios-modelos-5.jpg 650w, https:\/\/www.unicas.pe\/blog\/wp-content\/uploads\/2013\/10\/nios-modelos-5-200x300.jpg 200w, https:\/\/www.unicas.pe\/blog\/wp-content\/uploads\/2013\/10\/nios-modelos-5-280x420.jpg 280w, https:\/\/www.unicas.pe\/blog\/wp-content\/uploads\/2013\/10\/nios-modelos-5-559x840.jpg 559w\" sizes=\"(max-width: 650px) 100vw, 650px\" \/><\/p>\n<p>Es muy necesario contar con normas que regulen el trabajo infantil. Los <strong>ni\u00f1os<\/strong> necesitan protecci\u00f3n en cuanto a su r\u00e9gimen laboral, educaci\u00f3n, alimentaci\u00f3n, salud f\u00edsica y mental e imagen personal.\u00a0<\/p>\n","protected":false},"excerpt":{"rendered":"<p>La ciudad de Nueva York, m\u00edtica por sus despampanantes semanas de la moda, \u00a0fue la que propuso la nueva ley para defender los derechos de los ni\u00f1os modelos.<\/p>\n","protected":false},"author":1,"featured_media":1156,"comment_status":"closed","ping_status":"open","sticky":false,"template":"","format":"standard","meta":[],"categories":[26],"tags":[1746,1747,1741,1753,1743,1751,1740,1752,1750,1744,1749,1742,1748,1745],"yoast_head":"<!-- This site is optimized with the Yoast SEO plugin v16.0.2 - https:\/\/yoast.com\/wordpress\/plugins\/seo\/ -->\n<link rel=\"canonical\" href=\"https:\/\/www.unicas.pe\/blog\/nueva-ley-laboral-para-modelos-menores\/\" \/>\n<meta property=\"og:locale\" content=\"es_ES\" \/>\n<meta property=\"og:type\" content=\"article\" \/>\n<meta property=\"og:title\" content=\"Surge nueva normativa legal que proteger\u00e1 el trabajo de los ni\u00f1os en la pasarela - Unicas\" \/>\n<meta property=\"og:description\" content=\"La ciudad de Nueva York, m\u00edtica por sus despampanantes semanas de la moda, \u00a0fue la que propuso la nueva ley para defender los derechos de los ni\u00f1os modelos.\" \/>\n<meta property=\"og:url\" content=\"https:\/\/www.unicas.pe\/blog\/nueva-ley-laboral-para-modelos-menores\/\" \/>\n<meta property=\"og:site_name\" content=\"Unicas\" \/>\n<meta property=\"article:published_time\" content=\"2013-10-26T01:10:28+00:00\" \/>\n<meta property=\"article:modified_time\" content=\"2019-01-11T02:38:00+00:00\" \/>\n<meta property=\"og:image\" content=\"https:\/\/www.unicas.pe\/blog\/wp-content\/uploads\/2013\/10\/nios-modelos-1.jpg\" \/>\n\t<meta property=\"og:image:width\" content=\"1000\" \/>\n\t<meta property=\"og:image:height\" content=\"590\" \/>\n<meta name=\"twitter:card\" content=\"summary_large_image\" \/>\n<meta name=\"twitter:label1\" content=\"Tiempo de lectura\">\n\t<meta name=\"twitter:data1\" content=\"2 minutos\">\n<script type=\"application\/ld+json\" class=\"yoast-schema-graph\">{\"@context\":\"https:\/\/schema.org\",\"@graph\":[{\"@type\":\"WebSite\",\"@id\":\"https:\/\/www.unicas.pe\/blog\/#website\",\"url\":\"https:\/\/www.unicas.pe\/blog\/\",\"name\":\"Unicas\",\"description\":\"Blog sobre belleza, maquillaje, moda, y mucho m\\u00e1s.\",\"potentialAction\":[{\"@type\":\"SearchAction\",\"target\":\"https:\/\/www.unicas.pe\/blog\/?s={search_term_string}\",\"query-input\":\"required name=search_term_string\"}],\"inLanguage\":\"es\"},{\"@type\":\"ImageObject\",\"@id\":\"https:\/\/www.unicas.pe\/blog\/nueva-ley-laboral-para-modelos-menores\/#primaryimage\",\"inLanguage\":\"es\",\"url\":\"https:\/\/www.unicas.pe\/blog\/wp-content\/uploads\/2013\/10\/nios-modelos-1.jpg\",\"width\":1000,\"height\":590},{\"@type\":\"WebPage\",\"@id\":\"https:\/\/www.unicas.pe\/blog\/nueva-ley-laboral-para-modelos-menores\/#webpage\",\"url\":\"https:\/\/www.unicas.pe\/blog\/nueva-ley-laboral-para-modelos-menores\/\",\"name\":\"Surge nueva normativa legal que proteger\\u00e1 el trabajo de los ni\\u00f1os en la pasarela - Unicas\",\"isPartOf\":{\"@id\":\"https:\/\/www.unicas.pe\/blog\/#website\"},\"primaryImageOfPage\":{\"@id\":\"https:\/\/www.unicas.pe\/blog\/nueva-ley-laboral-para-modelos-menores\/#primaryimage\"},\"datePublished\":\"2013-10-26T01:10:28+00:00\",\"dateModified\":\"2019-01-11T02:38:00+00:00\",\"author\":{\"@id\":\"https:\/\/www.unicas.pe\/blog\/#\/schema\/person\/60053f595c6d0f3f11ed52a01c961cdb\"},\"breadcrumb\":{\"@id\":\"https:\/\/www.unicas.pe\/blog\/nueva-ley-laboral-para-modelos-menores\/#breadcrumb\"},\"inLanguage\":\"es\",\"potentialAction\":[{\"@type\":\"ReadAction\",\"target\":[\"https:\/\/www.unicas.pe\/blog\/nueva-ley-laboral-para-modelos-menores\/\"]}]},{\"@type\":\"BreadcrumbList\",\"@id\":\"https:\/\/www.unicas.pe\/blog\/nueva-ley-laboral-para-modelos-menores\/#breadcrumb\",\"itemListElement\":[{\"@type\":\"ListItem\",\"position\":1,\"item\":{\"@type\":\"WebPage\",\"@id\":\"https:\/\/www.unicas.pe\/blog\/\",\"url\":\"https:\/\/www.unicas.pe\/blog\/\",\"name\":\"Portada\"}},{\"@type\":\"ListItem\",\"position\":2,\"item\":{\"@type\":\"WebPage\",\"@id\":\"https:\/\/www.unicas.pe\/blog\/nueva-ley-laboral-para-modelos-menores\/\",\"url\":\"https:\/\/www.unicas.pe\/blog\/nueva-ley-laboral-para-modelos-menores\/\",\"name\":\"Surge nueva normativa legal que proteger\\u00e1 el trabajo de los ni\\u00f1os en la pasarela\"}}]},{\"@type\":\"Person\",\"@id\":\"https:\/\/www.unicas.pe\/blog\/#\/schema\/person\/60053f595c6d0f3f11ed52a01c961cdb\",\"name\":\"Katty Gora\",\"image\":{\"@type\":\"ImageObject\",\"@id\":\"https:\/\/www.unicas.pe\/blog\/#personlogo\",\"inLanguage\":\"es\",\"url\":\"https:\/\/www.unicas.pe\/blog\/wp-content\/uploads\/2019\/01\/168392_1786370415133_366102_n-150x150.jpg\",\"caption\":\"Katty Gora\"},\"description\":\"Katty is a passionate blogger, diving into different subjects like fashion, trends, styles and news and more. Discover the great insight of a true quality blogger!\"}]}<\/script>\n<!-- \/ Yoast SEO plugin. -->","_links":{"self":[{"href":"https:\/\/www.unicas.pe\/blog\/wp-json\/wp\/v2\/posts\/1161"}],"collection":[{"href":"https:\/\/www.unicas.pe\/blog\/wp-json\/wp\/v2\/posts"}],"about":[{"href":"https:\/\/www.unicas.pe\/blog\/wp-json\/wp\/v2\/types\/post"}],"author":[{"embeddable":true,"href":"https:\/\/www.unicas.pe\/blog\/wp-json\/wp\/v2\/users\/1"}],"replies":[{"embeddable":true,"href":"https:\/\/www.unicas.pe\/blog\/wp-json\/wp\/v2\/comments?post=1161"}],"version-history":[{"count":1,"href":"https:\/\/www.unicas.pe\/blog\/wp-json\/wp\/v2\/posts\/1161\/revisions"}],"predecessor-version":[{"id":11239,"href":"https:\/\/www.unicas.pe\/blog\/wp-json\/wp\/v2\/posts\/1161\/revisions\/11239"}],"wp:featuredmedia":[{"embeddable":true,"href":"https:\/\/www.unicas.pe\/blog\/wp-json\/wp\/v2\/media\/1156"}],"wp:attachment":[{"href":"https:\/\/www.unicas.pe\/blog\/wp-json\/wp\/v2\/media?parent=1161"}],"wp:term":[{"taxonomy":"category","embeddable":true,"href":"https:\/\/www.unicas.pe\/blog\/wp-json\/wp\/v2\/categories?post=1161"},{"taxonomy":"post_tag","embeddable":true,"href":"https:\/\/www.unicas.pe\/blog\/wp-json\/wp\/v2\/tags?post=1161"}],"curies":[{"name":"wp","href":"https:\/\/api.w.org\/{rel}","templated":true}]}}