{"id":1167,"date":"2013-10-25T20:19:17","date_gmt":"2013-10-26T01:19:17","guid":{"rendered":"http:\/\/209.133.219.102\/~newunicas\/blog\/2013\/10\/25\/jeans-faja-reducen-dos-tallas\/"},"modified":"2019-01-10T21:38:00","modified_gmt":"2019-01-11T02:38:00","slug":"jeans-faja-reducen-dos-tallas","status":"publish","type":"post","link":"https:\/\/www.unicas.pe\/blog\/jeans-faja-reducen-dos-tallas\/","title":{"rendered":"Jeans Faja: Conoce la \u00faltima tendencia en pantalones que revoluciona la moda"},"content":{"rendered":"<p>Utilizan la misma tecnolog\u00eda textil que los famosos splanx. Los <strong>jeans<\/strong> faja, en su estilo ultrastretch prometen ayudarte a reducir dos tallas menos en unos minutos.\u00a0<\/p>\n<p>  <!--more-->  <\/p>\n<p>La reconocida marca de denim <strong>J Brand<\/strong> les ha puesto el apelativo \u201c<strong>jeans<\/strong> con resultado Photoshop\u201d por su notable efecto reductor. Se trata de una mezcla de comodidad, estilo e impacto de compresi\u00f3n. El modelo, que ya es un \u00e9xito en los Estados Unidos, se llama Photo Ready para J Brant y Jeans Revel Moldean para Levi\u2019s.<\/p>\n<p><img class=\" size-full wp-image-1162\" src=\"http:\/\/209.133.219.102\/~newunicas\/blog\/wp-content\/uploads\/2013\/10\/jean-faja1.jpg\" width=\"600\" style=\"display: block; margin-left: auto; margin-right: auto;\" srcset=\"https:\/\/www.unicas.pe\/blog\/wp-content\/uploads\/2013\/10\/jean-faja1.jpg 650w, https:\/\/www.unicas.pe\/blog\/wp-content\/uploads\/2013\/10\/jean-faja1-300x231.jpg 300w, https:\/\/www.unicas.pe\/blog\/wp-content\/uploads\/2013\/10\/jean-faja1-546x420.jpg 546w\" sizes=\"(max-width: 650px) 100vw, 650px\" \/><\/p>\n<p>Se trata de una combinaci\u00f3n de elastano, poli\u00e9ster y algod\u00f3n. Su elaboraci\u00f3n consiste en entretejer el algod\u00f3n con el elastano y unas fibras de stretch de poli\u00e9ster a manera de espiral. El efecto ser\u00e1 que al moverte, en lugar de ancharse, la tela siempre volver\u00e1 a su lugar. Esta nueva tecnolog\u00eda permite que el algod\u00f3n conserve su elasticidad sin el efecto baggy (bolsas en las rodillas).<\/p>\n<p><img class=\" size-full wp-image-1163\" src=\"http:\/\/209.133.219.102\/~newunicas\/blog\/wp-content\/uploads\/2013\/10\/jean-faja3.jpg\" width=\"600\" style=\"display: block; margin-left: auto; margin-right: auto;\" srcset=\"https:\/\/www.unicas.pe\/blog\/wp-content\/uploads\/2013\/10\/jean-faja3.jpg 650w, https:\/\/www.unicas.pe\/blog\/wp-content\/uploads\/2013\/10\/jean-faja3-300x200.jpg 300w, https:\/\/www.unicas.pe\/blog\/wp-content\/uploads\/2013\/10\/jean-faja3-648x433.jpg 648w, https:\/\/www.unicas.pe\/blog\/wp-content\/uploads\/2013\/10\/jean-faja3-630x420.jpg 630w\" sizes=\"(max-width: 650px) 100vw, 650px\" \/><\/p>\n<p><img class=\" size-full wp-image-1164\" src=\"http:\/\/209.133.219.102\/~newunicas\/blog\/wp-content\/uploads\/2013\/10\/jean-faja2.jpg\" width=\"600\" style=\"display: block; margin-left: auto; margin-right: auto;\" srcset=\"https:\/\/www.unicas.pe\/blog\/wp-content\/uploads\/2013\/10\/jean-faja2.jpg 650w, https:\/\/www.unicas.pe\/blog\/wp-content\/uploads\/2013\/10\/jean-faja2-300x231.jpg 300w, https:\/\/www.unicas.pe\/blog\/wp-content\/uploads\/2013\/10\/jean-faja2-546x420.jpg 546w\" sizes=\"(max-width: 650px) 100vw, 650px\" \/><\/p>\n<p>La evoluci\u00f3n del jean en las \u00faltimas \u00e9pocas ha ido desde el pitillo, que volvi\u00f3 desde los sesentas y setentas con su look estilizado, luego las populares jeggins a\u00fan m\u00e1s ajustadas al cuerpo, hasta este nuevo modelo. Los <strong>Jeans Faja<\/strong> no solo tienen un efecto superstretch sino su reducci\u00f3n de tallas es un hecho comprobable. Todo hace pensar que esta nueva prenda va sustituir a sus antecesoras y estar\u00e1 en los outfits de todas las mujeres en poco tiempo, a pesar de su elevado precio de estreno (m\u00e1s de 200 euros). Solo basta decir que en Bloomingdale\u2019s se agot\u00f3 s\u00f3lo en unos d\u00edas.<\/p>\n<p><img class=\" size-full wp-image-1165\" src=\"http:\/\/209.133.219.102\/~newunicas\/blog\/wp-content\/uploads\/2013\/10\/jean-faja4.jpg\" width=\"600\" style=\"display: block; margin-left: auto; margin-right: auto;\" srcset=\"https:\/\/www.unicas.pe\/blog\/wp-content\/uploads\/2013\/10\/jean-faja4.jpg 650w, https:\/\/www.unicas.pe\/blog\/wp-content\/uploads\/2013\/10\/jean-faja4-300x200.jpg 300w, https:\/\/www.unicas.pe\/blog\/wp-content\/uploads\/2013\/10\/jean-faja4-648x433.jpg 648w, https:\/\/www.unicas.pe\/blog\/wp-content\/uploads\/2013\/10\/jean-faja4-630x420.jpg 630w\" sizes=\"(max-width: 650px) 100vw, 650px\" \/><\/p>\n<p>Hay que tener en cuenta que el estilo superstretch de estos jeans ya no es exclusivo de mujeres hiperdelgadas. Algunas m\u00e1s voluptuosas ya lo tomaron como la prenda preferida de sus closet por su efecto moldeador. As\u00ed tenemos a nada m\u00e1s y nada menos que la primera dama norteamericana Michelle Obama.\u00a0<\/p>\n<p><img class=\" size-full wp-image-1166\" src=\"http:\/\/209.133.219.102\/~newunicas\/blog\/wp-content\/uploads\/2013\/10\/jean-faja5.jpg\" width=\"600\" style=\"display: block; margin-left: auto; margin-right: auto;\" srcset=\"https:\/\/www.unicas.pe\/blog\/wp-content\/uploads\/2013\/10\/jean-faja5.jpg 650w, https:\/\/www.unicas.pe\/blog\/wp-content\/uploads\/2013\/10\/jean-faja5-194x300.jpg 194w, https:\/\/www.unicas.pe\/blog\/wp-content\/uploads\/2013\/10\/jean-faja5-272x420.jpg 272w, https:\/\/www.unicas.pe\/blog\/wp-content\/uploads\/2013\/10\/jean-faja5-544x840.jpg 544w\" sizes=\"(max-width: 650px) 100vw, 650px\" \/><\/p>\n<p>Nota: de marzo del 2012 a febrero del 2013 la venta de jeans exclusivos creci\u00f3 en un 16,4%. Esto ocurri\u00f3 por el cambio en el estilo de la confecci\u00f3n de los jeans que pasaron a ser m\u00e1s femeninos. Las marcas org\u00e1nicas o sostenibles quedaron en un segundo plano en ventas en comparaci\u00f3n a los anteriores.<\/p>\n<p>Pru\u00e9bate estos <strong>jeans<\/strong> y moldea tu figura rapidamente en solo unos segundos. Te sentir\u00e1s c\u00f3moda, bella y ligera.\u00a0<\/p>\n","protected":false},"excerpt":{"rendered":"<p>Utilizan la misma tecnolog\u00eda textil que los famosos splanx. Los jeans faja, en su estilo ultrastretch prometen ayudarte a reducir dos tallas menos en unos minutos.\u00a0<\/p>\n","protected":false},"author":1,"featured_media":1162,"comment_status":"closed","ping_status":"open","sticky":false,"template":"","format":"standard","meta":[],"categories":[23],"tags":[436,1755,1756,1759,1758,1754,1757],"yoast_head":"<!-- This site is optimized with the Yoast SEO plugin v16.0.2 - https:\/\/yoast.com\/wordpress\/plugins\/seo\/ -->\n<link rel=\"canonical\" href=\"https:\/\/www.unicas.pe\/blog\/jeans-faja-reducen-dos-tallas\/\" \/>\n<meta property=\"og:locale\" content=\"es_ES\" \/>\n<meta property=\"og:type\" content=\"article\" \/>\n<meta property=\"og:title\" content=\"Jeans Faja: Conoce la \u00faltima tendencia en pantalones que revoluciona la moda - Unicas\" \/>\n<meta property=\"og:description\" content=\"Utilizan la misma tecnolog\u00eda textil que los famosos splanx. Los jeans faja, en su estilo ultrastretch prometen ayudarte a reducir dos tallas menos en unos minutos.\u00a0\" \/>\n<meta property=\"og:url\" content=\"https:\/\/www.unicas.pe\/blog\/jeans-faja-reducen-dos-tallas\/\" \/>\n<meta property=\"og:site_name\" content=\"Unicas\" \/>\n<meta property=\"article:published_time\" content=\"2013-10-26T01:19:17+00:00\" \/>\n<meta property=\"article:modified_time\" content=\"2019-01-11T02:38:00+00:00\" \/>\n<meta property=\"og:image\" content=\"https:\/\/www.unicas.pe\/blog\/wp-content\/uploads\/2013\/10\/jean-faja1.jpg\" \/>\n\t<meta property=\"og:image:width\" content=\"650\" \/>\n\t<meta property=\"og:image:height\" content=\"500\" \/>\n<meta name=\"twitter:card\" content=\"summary_large_image\" \/>\n<meta name=\"twitter:label1\" content=\"Tiempo de lectura\">\n\t<meta name=\"twitter:data1\" content=\"2 minutos\">\n<script type=\"application\/ld+json\" class=\"yoast-schema-graph\">{\"@context\":\"https:\/\/schema.org\",\"@graph\":[{\"@type\":\"WebSite\",\"@id\":\"https:\/\/www.unicas.pe\/blog\/#website\",\"url\":\"https:\/\/www.unicas.pe\/blog\/\",\"name\":\"Unicas\",\"description\":\"Blog sobre belleza, maquillaje, moda, y mucho m\\u00e1s.\",\"potentialAction\":[{\"@type\":\"SearchAction\",\"target\":\"https:\/\/www.unicas.pe\/blog\/?s={search_term_string}\",\"query-input\":\"required name=search_term_string\"}],\"inLanguage\":\"es\"},{\"@type\":\"ImageObject\",\"@id\":\"https:\/\/www.unicas.pe\/blog\/jeans-faja-reducen-dos-tallas\/#primaryimage\",\"inLanguage\":\"es\",\"url\":\"https:\/\/www.unicas.pe\/blog\/wp-content\/uploads\/2013\/10\/jean-faja1.jpg\",\"width\":650,\"height\":500},{\"@type\":\"WebPage\",\"@id\":\"https:\/\/www.unicas.pe\/blog\/jeans-faja-reducen-dos-tallas\/#webpage\",\"url\":\"https:\/\/www.unicas.pe\/blog\/jeans-faja-reducen-dos-tallas\/\",\"name\":\"Jeans Faja: Conoce la \\u00faltima tendencia en pantalones que revoluciona la moda - Unicas\",\"isPartOf\":{\"@id\":\"https:\/\/www.unicas.pe\/blog\/#website\"},\"primaryImageOfPage\":{\"@id\":\"https:\/\/www.unicas.pe\/blog\/jeans-faja-reducen-dos-tallas\/#primaryimage\"},\"datePublished\":\"2013-10-26T01:19:17+00:00\",\"dateModified\":\"2019-01-11T02:38:00+00:00\",\"author\":{\"@id\":\"https:\/\/www.unicas.pe\/blog\/#\/schema\/person\/60053f595c6d0f3f11ed52a01c961cdb\"},\"breadcrumb\":{\"@id\":\"https:\/\/www.unicas.pe\/blog\/jeans-faja-reducen-dos-tallas\/#breadcrumb\"},\"inLanguage\":\"es\",\"potentialAction\":[{\"@type\":\"ReadAction\",\"target\":[\"https:\/\/www.unicas.pe\/blog\/jeans-faja-reducen-dos-tallas\/\"]}]},{\"@type\":\"BreadcrumbList\",\"@id\":\"https:\/\/www.unicas.pe\/blog\/jeans-faja-reducen-dos-tallas\/#breadcrumb\",\"itemListElement\":[{\"@type\":\"ListItem\",\"position\":1,\"item\":{\"@type\":\"WebPage\",\"@id\":\"https:\/\/www.unicas.pe\/blog\/\",\"url\":\"https:\/\/www.unicas.pe\/blog\/\",\"name\":\"Portada\"}},{\"@type\":\"ListItem\",\"position\":2,\"item\":{\"@type\":\"WebPage\",\"@id\":\"https:\/\/www.unicas.pe\/blog\/jeans-faja-reducen-dos-tallas\/\",\"url\":\"https:\/\/www.unicas.pe\/blog\/jeans-faja-reducen-dos-tallas\/\",\"name\":\"Jeans Faja: Conoce la \\u00faltima tendencia en pantalones que revoluciona la moda\"}}]},{\"@type\":\"Person\",\"@id\":\"https:\/\/www.unicas.pe\/blog\/#\/schema\/person\/60053f595c6d0f3f11ed52a01c961cdb\",\"name\":\"Katty Gora\",\"image\":{\"@type\":\"ImageObject\",\"@id\":\"https:\/\/www.unicas.pe\/blog\/#personlogo\",\"inLanguage\":\"es\",\"url\":\"https:\/\/www.unicas.pe\/blog\/wp-content\/uploads\/2019\/01\/168392_1786370415133_366102_n-150x150.jpg\",\"caption\":\"Katty Gora\"},\"description\":\"Katty is a passionate blogger, diving into different subjects like fashion, trends, styles and news and more. Discover the great insight of a true quality blogger!\"}]}<\/script>\n<!-- \/ Yoast SEO plugin. -->","_links":{"self":[{"href":"https:\/\/www.unicas.pe\/blog\/wp-json\/wp\/v2\/posts\/1167"}],"collection":[{"href":"https:\/\/www.unicas.pe\/blog\/wp-json\/wp\/v2\/posts"}],"about":[{"href":"https:\/\/www.unicas.pe\/blog\/wp-json\/wp\/v2\/types\/post"}],"author":[{"embeddable":true,"href":"https:\/\/www.unicas.pe\/blog\/wp-json\/wp\/v2\/users\/1"}],"replies":[{"embeddable":true,"href":"https:\/\/www.unicas.pe\/blog\/wp-json\/wp\/v2\/comments?post=1167"}],"version-history":[{"count":1,"href":"https:\/\/www.unicas.pe\/blog\/wp-json\/wp\/v2\/posts\/1167\/revisions"}],"predecessor-version":[{"id":11238,"href":"https:\/\/www.unicas.pe\/blog\/wp-json\/wp\/v2\/posts\/1167\/revisions\/11238"}],"wp:featuredmedia":[{"embeddable":true,"href":"https:\/\/www.unicas.pe\/blog\/wp-json\/wp\/v2\/media\/1162"}],"wp:attachment":[{"href":"https:\/\/www.unicas.pe\/blog\/wp-json\/wp\/v2\/media?parent=1167"}],"wp:term":[{"taxonomy":"category","embeddable":true,"href":"https:\/\/www.unicas.pe\/blog\/wp-json\/wp\/v2\/categories?post=1167"},{"taxonomy":"post_tag","embeddable":true,"href":"https:\/\/www.unicas.pe\/blog\/wp-json\/wp\/v2\/tags?post=1167"}],"curies":[{"name":"wp","href":"https:\/\/api.w.org\/{rel}","templated":true}]}}