{"id":1216,"date":"2013-10-30T10:52:53","date_gmt":"2013-10-30T15:52:53","guid":{"rendered":"http:\/\/209.133.219.102\/~newunicas\/blog\/2013\/10\/30\/facebook-album-compartido\/"},"modified":"2019-01-10T21:37:59","modified_gmt":"2019-01-11T02:37:59","slug":"facebook-album-compartido","status":"publish","type":"post","link":"https:\/\/www.unicas.pe\/blog\/facebook-album-compartido\/","title":{"rendered":"La \u00faltima novedad de Facebook: los \u00e1lbumes de fotos compartidos"},"content":{"rendered":"<p style=\"text-align: justify;\">Con esta nueva funci\u00f3n de <strong>Facebook<\/strong>, hasta 50 usuarios podr\u00e1n participar en la elaboraci\u00f3n de un \u00e1lbum, con capacidad para 200 im\u00e1genes.<\/p>\n<p>  <!--more-->  <\/p>\n<p style=\"text-align: justify;\">Vas a la playa, al campo o de vacaciones con cinco <strong>amigas<\/strong> y todas llevan c\u00e1mara. Cuando llegas a casa, es el momento de pasar las fotos a tu computadora y subirlas a <strong>Facebook<\/strong>. Todas tus amigas hacen lo mismo y resulta que hay im\u00e1genes id\u00e9nticas, en otras no est\u00e1s etiquetada o, simplemente, est\u00e1n desperdigadas por tu perfil.\u00a0<\/p>\n<p style=\"text-align: justify;\"><span style=\"line-height: 1.3em;\">Te suena, \u00bfverdad? Pues <strong>Facebook<\/strong> ha encontrado la soluci\u00f3n. La <strong>red social<\/strong> ha incluido una nueva funci\u00f3n que consiste en crear \u00e1lbumes fotogr\u00e1ficos entre tus <strong>amigos<\/strong>. Con una capacidad de 200 im\u00e1genes, estos \u00e1lbumes podr\u00e1n ser confeccionados por un total de 50 usuarios.<\/span><\/p>\n<p><img class=\" size-full wp-image-1214\" src=\"http:\/\/209.133.219.102\/~newunicas\/blog\/wp-content\/uploads\/2013\/10\/albumportada.jpg\" alt=\"La \u00faltima novedad de Facebook: los \u00e1lbumes de fotos compartidos\" title=\"La \u00faltima novedad de Facebook: los \u00e1lbumes de fotos compartidos\" width=\"600\" style=\"display: block; margin-left: auto; margin-right: auto;\" srcset=\"https:\/\/www.unicas.pe\/blog\/wp-content\/uploads\/2013\/10\/albumportada.jpg 1200w, https:\/\/www.unicas.pe\/blog\/wp-content\/uploads\/2013\/10\/albumportada-300x169.jpg 300w, https:\/\/www.unicas.pe\/blog\/wp-content\/uploads\/2013\/10\/albumportada-768x432.jpg 768w, https:\/\/www.unicas.pe\/blog\/wp-content\/uploads\/2013\/10\/albumportada-1024x576.jpg 1024w, https:\/\/www.unicas.pe\/blog\/wp-content\/uploads\/2013\/10\/albumportada-696x392.jpg 696w, https:\/\/www.unicas.pe\/blog\/wp-content\/uploads\/2013\/10\/albumportada-1068x601.jpg 1068w, https:\/\/www.unicas.pe\/blog\/wp-content\/uploads\/2013\/10\/albumportada-747x420.jpg 747w\" sizes=\"(max-width: 1200px) 100vw, 1200px\" \/><\/p>\n<p style=\"text-align: justify;\">Seg\u00fan los datos publicados por la compa\u00f1\u00eda, cada d\u00eda se suben m\u00e1s de 350 millones de fotos a la <strong>red social<\/strong>. Con esta funci\u00f3n, el n\u00famero probablemente se incrementar\u00e1 aunque quedar\u00e1n m\u00e1s organizadas.<\/p>\n<p style=\"text-align: justify;\"><span style=\"line-height: 1.3em;\">La funci\u00f3n es sencilla. Un usuario crea un \u00e1lbum y activa la opci\u00f3n de compartido. Acto seguido enviar\u00e1 invitaciones a los amigos que participar\u00e1n en la elaboraci\u00f3n de la galer\u00eda. El mismo creador es el que establece el nivel de privacidad que desea. De momento, existen tres niveles: p\u00fablicas, visibles para los amigos de las personas que colaboran en el \u00e1lbum y privado, donde s\u00f3lo los que participan pueden ver el contenido.<\/span><\/p>\n<p><img class=\" size-full wp-image-1215\" src=\"http:\/\/209.133.219.102\/~newunicas\/blog\/wp-content\/uploads\/2013\/10\/albuminterior.jpg\" alt=\"La \u00faltima novedad de Facebook: los \u00e1lbumes de fotos compartidos\" title=\"La \u00faltima novedad de Facebook: los \u00e1lbumes de fotos compartidos\" width=\"600\" style=\"display: block; margin-left: auto; margin-right: auto;\" srcset=\"https:\/\/www.unicas.pe\/blog\/wp-content\/uploads\/2013\/10\/albuminterior.jpg 650w, https:\/\/www.unicas.pe\/blog\/wp-content\/uploads\/2013\/10\/albuminterior-300x101.jpg 300w, https:\/\/www.unicas.pe\/blog\/wp-content\/uploads\/2013\/10\/albuminterior-648x219.jpg 648w\" sizes=\"(max-width: 650px) 100vw, 650px\" \/><\/p>\n<p style=\"text-align: justify;\">Es cierto, la <strong>red social<\/strong> m\u00e1s popular del mundo no est\u00e1 inventando nada nuevo en <strong>Internet<\/strong>. Sin embargo, el portal siempre ha cuidado con mimo su apartado fotogr\u00e1fico, pues se nutre de \u00e9l ya que es su caracter\u00edstica principal. Esta opci\u00f3n estar\u00e1 disponible primero para los usuarios de habla inglesa. En poco tiempo ser\u00e1 usada y traducida en las versiones de <strong>Facebook<\/strong> en otros idiomas.<\/p>\n","protected":false},"excerpt":{"rendered":"<p>Con esta nueva funci\u00f3n de Facebook, hasta 50 usuarios podr\u00e1n participar en la elaboraci\u00f3n de un \u00e1lbum, con capacidad para 200 im\u00e1genes.<\/p>\n","protected":false},"author":1,"featured_media":1214,"comment_status":"closed","ping_status":"open","sticky":false,"template":"","format":"standard","meta":[],"categories":[25],"tags":[1809,1808,247,151,141,154],"yoast_head":"<!-- This site is optimized with the Yoast SEO plugin v16.0.2 - https:\/\/yoast.com\/wordpress\/plugins\/seo\/ -->\n<link rel=\"canonical\" href=\"https:\/\/www.unicas.pe\/blog\/facebook-album-compartido\/\" \/>\n<meta property=\"og:locale\" content=\"es_ES\" \/>\n<meta property=\"og:type\" content=\"article\" \/>\n<meta property=\"og:title\" content=\"La \u00faltima novedad de Facebook: los \u00e1lbumes de fotos compartidos - Unicas\" \/>\n<meta property=\"og:description\" content=\"Con esta nueva funci\u00f3n de Facebook, hasta 50 usuarios podr\u00e1n participar en la elaboraci\u00f3n de un \u00e1lbum, con capacidad para 200 im\u00e1genes.\" \/>\n<meta property=\"og:url\" content=\"https:\/\/www.unicas.pe\/blog\/facebook-album-compartido\/\" \/>\n<meta property=\"og:site_name\" content=\"Unicas\" \/>\n<meta property=\"article:published_time\" content=\"2013-10-30T15:52:53+00:00\" \/>\n<meta property=\"article:modified_time\" content=\"2019-01-11T02:37:59+00:00\" \/>\n<meta property=\"og:image\" content=\"https:\/\/www.unicas.pe\/blog\/wp-content\/uploads\/2013\/10\/albumportada.jpg\" \/>\n\t<meta property=\"og:image:width\" content=\"1200\" \/>\n\t<meta property=\"og:image:height\" content=\"675\" \/>\n<meta name=\"twitter:card\" content=\"summary_large_image\" \/>\n<meta name=\"twitter:label1\" content=\"Tiempo de lectura\">\n\t<meta name=\"twitter:data1\" content=\"2 minutos\">\n<script type=\"application\/ld+json\" class=\"yoast-schema-graph\">{\"@context\":\"https:\/\/schema.org\",\"@graph\":[{\"@type\":\"WebSite\",\"@id\":\"https:\/\/www.unicas.pe\/blog\/#website\",\"url\":\"https:\/\/www.unicas.pe\/blog\/\",\"name\":\"Unicas\",\"description\":\"Blog sobre belleza, maquillaje, moda, y mucho m\\u00e1s.\",\"potentialAction\":[{\"@type\":\"SearchAction\",\"target\":\"https:\/\/www.unicas.pe\/blog\/?s={search_term_string}\",\"query-input\":\"required name=search_term_string\"}],\"inLanguage\":\"es\"},{\"@type\":\"ImageObject\",\"@id\":\"https:\/\/www.unicas.pe\/blog\/facebook-album-compartido\/#primaryimage\",\"inLanguage\":\"es\",\"url\":\"https:\/\/www.unicas.pe\/blog\/wp-content\/uploads\/2013\/10\/albumportada.jpg\",\"width\":1200,\"height\":675,\"caption\":\"La \\u00faltima novedad de Facebook: los \\u00e1lbumes de fotos compartidos\"},{\"@type\":\"WebPage\",\"@id\":\"https:\/\/www.unicas.pe\/blog\/facebook-album-compartido\/#webpage\",\"url\":\"https:\/\/www.unicas.pe\/blog\/facebook-album-compartido\/\",\"name\":\"La \\u00faltima novedad de Facebook: los \\u00e1lbumes de fotos compartidos - Unicas\",\"isPartOf\":{\"@id\":\"https:\/\/www.unicas.pe\/blog\/#website\"},\"primaryImageOfPage\":{\"@id\":\"https:\/\/www.unicas.pe\/blog\/facebook-album-compartido\/#primaryimage\"},\"datePublished\":\"2013-10-30T15:52:53+00:00\",\"dateModified\":\"2019-01-11T02:37:59+00:00\",\"author\":{\"@id\":\"https:\/\/www.unicas.pe\/blog\/#\/schema\/person\/60053f595c6d0f3f11ed52a01c961cdb\"},\"breadcrumb\":{\"@id\":\"https:\/\/www.unicas.pe\/blog\/facebook-album-compartido\/#breadcrumb\"},\"inLanguage\":\"es\",\"potentialAction\":[{\"@type\":\"ReadAction\",\"target\":[\"https:\/\/www.unicas.pe\/blog\/facebook-album-compartido\/\"]}]},{\"@type\":\"BreadcrumbList\",\"@id\":\"https:\/\/www.unicas.pe\/blog\/facebook-album-compartido\/#breadcrumb\",\"itemListElement\":[{\"@type\":\"ListItem\",\"position\":1,\"item\":{\"@type\":\"WebPage\",\"@id\":\"https:\/\/www.unicas.pe\/blog\/\",\"url\":\"https:\/\/www.unicas.pe\/blog\/\",\"name\":\"Portada\"}},{\"@type\":\"ListItem\",\"position\":2,\"item\":{\"@type\":\"WebPage\",\"@id\":\"https:\/\/www.unicas.pe\/blog\/facebook-album-compartido\/\",\"url\":\"https:\/\/www.unicas.pe\/blog\/facebook-album-compartido\/\",\"name\":\"La \\u00faltima novedad de Facebook: los \\u00e1lbumes de fotos compartidos\"}}]},{\"@type\":\"Person\",\"@id\":\"https:\/\/www.unicas.pe\/blog\/#\/schema\/person\/60053f595c6d0f3f11ed52a01c961cdb\",\"name\":\"Katty Gora\",\"image\":{\"@type\":\"ImageObject\",\"@id\":\"https:\/\/www.unicas.pe\/blog\/#personlogo\",\"inLanguage\":\"es\",\"url\":\"https:\/\/www.unicas.pe\/blog\/wp-content\/uploads\/2019\/01\/168392_1786370415133_366102_n-150x150.jpg\",\"caption\":\"Katty Gora\"},\"description\":\"Katty is a passionate blogger, diving into different subjects like fashion, trends, styles and news and more. Discover the great insight of a true quality blogger!\"}]}<\/script>\n<!-- \/ Yoast SEO plugin. -->","_links":{"self":[{"href":"https:\/\/www.unicas.pe\/blog\/wp-json\/wp\/v2\/posts\/1216"}],"collection":[{"href":"https:\/\/www.unicas.pe\/blog\/wp-json\/wp\/v2\/posts"}],"about":[{"href":"https:\/\/www.unicas.pe\/blog\/wp-json\/wp\/v2\/types\/post"}],"author":[{"embeddable":true,"href":"https:\/\/www.unicas.pe\/blog\/wp-json\/wp\/v2\/users\/1"}],"replies":[{"embeddable":true,"href":"https:\/\/www.unicas.pe\/blog\/wp-json\/wp\/v2\/comments?post=1216"}],"version-history":[{"count":1,"href":"https:\/\/www.unicas.pe\/blog\/wp-json\/wp\/v2\/posts\/1216\/revisions"}],"predecessor-version":[{"id":11221,"href":"https:\/\/www.unicas.pe\/blog\/wp-json\/wp\/v2\/posts\/1216\/revisions\/11221"}],"wp:featuredmedia":[{"embeddable":true,"href":"https:\/\/www.unicas.pe\/blog\/wp-json\/wp\/v2\/media\/1214"}],"wp:attachment":[{"href":"https:\/\/www.unicas.pe\/blog\/wp-json\/wp\/v2\/media?parent=1216"}],"wp:term":[{"taxonomy":"category","embeddable":true,"href":"https:\/\/www.unicas.pe\/blog\/wp-json\/wp\/v2\/categories?post=1216"},{"taxonomy":"post_tag","embeddable":true,"href":"https:\/\/www.unicas.pe\/blog\/wp-json\/wp\/v2\/tags?post=1216"}],"curies":[{"name":"wp","href":"https:\/\/api.w.org\/{rel}","templated":true}]}}