{"id":1238,"date":"2013-10-30T23:31:32","date_gmt":"2013-10-31T04:31:32","guid":{"rendered":"http:\/\/209.133.219.102\/~newunicas\/blog\/2013\/10\/30\/feria-expotextil-moda\/"},"modified":"2019-01-10T21:37:58","modified_gmt":"2019-01-11T02:37:58","slug":"feria-expotextil-moda","status":"publish","type":"post","link":"https:\/\/www.unicas.pe\/blog\/feria-expotextil-moda\/","title":{"rendered":"La feria Expotextil Per\u00fa 2013 reuni\u00f3 a los mejores fabricantes y dise\u00f1adores de moda"},"content":{"rendered":"<p>Del 24 al 27 de octubre se realiz\u00f3 la s\u00e9ptima edici\u00f3n de la feria Expotextil en el Per\u00fa. Participaron 168 empresas y 17 delegaciones extranjeras del mundo de la <strong>moda<\/strong>.\u00a0<\/p>\n<p>  <!--more-->  <\/p>\n<p>La feria <strong>Expotextil<\/strong> fue el punto de encuentro para diferentes proveedores y fabricantes \u00a0de la industria textil y de la confecci\u00f3n de diferentes partes del mundo, se reunieran a mostrar su trabajo y a estudiar opciones para establecer negocios.<\/p>\n<p>Durante los cuatro d\u00edas se realizaron diferentes exhibiciones de maquinarias, insumos y tendencias relacionadas al la esfera de la <strong>moda<\/strong>. La Expoferia se dividi\u00f3 en tres rubros: Texmoda Per\u00fa, Calzatex Per\u00fa y Stampertex Per\u00fa.<\/p>\n<p><img class=\" size-full wp-image-1234\" src=\"http:\/\/209.133.219.102\/~newunicas\/blog\/wp-content\/uploads\/2013\/10\/stand1.jpg\" width=\"600\" style=\"display: block; margin-left: auto; margin-right: auto;\" srcset=\"https:\/\/www.unicas.pe\/blog\/wp-content\/uploads\/2013\/10\/stand1.jpg 650w, https:\/\/www.unicas.pe\/blog\/wp-content\/uploads\/2013\/10\/stand1-300x222.jpg 300w, https:\/\/www.unicas.pe\/blog\/wp-content\/uploads\/2013\/10\/stand1-80x60.jpg 80w, https:\/\/www.unicas.pe\/blog\/wp-content\/uploads\/2013\/10\/stand1-648x481.jpg 648w, https:\/\/www.unicas.pe\/blog\/wp-content\/uploads\/2013\/10\/stand1-485x360.jpg 485w, https:\/\/www.unicas.pe\/blog\/wp-content\/uploads\/2013\/10\/stand1-568x420.jpg 568w\" sizes=\"(max-width: 650px) 100vw, 650px\" \/><\/p>\n<p>Texmoda fue el espacio de los confeccionistas y dise\u00f1adores. Con su creatividad e innovaci\u00f3n deslumbraron en las decenas de stands que ocuparon y sobre todo, sobre la pasarela. Los desfiles que se realizaron expusieron las nuevas tendencias de moda actual en ni\u00f1os, hombres y mujeres.<\/p>\n<p><img class=\" size-full wp-image-1235\" src=\"http:\/\/209.133.219.102\/~newunicas\/blog\/wp-content\/uploads\/2013\/10\/stand4.jpg\" width=\"600\" style=\"display: block; margin-left: auto; margin-right: auto;\" srcset=\"https:\/\/www.unicas.pe\/blog\/wp-content\/uploads\/2013\/10\/stand4.jpg 650w, https:\/\/www.unicas.pe\/blog\/wp-content\/uploads\/2013\/10\/stand4-300x174.jpg 300w, https:\/\/www.unicas.pe\/blog\/wp-content\/uploads\/2013\/10\/stand4-648x377.jpg 648w\" sizes=\"(max-width: 650px) 100vw, 650px\" \/><\/p>\n<p>Calzatex reuni\u00f3 a los mejores proveedores de cuero y calzado. En sus stands se exhibieron los diferentes insumos, accesorios, maquinarias y equipos necesarios para elaborar los mejores productos de calzado.<\/p>\n<p><img class=\" size-full wp-image-1236\" src=\"http:\/\/209.133.219.102\/~newunicas\/blog\/wp-content\/uploads\/2013\/10\/stand5.jpg\" width=\"600\" style=\"display: block; margin-left: auto; margin-right: auto;\" srcset=\"https:\/\/www.unicas.pe\/blog\/wp-content\/uploads\/2013\/10\/stand5.jpg 650w, https:\/\/www.unicas.pe\/blog\/wp-content\/uploads\/2013\/10\/stand5-150x150.jpg 150w, https:\/\/www.unicas.pe\/blog\/wp-content\/uploads\/2013\/10\/stand5-300x297.jpg 300w, https:\/\/www.unicas.pe\/blog\/wp-content\/uploads\/2013\/10\/stand5-424x420.jpg 424w\" sizes=\"(max-width: 650px) 100vw, 650px\" \/><\/p>\n<p>Stampertex congreg\u00f3 a los especialistas en estampado y serigraf\u00eda del rubro de la industria textil. Se pudieron conocer la variedad de maquinarias, equipos, tintas, planchas, papeles y mallas de gran calidad que se utilizan para el dise\u00f1o de textiles con estas t\u00e9cnicas.\u00a0<\/p>\n<p><img class=\" size-full wp-image-1237\" src=\"http:\/\/209.133.219.102\/~newunicas\/blog\/wp-content\/uploads\/2013\/10\/stand3.jpg\" width=\"600\" style=\"display: block; margin-left: auto; margin-right: auto;\" srcset=\"https:\/\/www.unicas.pe\/blog\/wp-content\/uploads\/2013\/10\/stand3.jpg 650w, https:\/\/www.unicas.pe\/blog\/wp-content\/uploads\/2013\/10\/stand3-291x300.jpg 291w, https:\/\/www.unicas.pe\/blog\/wp-content\/uploads\/2013\/10\/stand3-407x420.jpg 407w\" sizes=\"(max-width: 650px) 100vw, 650px\" \/><\/p>\n<p>Adem\u00e1s de la posibilidad de conocer todas estas \u00e1reas de la industria textil, tambi\u00e9n se realizaron ruedas de negocios que crearon ambientes propicios para establecer negociaciones entre los involucrados. Por otro lado, el gran foro textil reuni\u00f3 una gran cantidad de empresas para analizar la actualidad y la problem\u00e1tica de la industria del sector.<\/p>\n<p>El mundo de la moda y la industria de confecci\u00f3n en el Per\u00fa prometen florecer y crear mejores oportunidades para los distintos rubros textiles.<\/p>\n<p>Aqu\u00ed puedes ver la galer\u00eda de fotos del desfile<\/p>\n<p>{oziogallery 828}<\/p>\n","protected":false},"excerpt":{"rendered":"<p>Del 24 al 27 de octubre se realiz\u00f3 la s\u00e9ptima edici\u00f3n de la feria Expotextil en el Per\u00fa. Participaron 168 empresas y 17 delegaciones extranjeras del mundo de la moda.\u00a0<\/p>\n","protected":false},"author":1,"featured_media":1234,"comment_status":"closed","ping_status":"open","sticky":false,"template":"","format":"standard","meta":[],"categories":[26],"tags":[595,1856,1849,872,1850,1848,1852,1844,1846,1847,1845,1854,1851,82,1742,1853,1857,1855],"yoast_head":"<!-- This site is optimized with the Yoast SEO plugin v16.0.2 - https:\/\/yoast.com\/wordpress\/plugins\/seo\/ -->\n<link rel=\"canonical\" href=\"https:\/\/www.unicas.pe\/blog\/feria-expotextil-moda\/\" \/>\n<meta property=\"og:locale\" content=\"es_ES\" \/>\n<meta property=\"og:type\" content=\"article\" \/>\n<meta property=\"og:title\" content=\"La feria Expotextil Per\u00fa 2013 reuni\u00f3 a los mejores fabricantes y dise\u00f1adores de moda - Unicas\" \/>\n<meta property=\"og:description\" content=\"Del 24 al 27 de octubre se realiz\u00f3 la s\u00e9ptima edici\u00f3n de la feria Expotextil en el Per\u00fa. Participaron 168 empresas y 17 delegaciones extranjeras del mundo de la moda.\u00a0\" \/>\n<meta property=\"og:url\" content=\"https:\/\/www.unicas.pe\/blog\/feria-expotextil-moda\/\" \/>\n<meta property=\"og:site_name\" content=\"Unicas\" \/>\n<meta property=\"article:published_time\" content=\"2013-10-31T04:31:32+00:00\" \/>\n<meta property=\"article:modified_time\" content=\"2019-01-11T02:37:58+00:00\" \/>\n<meta property=\"og:image\" content=\"https:\/\/www.unicas.pe\/blog\/wp-content\/uploads\/2013\/10\/stand1.jpg\" \/>\n\t<meta property=\"og:image:width\" content=\"650\" \/>\n\t<meta property=\"og:image:height\" content=\"481\" \/>\n<meta name=\"twitter:card\" content=\"summary_large_image\" \/>\n<meta name=\"twitter:label1\" content=\"Tiempo de lectura\">\n\t<meta name=\"twitter:data1\" content=\"2 minutos\">\n<script type=\"application\/ld+json\" class=\"yoast-schema-graph\">{\"@context\":\"https:\/\/schema.org\",\"@graph\":[{\"@type\":\"WebSite\",\"@id\":\"https:\/\/www.unicas.pe\/blog\/#website\",\"url\":\"https:\/\/www.unicas.pe\/blog\/\",\"name\":\"Unicas\",\"description\":\"Blog sobre belleza, maquillaje, moda, y mucho m\\u00e1s.\",\"potentialAction\":[{\"@type\":\"SearchAction\",\"target\":\"https:\/\/www.unicas.pe\/blog\/?s={search_term_string}\",\"query-input\":\"required name=search_term_string\"}],\"inLanguage\":\"es\"},{\"@type\":\"ImageObject\",\"@id\":\"https:\/\/www.unicas.pe\/blog\/feria-expotextil-moda\/#primaryimage\",\"inLanguage\":\"es\",\"url\":\"https:\/\/www.unicas.pe\/blog\/wp-content\/uploads\/2013\/10\/stand1.jpg\",\"width\":650,\"height\":481},{\"@type\":\"WebPage\",\"@id\":\"https:\/\/www.unicas.pe\/blog\/feria-expotextil-moda\/#webpage\",\"url\":\"https:\/\/www.unicas.pe\/blog\/feria-expotextil-moda\/\",\"name\":\"La feria Expotextil Per\\u00fa 2013 reuni\\u00f3 a los mejores fabricantes y dise\\u00f1adores de moda - Unicas\",\"isPartOf\":{\"@id\":\"https:\/\/www.unicas.pe\/blog\/#website\"},\"primaryImageOfPage\":{\"@id\":\"https:\/\/www.unicas.pe\/blog\/feria-expotextil-moda\/#primaryimage\"},\"datePublished\":\"2013-10-31T04:31:32+00:00\",\"dateModified\":\"2019-01-11T02:37:58+00:00\",\"author\":{\"@id\":\"https:\/\/www.unicas.pe\/blog\/#\/schema\/person\/60053f595c6d0f3f11ed52a01c961cdb\"},\"breadcrumb\":{\"@id\":\"https:\/\/www.unicas.pe\/blog\/feria-expotextil-moda\/#breadcrumb\"},\"inLanguage\":\"es\",\"potentialAction\":[{\"@type\":\"ReadAction\",\"target\":[\"https:\/\/www.unicas.pe\/blog\/feria-expotextil-moda\/\"]}]},{\"@type\":\"BreadcrumbList\",\"@id\":\"https:\/\/www.unicas.pe\/blog\/feria-expotextil-moda\/#breadcrumb\",\"itemListElement\":[{\"@type\":\"ListItem\",\"position\":1,\"item\":{\"@type\":\"WebPage\",\"@id\":\"https:\/\/www.unicas.pe\/blog\/\",\"url\":\"https:\/\/www.unicas.pe\/blog\/\",\"name\":\"Portada\"}},{\"@type\":\"ListItem\",\"position\":2,\"item\":{\"@type\":\"WebPage\",\"@id\":\"https:\/\/www.unicas.pe\/blog\/feria-expotextil-moda\/\",\"url\":\"https:\/\/www.unicas.pe\/blog\/feria-expotextil-moda\/\",\"name\":\"La feria Expotextil Per\\u00fa 2013 reuni\\u00f3 a los mejores fabricantes y dise\\u00f1adores de moda\"}}]},{\"@type\":\"Person\",\"@id\":\"https:\/\/www.unicas.pe\/blog\/#\/schema\/person\/60053f595c6d0f3f11ed52a01c961cdb\",\"name\":\"Katty Gora\",\"image\":{\"@type\":\"ImageObject\",\"@id\":\"https:\/\/www.unicas.pe\/blog\/#personlogo\",\"inLanguage\":\"es\",\"url\":\"https:\/\/www.unicas.pe\/blog\/wp-content\/uploads\/2019\/01\/168392_1786370415133_366102_n-150x150.jpg\",\"caption\":\"Katty Gora\"},\"description\":\"Katty is a passionate blogger, diving into different subjects like fashion, trends, styles and news and more. Discover the great insight of a true quality blogger!\"}]}<\/script>\n<!-- \/ Yoast SEO plugin. -->","_links":{"self":[{"href":"https:\/\/www.unicas.pe\/blog\/wp-json\/wp\/v2\/posts\/1238"}],"collection":[{"href":"https:\/\/www.unicas.pe\/blog\/wp-json\/wp\/v2\/posts"}],"about":[{"href":"https:\/\/www.unicas.pe\/blog\/wp-json\/wp\/v2\/types\/post"}],"author":[{"embeddable":true,"href":"https:\/\/www.unicas.pe\/blog\/wp-json\/wp\/v2\/users\/1"}],"replies":[{"embeddable":true,"href":"https:\/\/www.unicas.pe\/blog\/wp-json\/wp\/v2\/comments?post=1238"}],"version-history":[{"count":1,"href":"https:\/\/www.unicas.pe\/blog\/wp-json\/wp\/v2\/posts\/1238\/revisions"}],"predecessor-version":[{"id":11208,"href":"https:\/\/www.unicas.pe\/blog\/wp-json\/wp\/v2\/posts\/1238\/revisions\/11208"}],"wp:featuredmedia":[{"embeddable":true,"href":"https:\/\/www.unicas.pe\/blog\/wp-json\/wp\/v2\/media\/1234"}],"wp:attachment":[{"href":"https:\/\/www.unicas.pe\/blog\/wp-json\/wp\/v2\/media?parent=1238"}],"wp:term":[{"taxonomy":"category","embeddable":true,"href":"https:\/\/www.unicas.pe\/blog\/wp-json\/wp\/v2\/categories?post=1238"},{"taxonomy":"post_tag","embeddable":true,"href":"https:\/\/www.unicas.pe\/blog\/wp-json\/wp\/v2\/tags?post=1238"}],"curies":[{"name":"wp","href":"https:\/\/api.w.org\/{rel}","templated":true}]}}