{"id":12469,"date":"2021-07-14T16:18:41","date_gmt":"2021-07-14T21:18:41","guid":{"rendered":"https:\/\/www.unicas.pe\/blog\/?p=12469"},"modified":"2021-07-14T16:18:42","modified_gmt":"2021-07-14T21:18:42","slug":"tienes-piel-seca-descubrelo","status":"publish","type":"post","link":"https:\/\/www.unicas.pe\/blog\/tienes-piel-seca-descubrelo\/","title":{"rendered":"\u00bfTienes piel seca? \u00a1Desc\u00fabrelo!"},"content":{"rendered":"\n<figure class=\"wp-block-image\"><img src=\"https:\/\/lh6.googleusercontent.com\/z8RPO65YTF2lHz7Yt7nl1kL1mWFBEfiauGKKdYLhrzeVl3yHYtKXAoqjX9g7q_Bl6qYp1lXN6wljfMUKq_BzZ3rsHaMpsbljG282QwbbuvEMXPFVrlHXcug2mhMtezASDbAY3n3I\" alt=\"\"\/><\/figure>\n\n\n\n<p>Toca tu rostro, \u00bfsientes que tu piel est\u00e1 \u00e1spera o descamada? No te preocupes, sabemos que al o\u00edr \u201c<strong>piel seca<\/strong>\u201d se nos viene a la mente la <strong>piel tirante<\/strong> en todo el <strong>rostro <\/strong>pero en la vida real es diferente. No confundamos falta de hidrataci\u00f3n con piel seca porque no necesariamente por estar deshidratada tiene que estar seca. Existe la deshidrataci\u00f3n en <strong>pieles normales, grasas y secas.<\/strong><\/p>\n\n\n\n<p>\u00bfA qu\u00e9 se debe? La<strong> piel grasa<\/strong> se desencadena por la escasez de gl\u00e1ndulas seb\u00e1ceas (s\u00ed, aquellas que genera el sebo), se podr\u00eda pensar que no tenerlas generar\u00eda una piel perfecta de revista pero en realidad tiene como resultado una <strong>piel <\/strong>acartonada, con poca elasticidad y una temprana aparici\u00f3n de l\u00edneas de expresi\u00f3n y arrugas.&nbsp;<\/p>\n\n\n\n<p>Este tipo de piel es propenso a los cambios clim\u00e1ticos, el calor o fr\u00edo excesivo reduce su nivel de hidrataci\u00f3n. Con el paso de los a\u00f1os, la piel tiende a deshidratarse m\u00e1s r\u00e1pido por lo que una <strong>piel normal <\/strong>puede cambiar a seca si no tiene un cuidado correcto. Los factores gen\u00e9tico tambi\u00e9n influyen en nuestro <strong>tipo de piel.<\/strong><\/p>\n\n\n\n<p>La medicaci\u00f3n excesiva, el consumo de bebidas alcoh\u00f3licas o tabaco aceleran el envejecimiento y la descamaci\u00f3n cut\u00e1nea. Otra de las causas de la <strong>piel seca<\/strong> es la falta de agua en tu dieta. Tambi\u00e9n una dieta sin grasa o desbalanceada tiene como resultado un cambio en nuestra piel.<\/p>\n\n\n\n<p>Los productos que aplicamos en nuestra piel pueden afectar o mejorar nuestra <strong>dermis<\/strong>. Es recomendable no lavar el rostro con jab\u00f3n para manos por su alto contenido de alcohol o perfumes. Al momento de retirar el <strong>maquillaje <\/strong>es necesario utilizar agua t\u00f3nica o un desmaquillante suave.<\/p>\n\n\n\n<p>Para tratar este tipo de piel es importante comenzar a hidratar, una limpieza facial profunda por la ma\u00f1ana preparar\u00e1 la piel para la rutina de <strong>maquillaje <\/strong>y la suavizar\u00e1. Es recomendable utilizar mascarillas frescas por lo menos 2 veces a la semana. Tambi\u00e9n es bueno ba\u00f1arse con agua tibia y no caliente.<\/p>\n\n\n\n<p><strong>\u00bfC\u00f3mo me maquillo?&nbsp;<\/strong><\/p>\n\n\n\n<figure class=\"wp-block-image\"><img src=\"https:\/\/lh3.googleusercontent.com\/5Q5VmmY9JgAZInsmE4MOl_HoFh1n23a5zBOoAX0ZZaD0DDOfShoUlc-0FPFlCjtxrglulCmC1aUhJcd1aKAebv1M04UQ2PvEO6dJPKGAeqGcYXV5vwZUK_EAXO4xsFqE9u962RjU\" alt=\"\"\/><\/figure>\n\n\n\n<p>Comenzamos con la misi\u00f3n de hidratar la <strong>piel <\/strong>profundamente. Limpiar el rostro es fundamental para eliminar las c\u00e9lulas muertas de ra\u00edz. Esas que al quedarse all\u00ed obstruyen una correcta respiraci\u00f3n. Un 50% de adultos mayores tienen piel seca, por ello comienza a cuidar tu <strong>piel <\/strong>desde ahora para no ser parte de ese porcentaje.&nbsp;<\/p>\n\n\n\n<p><a href=\"https:\/\/unicas.pe\/bioderma-hidratante-facial-sensibio-rich-40ml.html\">Bioderma Hidratante Facial Sensibio Rich 40ml.<\/a> contiene \u00e1cido, glicerina, laminaria y Vitamina E, conocida por su efecto antienvejecimiento. Est\u00e1 demostrado que nutre la <strong>piel <\/strong>sensible y ayuda a construir una barrera cut\u00e1nea. \u00a1No es necesario estar sobando! Su f\u00f3rmula suave facilita la aplicaci\u00f3n.<\/p>\n\n\n\n<p>Es hipoalerg\u00e9nica, libre de perfumes o aromas. \u00bfC\u00f3mo lo aplico? Comenzamos moj\u00e1ndonos el <strong>rostro <\/strong>y aplicando el <strong>limpiador facial <\/strong>con los dedos de manera suave. Aplica primero en la frente y en las mejillas, deja para el \u00faltimo la zona T. Deja reposar 5 minutos y posteriormente enjuaga, seca con una toalla limpia y suave.&nbsp;&nbsp;<\/p>\n\n\n\n<p>\u00bfQu\u00e9 sigue? Claro, la limpieza hasta lo m\u00e1s profundo de nuestros poros. Al elegir una buena<strong> agua micelar<\/strong> es necesario considerar sus ingredientes. Una que no contenga aceite ser\u00e1 ideal para aplicar en la zona T por el alto nivel de grasa que se concentra en esa parte del <strong>rostro<\/strong>.&nbsp;<img loading=\"lazy\" src=\"https:\/\/lh6.googleusercontent.com\/9-ndSt0N_gbpsIbfZAtRTOm00NBbrNjeRzw4obPyr5m8pK9BZ_x0LoGEBLP8TDnYbBDefZC6Cu9mp8Rl0epAEsCu1lePmlarOJlHQCSalXiDLAadRz1uxuMBk-dc8nm8BXDvH2u1\" width=\"602\" height=\"400\"><\/p>\n\n\n\n<p>Una vez que nuestro rostro est\u00e1 seco se procede a aplicar agua micelar de manera circular en el rostro o se puede aplicar en algod\u00f3n y sobar suavemente hasta que este no salga sucio. Eso significa que nuestra piel ya no tiene suciedad. Realiza este procedimiento dos veces al d\u00eda y en un mes comenzar\u00e1s a ver los resultados.&nbsp;<\/p>\n\n\n\n<figure class=\"wp-block-image\"><img src=\"https:\/\/lh4.googleusercontent.com\/p_djElBuBosC-GAnVWlNiCyQeP6K0_kLePXJn16_-M3_4trha9CoaVGJXI-XcHOcZjyvtr_llUwGPBxKY03qOAgAoDB2n03dTgZ5uiJfXKn-_y3-_6VJlnMboeodmo7wUyHXpuNJ\" alt=\"\"\/><\/figure>\n\n\n\n<p>\u00a1Comienza la diversi\u00f3n! Es momento de tener una piel suave y digna de una portada de revista. Te preguntar\u00e1s c\u00f3mo, la respuesta comienza aplicando <strong><em>primer <\/em><\/strong>en todo el rostro. De esa manera se oculta las distintas tonalidades de la piel para dejar un lienzo parejo y listo para dejar volar la imaginaci\u00f3n.<\/p>\n\n\n\n<p><a href=\"https:\/\/unicas.pe\/jordana-primer-fpp-face-prime.html\">&nbsp;Jordana Primer FPP Face Prime<\/a> tiene una f\u00f3rmula concentrada especialmente dise\u00f1ada para reducir los poros, la rojez, l\u00edneas de expresi\u00f3n y m\u00e1s. Las pieles secas tienden a tener varias imperfecciones por lo que el <strong><em>primer <\/em><\/strong>marca la diferencia y garantiza una mayor duraci\u00f3n del maquillaje.<\/p>\n\n\n\n<figure class=\"wp-block-image\"><img src=\"https:\/\/lh6.googleusercontent.com\/P9F49TCCnLEUXUqVnqxFzePdsNTJC-mKX1DPtcg_z8rHvOC3YimecBCzmZvcPP6ejWquBEhVCWF41DG4mKUFEYynUZMS9RLqV_VN3Jgukr0veOpzUdxtuVv4tqADQwzmYPiravl1\" alt=\"\"\/><\/figure>\n\n\n\n<p>Nuestra piel ya est\u00e1 lista para comenzar con la rutina de <strong>maquillaje, <\/strong>una buena base mate para contrarrestar el brillo natural de la zona T de nuestro rostro. El producto puede servir como neutralizador y concealer. \u00bfC\u00f3mo? S\u00ed, difumina y corrige tus imperfecciones del rostro con la misma base.&nbsp;<\/p>\n\n\n\n<p><a href=\"https:\/\/unicas.pe\/milani-base-de-maquillaje-2-in-1-foundation-concealer.html\">Milani Base De Maquillaje 2 In 1 Foundation+Concealer<\/a> es una base con m\u00faltiples usos. Combate las pesadas ojeras, las innecesarias manchas rojas y es resistente al agua. No se ir\u00e1 as\u00ed transpires o llueva a mares. Tu <strong>piel <\/strong>sin brillo por m\u00e1s tiempo, adem\u00e1s de una apariencia brillante y juvenil. Su f\u00f3rmula inteligente est\u00e1 dise\u00f1ada especialmente para unificar el color de la piel.&nbsp;<\/p>\n\n\n\n<p>Si tienes manchitas, este producto es para ti. Por su alta cobertura y un bello resultado natural. No m\u00e1s piel acartonada y con textura falsa que se ve pesada y no deja respirar tu piel. \u00bfEres de las que sufre para encontrar el tono exacto de su piel? No te preocupes m\u00e1s, la amplia gama de hasta 45 colores facilitar\u00e1 encontrar tu tonalidad para evitar esa brusca diferencia entre el <strong>rostro y el cuello<\/strong>.<\/p>\n\n\n\n<figure class=\"wp-block-image\"><img src=\"https:\/\/lh5.googleusercontent.com\/pSbhbapGgle-BiBKn0UEIksn_OFj2KeTS2nlO6FK2zFlTbtc2Y3LzH4NqMqbTTudu4CNd8CckqGnJ5ieNDtC8jtAEK_F_PKlBUgS5oHaw-6Pg0-ZVNpcaZolqFwYgFp5UG61d_Bw\" alt=\"\"\/><\/figure>\n\n\n\n<p><img loading=\"lazy\" src=\"https:\/\/lh6.googleusercontent.com\/oynymGd3jqPWBNym3lXCh46Z55yFex5BU9vMSpMmjj9a8SQmerGXcw3nBAdRGIWno5ExB8Db2FREezqVTzeR8U2vesb-7wRwhqcxuOkICZeCzDaKx8Yw_bNmAe1N8XYB_jcQLZI5\" width=\"162\" height=\"189\"><\/p>\n\n\n\n<p>Al tener una piel seca es fundamental encontrar un buen corrector que no marque los pliegues o imperfecciones de la piel. \u00bfViste el famoso <strong>maquillaje <\/strong>de Katy Perry? Amado por uno y criticado por otros. El fracaso de ese look se dio a la falta de un buen corrector.<\/p>\n\n\n\n<p>As\u00ed de importante es su funci\u00f3n en un <strong>maquillaje, <\/strong>porque corrige las imperfecciones como la piel sensible y poros abiertos de la cantante americana. Son muchos factores que pudieron ocurrir como la transpiraci\u00f3n o una iluminaci\u00f3n desde un \u00e1ngulo no asentador.&nbsp;<\/p>\n\n\n\n<p><a href=\"https:\/\/unicas.pe\/essence-corrector-16h-stay-all-day-concealor-20.html\">Essence Corrector 16H Stay All Day Concealor 20<\/a> tiene una composici\u00f3n especialmente creada para durar hasta 16 horas en tu rostro y mantener intacto el maquillaje. Tu look lucir\u00e1 fresco y la piel como de revista. Adem\u00e1s, su textura es f\u00e1cil de aplicar sin necesidad de tallar fuerte.&nbsp;<\/p>\n\n\n\n<p>Ahora nuestra piel ya recuper\u00f3 un brillo natural y suave en las mejillas, encima del labio, debajo de las cejas y en la nariz. Esos lugares son estrat\u00e9gicos para no tener un rostro plano y sin dimensiones.<\/p>\n\n\n\n<figure class=\"wp-block-image\"><img src=\"https:\/\/lh3.googleusercontent.com\/xOwY44SgY_v9MLhDaQn5xTHlJDQ1gxc2kRN_pKzH0axGfpVTHFKCFVRqvVAdEK8LOpKXyoT0NbGfDYRJBTo42Tlg7SPd-sp502qKaAvktzUHBy55SPQzb8GO1SBCmKqnh8UHvzCr\" alt=\"\"\/><\/figure>\n\n\n\n<p>\u00a1A sellar nuestro maquillaje! La piel seca requiere una cobertura media de textura ligera para evitar acartonamiento. Debido a la resequedad este tipo de piel no tiene mucho brillo y no necesita un retoque constante.&nbsp;<\/p>\n\n\n\n<p><a href=\"https:\/\/unicas.pe\/jordana-polvos-compactos-ff-forever-flawless-pressed-powder.html\">Jordana Polvos Compactos FF Forever Flawless Pressed Powder<\/a> tiene una cobertura no agresiva que no tapa por completo los poros. Su variedad de tonos facilita encontrar el color adecuado. Para aplicarlo se recomienda una brocha suave y antes de ponerlo en contacto con tu piel es necesario eliminar el exceso de polvo.<\/p>\n\n\n\n<p>Incluye una almohadilla que facilita su aplicaci\u00f3n, de usarla se debe hacer con movimientos circulares y suaves para no manchar la piel con distintas tonalidades. Una vez aplicados los polvos tenemos la certeza que nuestro maquillaje durar\u00e1 m\u00e1s tiempo.&nbsp;<\/p>\n\n\n\n<figure class=\"wp-block-image\"><img src=\"https:\/\/lh3.googleusercontent.com\/i76u-WQ6gvsnV7Li3cptHnKOz1oGN7eRCZ6twZlShbU_zxp-pTweAfX0h6E864D45XyiwKxOsNSygW9JnbyL6iAEParOoIEXTFQz61U7ZddMkuwejb8Zm_bfuCV7wNkbFqrnzSvC\" alt=\"\"\/><\/figure>\n\n\n\n<p>\u00a1Color al lienzo! Tras pasar por muchos pasos de maquillaje la piel se ve radiante y juvenil, para darle un toque m\u00e1s fresco se puede agregar una pizca de vitalidad y color. Existe una variedad de tonalidades c\u00e1lidas, es recomendable que combine con el labial para tener armon\u00eda en el rostro.<\/p>\n\n\n\n<p><a href=\"https:\/\/unicas.pe\/jordana-maquillaje-rubor-bp-powder-blush.html\">Jordana Maquillaje Rubor BP<\/a> es ideal para distintos tonos de piel, tiene una gama de 7 colores distintos, se aplica con una brocha ancha que primero debe difuminarse para que al momento de aplicarlo no se manche el maquillaje y pueda arruinarse. Este paso no es obligatorio, algunos looks muy naturales no lo requieren por lo que se puede saltar.&nbsp;<\/p>\n\n\n\n<figure class=\"wp-block-image\"><img src=\"https:\/\/lh3.googleusercontent.com\/JsFMkaFRE4SAFb1WRju1KdEAV3ix2iJeTFu6u-vyLVg-cgKO38IePFu7xq7Y8DXOPYzVmGnkvAHOvzCHPmWSCmt3fjUWLrwjNOB2kjmj6pNjz8hna2vaDB1QpIbi_LD5Z3tXhApZ\" alt=\"\"\/><\/figure>\n\n\n\n<p>\u00a1Brillo para resaltar nuestras facciones m\u00e1s llamativas! Con el paso de los a\u00f1os el brillo se ha vuelto fundamental en la rutina de maquillaje. Ayuda a definir las sombras aplicadas y resalta los rasgos m\u00e1s suaves del rostro. Existen distintos tipos y colores de iluminadores que no var\u00edan por el tipo de piel. Al considerar qu\u00e9 color usar se puede considerar el tono del labial para ir a tono.<\/p>\n","protected":false},"excerpt":{"rendered":"<p>Toca tu rostro, \u00bfsientes que tu piel est\u00e1 \u00e1spera o descamada? No te preocupes, sabemos que al o\u00edr \u201cpiel seca\u201d se nos viene a la mente la piel tirante en todo el rostro pero en la vida real es diferente<\/p>\n","protected":false},"author":3,"featured_media":12470,"comment_status":"closed","ping_status":"open","sticky":false,"template":"","format":"standard","meta":[],"categories":[14164,27],"tags":[14195,14194,2615,3957],"yoast_head":"<!-- This site is optimized with the Yoast SEO plugin v16.0.2 - https:\/\/yoast.com\/wordpress\/plugins\/seo\/ -->\n<link rel=\"canonical\" href=\"https:\/\/www.unicas.pe\/blog\/tienes-piel-seca-descubrelo\/\" \/>\n<meta property=\"og:locale\" content=\"es_ES\" \/>\n<meta property=\"og:type\" content=\"article\" \/>\n<meta property=\"og:title\" content=\"\u00bfTienes piel seca? \u00a1Desc\u00fabrelo! - Unicas\" \/>\n<meta property=\"og:description\" content=\"Toca tu rostro, \u00bfsientes que tu piel est\u00e1 \u00e1spera o descamada? No te preocupes, sabemos que al o\u00edr \u201cpiel seca\u201d se nos viene a la mente la piel tirante en todo el rostro pero en la vida real es diferente\" \/>\n<meta property=\"og:url\" content=\"https:\/\/www.unicas.pe\/blog\/tienes-piel-seca-descubrelo\/\" \/>\n<meta property=\"og:site_name\" content=\"Unicas\" \/>\n<meta property=\"article:published_time\" content=\"2021-07-14T21:18:41+00:00\" \/>\n<meta property=\"article:modified_time\" content=\"2021-07-14T21:18:42+00:00\" \/>\n<meta property=\"og:image\" content=\"https:\/\/www.unicas.pe\/blog\/wp-content\/uploads\/2021\/07\/pielseca.png\" \/>\n\t<meta property=\"og:image:width\" content=\"626\" \/>\n\t<meta property=\"og:image:height\" content=\"417\" \/>\n<meta name=\"twitter:card\" content=\"summary_large_image\" \/>\n<meta name=\"twitter:label1\" content=\"Tiempo de lectura\">\n\t<meta name=\"twitter:data1\" content=\"8 minutos\">\n<script type=\"application\/ld+json\" class=\"yoast-schema-graph\">{\"@context\":\"https:\/\/schema.org\",\"@graph\":[{\"@type\":\"WebSite\",\"@id\":\"https:\/\/www.unicas.pe\/blog\/#website\",\"url\":\"https:\/\/www.unicas.pe\/blog\/\",\"name\":\"Unicas\",\"description\":\"Blog sobre belleza, maquillaje, moda, y mucho m\\u00e1s.\",\"potentialAction\":[{\"@type\":\"SearchAction\",\"target\":\"https:\/\/www.unicas.pe\/blog\/?s={search_term_string}\",\"query-input\":\"required name=search_term_string\"}],\"inLanguage\":\"es\"},{\"@type\":\"ImageObject\",\"@id\":\"https:\/\/www.unicas.pe\/blog\/tienes-piel-seca-descubrelo\/#primaryimage\",\"inLanguage\":\"es\",\"url\":\"https:\/\/www.unicas.pe\/blog\/wp-content\/uploads\/2021\/07\/pielseca.png\",\"width\":626,\"height\":417},{\"@type\":\"WebPage\",\"@id\":\"https:\/\/www.unicas.pe\/blog\/tienes-piel-seca-descubrelo\/#webpage\",\"url\":\"https:\/\/www.unicas.pe\/blog\/tienes-piel-seca-descubrelo\/\",\"name\":\"\\u00bfTienes piel seca? \\u00a1Desc\\u00fabrelo! - Unicas\",\"isPartOf\":{\"@id\":\"https:\/\/www.unicas.pe\/blog\/#website\"},\"primaryImageOfPage\":{\"@id\":\"https:\/\/www.unicas.pe\/blog\/tienes-piel-seca-descubrelo\/#primaryimage\"},\"datePublished\":\"2021-07-14T21:18:41+00:00\",\"dateModified\":\"2021-07-14T21:18:42+00:00\",\"author\":{\"@id\":\"https:\/\/www.unicas.pe\/blog\/#\/schema\/person\/449f6eff36335bb371d26854a4efe325\"},\"breadcrumb\":{\"@id\":\"https:\/\/www.unicas.pe\/blog\/tienes-piel-seca-descubrelo\/#breadcrumb\"},\"inLanguage\":\"es\",\"potentialAction\":[{\"@type\":\"ReadAction\",\"target\":[\"https:\/\/www.unicas.pe\/blog\/tienes-piel-seca-descubrelo\/\"]}]},{\"@type\":\"BreadcrumbList\",\"@id\":\"https:\/\/www.unicas.pe\/blog\/tienes-piel-seca-descubrelo\/#breadcrumb\",\"itemListElement\":[{\"@type\":\"ListItem\",\"position\":1,\"item\":{\"@type\":\"WebPage\",\"@id\":\"https:\/\/www.unicas.pe\/blog\/\",\"url\":\"https:\/\/www.unicas.pe\/blog\/\",\"name\":\"Portada\"}},{\"@type\":\"ListItem\",\"position\":2,\"item\":{\"@type\":\"WebPage\",\"@id\":\"https:\/\/www.unicas.pe\/blog\/tienes-piel-seca-descubrelo\/\",\"url\":\"https:\/\/www.unicas.pe\/blog\/tienes-piel-seca-descubrelo\/\",\"name\":\"\\u00bfTienes piel seca? \\u00a1Desc\\u00fabrelo!\"}}]},{\"@type\":\"Person\",\"@id\":\"https:\/\/www.unicas.pe\/blog\/#\/schema\/person\/449f6eff36335bb371d26854a4efe325\",\"name\":\"Greta Machar\\u00e9\",\"image\":{\"@type\":\"ImageObject\",\"@id\":\"https:\/\/www.unicas.pe\/blog\/#personlogo\",\"inLanguage\":\"es\",\"url\":\"https:\/\/www.unicas.pe\/blog\/wp-content\/uploads\/2021\/07\/83096699_120815715830569_7154298205163749376_n-150x150.jpg\",\"caption\":\"Greta Machar\\u00e9\"}}]}<\/script>\n<!-- \/ Yoast SEO plugin. -->","_links":{"self":[{"href":"https:\/\/www.unicas.pe\/blog\/wp-json\/wp\/v2\/posts\/12469"}],"collection":[{"href":"https:\/\/www.unicas.pe\/blog\/wp-json\/wp\/v2\/posts"}],"about":[{"href":"https:\/\/www.unicas.pe\/blog\/wp-json\/wp\/v2\/types\/post"}],"author":[{"embeddable":true,"href":"https:\/\/www.unicas.pe\/blog\/wp-json\/wp\/v2\/users\/3"}],"replies":[{"embeddable":true,"href":"https:\/\/www.unicas.pe\/blog\/wp-json\/wp\/v2\/comments?post=12469"}],"version-history":[{"count":1,"href":"https:\/\/www.unicas.pe\/blog\/wp-json\/wp\/v2\/posts\/12469\/revisions"}],"predecessor-version":[{"id":12471,"href":"https:\/\/www.unicas.pe\/blog\/wp-json\/wp\/v2\/posts\/12469\/revisions\/12471"}],"wp:featuredmedia":[{"embeddable":true,"href":"https:\/\/www.unicas.pe\/blog\/wp-json\/wp\/v2\/media\/12470"}],"wp:attachment":[{"href":"https:\/\/www.unicas.pe\/blog\/wp-json\/wp\/v2\/media?parent=12469"}],"wp:term":[{"taxonomy":"category","embeddable":true,"href":"https:\/\/www.unicas.pe\/blog\/wp-json\/wp\/v2\/categories?post=12469"},{"taxonomy":"post_tag","embeddable":true,"href":"https:\/\/www.unicas.pe\/blog\/wp-json\/wp\/v2\/tags?post=12469"}],"curies":[{"name":"wp","href":"https:\/\/api.w.org\/{rel}","templated":true}]}}