{"id":1248,"date":"2013-10-30T23:36:50","date_gmt":"2013-10-31T04:36:50","guid":{"rendered":"http:\/\/209.133.219.102\/~newunicas\/blog\/2013\/10\/30\/esika-maquillador-expotextil-2013\/"},"modified":"2019-01-10T21:37:57","modified_gmt":"2019-01-11T02:37:57","slug":"esika-maquillador-expotextil-2013","status":"publish","type":"post","link":"https:\/\/www.unicas.pe\/blog\/esika-maquillador-expotextil-2013\/","title":{"rendered":"\u00c9sika maquillador oficial de los desfiles de la Feria Expotextil 2013"},"content":{"rendered":"<p><strong>\u00c9sika<\/strong> estuvo a cargo del maquillaje para los desfiles de la <strong>Feria Expotextil 2013<\/strong> el cual se realiz\u00f3 en el Centro de exposiciones del Jockey Plaza del 24 al 27 de octubre<\/p>\n<p>  <!--more-->  <\/p>\n<p><span style=\"line-height: 1.3em;\">Un a\u00f1o m\u00e1s <\/span><strong style=\"line-height: 1.3em;\">\u00c9sika<\/strong><span style=\"line-height: 1.3em;\"> fue el maquillador oficial de los desfiles de la <strong>Feria Expotextil Per\u00fa 2013<\/strong>, en el centro de exposiciones del Jockey Plaza, realizado el 24 al 27 de Octubre, donde empresas nacionales y extranjeras exponen sus avances y desarrollo en la industria textil, confecciones, cuero y calzado.<\/span><\/p>\n<p><span style=\"line-height: 1.3em;\">\u00c9sika, la marca que mejor te conoce, estuvo a cargo del maquillaje, y present\u00f3 una paleta de colores que permiti\u00f3 resaltar las piezas que los dise\u00f1adores mostraron en las pasarelas de la Feria Expotextil 2012.<\/span><\/p>\n<p><span style=\"line-height: 1.3em;\"><strong>\u00c9sika<\/strong> est\u00e1 siempre presente en los m\u00e1s importantes desfiles de moda que se realizan en nuestro pa\u00eds y los dem\u00e1s de Latinoam\u00e9rica, y todos aquellos lugares donde se encuentra la marca.<\/span><\/p>\n<p><img class=\" size-full wp-image-1244\" src=\"http:\/\/209.133.219.102\/~newunicas\/blog\/wp-content\/uploads\/2013\/10\/maquillador-esika.jpg\" width=\"600\" style=\"display: block; margin-left: auto; margin-right: auto;\" srcset=\"https:\/\/www.unicas.pe\/blog\/wp-content\/uploads\/2013\/10\/maquillador-esika.jpg 650w, https:\/\/www.unicas.pe\/blog\/wp-content\/uploads\/2013\/10\/maquillador-esika-300x200.jpg 300w, https:\/\/www.unicas.pe\/blog\/wp-content\/uploads\/2013\/10\/maquillador-esika-648x433.jpg 648w, https:\/\/www.unicas.pe\/blog\/wp-content\/uploads\/2013\/10\/maquillador-esika-630x420.jpg 630w\" sizes=\"(max-width: 650px) 100vw, 650px\" \/><\/p>\n<p><img class=\" size-full wp-image-1245\" src=\"http:\/\/209.133.219.102\/~newunicas\/blog\/wp-content\/uploads\/2013\/10\/maquillador-esika-02.jpg\" width=\"600\" style=\"display: block; margin-left: auto; margin-right: auto;\" srcset=\"https:\/\/www.unicas.pe\/blog\/wp-content\/uploads\/2013\/10\/maquillador-esika-02.jpg 650w, https:\/\/www.unicas.pe\/blog\/wp-content\/uploads\/2013\/10\/maquillador-esika-02-300x208.jpg 300w, https:\/\/www.unicas.pe\/blog\/wp-content\/uploads\/2013\/10\/maquillador-esika-02-100x70.jpg 100w, https:\/\/www.unicas.pe\/blog\/wp-content\/uploads\/2013\/10\/maquillador-esika-02-218x150.jpg 218w, https:\/\/www.unicas.pe\/blog\/wp-content\/uploads\/2013\/10\/maquillador-esika-02-648x450.jpg 648w, https:\/\/www.unicas.pe\/blog\/wp-content\/uploads\/2013\/10\/maquillador-esika-02-607x420.jpg 607w\" sizes=\"(max-width: 650px) 100vw, 650px\" \/><\/p>\n<p><img class=\" size-full wp-image-1246\" src=\"http:\/\/209.133.219.102\/~newunicas\/blog\/wp-content\/uploads\/2013\/10\/maquillador-esika-03.jpg\" width=\"600\" style=\"display: block; margin-left: auto; margin-right: auto;\" srcset=\"https:\/\/www.unicas.pe\/blog\/wp-content\/uploads\/2013\/10\/maquillador-esika-03.jpg 650w, https:\/\/www.unicas.pe\/blog\/wp-content\/uploads\/2013\/10\/maquillador-esika-03-300x208.jpg 300w, https:\/\/www.unicas.pe\/blog\/wp-content\/uploads\/2013\/10\/maquillador-esika-03-100x70.jpg 100w, https:\/\/www.unicas.pe\/blog\/wp-content\/uploads\/2013\/10\/maquillador-esika-03-218x150.jpg 218w, https:\/\/www.unicas.pe\/blog\/wp-content\/uploads\/2013\/10\/maquillador-esika-03-648x450.jpg 648w, https:\/\/www.unicas.pe\/blog\/wp-content\/uploads\/2013\/10\/maquillador-esika-03-607x420.jpg 607w\" sizes=\"(max-width: 650px) 100vw, 650px\" \/><\/p>\n<p><img class=\" size-full wp-image-1247\" src=\"http:\/\/209.133.219.102\/~newunicas\/blog\/wp-content\/uploads\/2013\/10\/maquillador-esika-04.jpg\" width=\"600\" style=\"display: block; margin-left: auto; margin-right: auto;\" srcset=\"https:\/\/www.unicas.pe\/blog\/wp-content\/uploads\/2013\/10\/maquillador-esika-04.jpg 650w, https:\/\/www.unicas.pe\/blog\/wp-content\/uploads\/2013\/10\/maquillador-esika-04-300x208.jpg 300w, https:\/\/www.unicas.pe\/blog\/wp-content\/uploads\/2013\/10\/maquillador-esika-04-100x70.jpg 100w, https:\/\/www.unicas.pe\/blog\/wp-content\/uploads\/2013\/10\/maquillador-esika-04-218x150.jpg 218w, https:\/\/www.unicas.pe\/blog\/wp-content\/uploads\/2013\/10\/maquillador-esika-04-648x450.jpg 648w, https:\/\/www.unicas.pe\/blog\/wp-content\/uploads\/2013\/10\/maquillador-esika-04-607x420.jpg 607w\" sizes=\"(max-width: 650px) 100vw, 650px\" \/><\/p>\n","protected":false},"excerpt":{"rendered":"<p>\u00c9sika estuvo a cargo del maquillaje para los desfiles de la Feria Expotextil 2013 el cual se realiz\u00f3 en el Centro de exposiciones del Jockey Plaza del 24 al 27 de octubre<\/p>\n","protected":false},"author":1,"featured_media":1244,"comment_status":"closed","ping_status":"open","sticky":false,"template":"","format":"standard","meta":[],"categories":[26],"tags":[1850,1848,1862,1844,1847,108,82,1742,291],"yoast_head":"<!-- This site is optimized with the Yoast SEO plugin v16.0.2 - https:\/\/yoast.com\/wordpress\/plugins\/seo\/ -->\n<link rel=\"canonical\" href=\"https:\/\/www.unicas.pe\/blog\/esika-maquillador-expotextil-2013\/\" \/>\n<meta property=\"og:locale\" content=\"es_ES\" \/>\n<meta property=\"og:type\" content=\"article\" \/>\n<meta property=\"og:title\" content=\"\u00c9sika maquillador oficial de los desfiles de la Feria Expotextil 2013 - Unicas\" \/>\n<meta property=\"og:description\" content=\"\u00c9sika estuvo a cargo del maquillaje para los desfiles de la Feria Expotextil 2013 el cual se realiz\u00f3 en el Centro de exposiciones del Jockey Plaza del 24 al 27 de octubre\" \/>\n<meta property=\"og:url\" content=\"https:\/\/www.unicas.pe\/blog\/esika-maquillador-expotextil-2013\/\" \/>\n<meta property=\"og:site_name\" content=\"Unicas\" \/>\n<meta property=\"article:published_time\" content=\"2013-10-31T04:36:50+00:00\" \/>\n<meta property=\"article:modified_time\" content=\"2019-01-11T02:37:57+00:00\" \/>\n<meta property=\"og:image\" content=\"https:\/\/www.unicas.pe\/blog\/wp-content\/uploads\/2013\/10\/maquillador-esika.jpg\" \/>\n\t<meta property=\"og:image:width\" content=\"650\" \/>\n\t<meta property=\"og:image:height\" content=\"433\" \/>\n<meta name=\"twitter:card\" content=\"summary_large_image\" \/>\n<meta name=\"twitter:label1\" content=\"Tiempo de lectura\">\n\t<meta name=\"twitter:data1\" content=\"1 minuto\">\n<script type=\"application\/ld+json\" class=\"yoast-schema-graph\">{\"@context\":\"https:\/\/schema.org\",\"@graph\":[{\"@type\":\"WebSite\",\"@id\":\"https:\/\/www.unicas.pe\/blog\/#website\",\"url\":\"https:\/\/www.unicas.pe\/blog\/\",\"name\":\"Unicas\",\"description\":\"Blog sobre belleza, maquillaje, moda, y mucho m\\u00e1s.\",\"potentialAction\":[{\"@type\":\"SearchAction\",\"target\":\"https:\/\/www.unicas.pe\/blog\/?s={search_term_string}\",\"query-input\":\"required name=search_term_string\"}],\"inLanguage\":\"es\"},{\"@type\":\"ImageObject\",\"@id\":\"https:\/\/www.unicas.pe\/blog\/esika-maquillador-expotextil-2013\/#primaryimage\",\"inLanguage\":\"es\",\"url\":\"https:\/\/www.unicas.pe\/blog\/wp-content\/uploads\/2013\/10\/maquillador-esika.jpg\",\"width\":650,\"height\":433},{\"@type\":\"WebPage\",\"@id\":\"https:\/\/www.unicas.pe\/blog\/esika-maquillador-expotextil-2013\/#webpage\",\"url\":\"https:\/\/www.unicas.pe\/blog\/esika-maquillador-expotextil-2013\/\",\"name\":\"\\u00c9sika maquillador oficial de los desfiles de la Feria Expotextil 2013 - Unicas\",\"isPartOf\":{\"@id\":\"https:\/\/www.unicas.pe\/blog\/#website\"},\"primaryImageOfPage\":{\"@id\":\"https:\/\/www.unicas.pe\/blog\/esika-maquillador-expotextil-2013\/#primaryimage\"},\"datePublished\":\"2013-10-31T04:36:50+00:00\",\"dateModified\":\"2019-01-11T02:37:57+00:00\",\"author\":{\"@id\":\"https:\/\/www.unicas.pe\/blog\/#\/schema\/person\/60053f595c6d0f3f11ed52a01c961cdb\"},\"breadcrumb\":{\"@id\":\"https:\/\/www.unicas.pe\/blog\/esika-maquillador-expotextil-2013\/#breadcrumb\"},\"inLanguage\":\"es\",\"potentialAction\":[{\"@type\":\"ReadAction\",\"target\":[\"https:\/\/www.unicas.pe\/blog\/esika-maquillador-expotextil-2013\/\"]}]},{\"@type\":\"BreadcrumbList\",\"@id\":\"https:\/\/www.unicas.pe\/blog\/esika-maquillador-expotextil-2013\/#breadcrumb\",\"itemListElement\":[{\"@type\":\"ListItem\",\"position\":1,\"item\":{\"@type\":\"WebPage\",\"@id\":\"https:\/\/www.unicas.pe\/blog\/\",\"url\":\"https:\/\/www.unicas.pe\/blog\/\",\"name\":\"Portada\"}},{\"@type\":\"ListItem\",\"position\":2,\"item\":{\"@type\":\"WebPage\",\"@id\":\"https:\/\/www.unicas.pe\/blog\/esika-maquillador-expotextil-2013\/\",\"url\":\"https:\/\/www.unicas.pe\/blog\/esika-maquillador-expotextil-2013\/\",\"name\":\"\\u00c9sika maquillador oficial de los desfiles de la Feria Expotextil 2013\"}}]},{\"@type\":\"Person\",\"@id\":\"https:\/\/www.unicas.pe\/blog\/#\/schema\/person\/60053f595c6d0f3f11ed52a01c961cdb\",\"name\":\"Katty Gora\",\"image\":{\"@type\":\"ImageObject\",\"@id\":\"https:\/\/www.unicas.pe\/blog\/#personlogo\",\"inLanguage\":\"es\",\"url\":\"https:\/\/www.unicas.pe\/blog\/wp-content\/uploads\/2019\/01\/168392_1786370415133_366102_n-150x150.jpg\",\"caption\":\"Katty Gora\"},\"description\":\"Katty is a passionate blogger, diving into different subjects like fashion, trends, styles and news and more. Discover the great insight of a true quality blogger!\"}]}<\/script>\n<!-- \/ Yoast SEO plugin. -->","_links":{"self":[{"href":"https:\/\/www.unicas.pe\/blog\/wp-json\/wp\/v2\/posts\/1248"}],"collection":[{"href":"https:\/\/www.unicas.pe\/blog\/wp-json\/wp\/v2\/posts"}],"about":[{"href":"https:\/\/www.unicas.pe\/blog\/wp-json\/wp\/v2\/types\/post"}],"author":[{"embeddable":true,"href":"https:\/\/www.unicas.pe\/blog\/wp-json\/wp\/v2\/users\/1"}],"replies":[{"embeddable":true,"href":"https:\/\/www.unicas.pe\/blog\/wp-json\/wp\/v2\/comments?post=1248"}],"version-history":[{"count":1,"href":"https:\/\/www.unicas.pe\/blog\/wp-json\/wp\/v2\/posts\/1248\/revisions"}],"predecessor-version":[{"id":11206,"href":"https:\/\/www.unicas.pe\/blog\/wp-json\/wp\/v2\/posts\/1248\/revisions\/11206"}],"wp:featuredmedia":[{"embeddable":true,"href":"https:\/\/www.unicas.pe\/blog\/wp-json\/wp\/v2\/media\/1244"}],"wp:attachment":[{"href":"https:\/\/www.unicas.pe\/blog\/wp-json\/wp\/v2\/media?parent=1248"}],"wp:term":[{"taxonomy":"category","embeddable":true,"href":"https:\/\/www.unicas.pe\/blog\/wp-json\/wp\/v2\/categories?post=1248"},{"taxonomy":"post_tag","embeddable":true,"href":"https:\/\/www.unicas.pe\/blog\/wp-json\/wp\/v2\/tags?post=1248"}],"curies":[{"name":"wp","href":"https:\/\/api.w.org\/{rel}","templated":true}]}}