{"id":1249,"date":"2013-10-31T10:25:01","date_gmt":"2013-10-31T15:25:01","guid":{"rendered":"http:\/\/209.133.219.102\/~newunicas\/blog\/2013\/10\/31\/coleccion-chanel-primavera-verano-2014\/"},"modified":"2019-01-10T21:37:57","modified_gmt":"2019-01-11T02:37:57","slug":"coleccion-chanel-primavera-verano-2014","status":"publish","type":"post","link":"https:\/\/www.unicas.pe\/blog\/coleccion-chanel-primavera-verano-2014\/","title":{"rendered":"Paris Fashion Week: Chanel primavera\/verano 2014"},"content":{"rendered":"<p style=\"text-align: justify;\">El tweed, los trajes de chaqueta, las perlas y las camelias, as\u00ed como sus cl\u00e1sicos bolsos 2.55, siempre estar\u00e1n presentes en las colecciones de <strong>Chanel<\/strong>.<\/p>\n<p>  <!--more-->  <\/p>\n<p style=\"text-align: justify;\"><span style=\"line-height: 1.3em;\">Inspir\u00e1ndose en el arte, con obras de tama\u00f1o natural de arte moderno repartidos por todo el Grand Palais, <strong>el dise\u00f1ador Karl Lagerfeld<\/strong>, ha presentado su \u00faltima visi\u00f3n de Chanel sus propuestas se presentan con cortes muy novedosos. Tal y como lo anunciaba en su invitaci\u00f3n al desfile \u201cArt\u201d, esta vez ha sido el arte contempor\u00e1neo el que ha inspirado los nuevos dise\u00f1os de la casa.<\/span><\/p>\n<p style=\"text-align: justify;\"><span style=\"line-height: 1.3em;\">El color, fue uno de los grandes protagonistas de la colecci\u00f3n, y tras unos primeros looks m\u00e1s \u201csuaves\u201d , a pesar de la primac\u00eda del fucsia, aparecieron atrevidos estampados tipo Pantone con colores fuertes. La joyer\u00eda con enormes perlas y un llamativo maquillaje art\u00edstico pusieron el broche final a una colecci\u00f3n.<\/span><\/p>\n<p style=\"text-align: justify;\">\u00a0{oziogallery 829}<\/p>\n","protected":false},"excerpt":{"rendered":"<p>El tweed, los trajes de chaqueta, las perlas y las camelias, as\u00ed como sus cl\u00e1sicos bolsos 2.55, siempre estar\u00e1n presentes en las colecciones de Chanel.<\/p>\n","protected":false},"author":1,"featured_media":0,"comment_status":"closed","ping_status":"open","sticky":false,"template":"","format":"standard","meta":[],"categories":[26],"tags":[1421,1866,1863,82,1864,1742,1348],"yoast_head":"<!-- This site is optimized with the Yoast SEO plugin v16.0.2 - https:\/\/yoast.com\/wordpress\/plugins\/seo\/ -->\n<link rel=\"canonical\" href=\"https:\/\/www.unicas.pe\/blog\/coleccion-chanel-primavera-verano-2014\/\" \/>\n<meta property=\"og:locale\" content=\"es_ES\" \/>\n<meta property=\"og:type\" content=\"article\" \/>\n<meta property=\"og:title\" content=\"Paris Fashion Week: Chanel primavera\/verano 2014 - Unicas\" \/>\n<meta property=\"og:description\" content=\"El tweed, los trajes de chaqueta, las perlas y las camelias, as\u00ed como sus cl\u00e1sicos bolsos 2.55, siempre estar\u00e1n presentes en las colecciones de Chanel.\" \/>\n<meta property=\"og:url\" content=\"https:\/\/www.unicas.pe\/blog\/coleccion-chanel-primavera-verano-2014\/\" \/>\n<meta property=\"og:site_name\" content=\"Unicas\" \/>\n<meta property=\"article:published_time\" content=\"2013-10-31T15:25:01+00:00\" \/>\n<meta property=\"article:modified_time\" content=\"2019-01-11T02:37:57+00:00\" \/>\n<meta name=\"twitter:card\" content=\"summary_large_image\" \/>\n<meta name=\"twitter:label1\" content=\"Tiempo de lectura\">\n\t<meta name=\"twitter:data1\" content=\"1 minuto\">\n<script type=\"application\/ld+json\" class=\"yoast-schema-graph\">{\"@context\":\"https:\/\/schema.org\",\"@graph\":[{\"@type\":\"WebSite\",\"@id\":\"https:\/\/www.unicas.pe\/blog\/#website\",\"url\":\"https:\/\/www.unicas.pe\/blog\/\",\"name\":\"Unicas\",\"description\":\"Blog sobre belleza, maquillaje, moda, y mucho m\\u00e1s.\",\"potentialAction\":[{\"@type\":\"SearchAction\",\"target\":\"https:\/\/www.unicas.pe\/blog\/?s={search_term_string}\",\"query-input\":\"required name=search_term_string\"}],\"inLanguage\":\"es\"},{\"@type\":\"WebPage\",\"@id\":\"https:\/\/www.unicas.pe\/blog\/coleccion-chanel-primavera-verano-2014\/#webpage\",\"url\":\"https:\/\/www.unicas.pe\/blog\/coleccion-chanel-primavera-verano-2014\/\",\"name\":\"Paris Fashion Week: Chanel primavera\/verano 2014 - Unicas\",\"isPartOf\":{\"@id\":\"https:\/\/www.unicas.pe\/blog\/#website\"},\"datePublished\":\"2013-10-31T15:25:01+00:00\",\"dateModified\":\"2019-01-11T02:37:57+00:00\",\"author\":{\"@id\":\"https:\/\/www.unicas.pe\/blog\/#\/schema\/person\/60053f595c6d0f3f11ed52a01c961cdb\"},\"breadcrumb\":{\"@id\":\"https:\/\/www.unicas.pe\/blog\/coleccion-chanel-primavera-verano-2014\/#breadcrumb\"},\"inLanguage\":\"es\",\"potentialAction\":[{\"@type\":\"ReadAction\",\"target\":[\"https:\/\/www.unicas.pe\/blog\/coleccion-chanel-primavera-verano-2014\/\"]}]},{\"@type\":\"BreadcrumbList\",\"@id\":\"https:\/\/www.unicas.pe\/blog\/coleccion-chanel-primavera-verano-2014\/#breadcrumb\",\"itemListElement\":[{\"@type\":\"ListItem\",\"position\":1,\"item\":{\"@type\":\"WebPage\",\"@id\":\"https:\/\/www.unicas.pe\/blog\/\",\"url\":\"https:\/\/www.unicas.pe\/blog\/\",\"name\":\"Portada\"}},{\"@type\":\"ListItem\",\"position\":2,\"item\":{\"@type\":\"WebPage\",\"@id\":\"https:\/\/www.unicas.pe\/blog\/coleccion-chanel-primavera-verano-2014\/\",\"url\":\"https:\/\/www.unicas.pe\/blog\/coleccion-chanel-primavera-verano-2014\/\",\"name\":\"Paris Fashion Week: Chanel primavera\/verano 2014\"}}]},{\"@type\":\"Person\",\"@id\":\"https:\/\/www.unicas.pe\/blog\/#\/schema\/person\/60053f595c6d0f3f11ed52a01c961cdb\",\"name\":\"Katty Gora\",\"image\":{\"@type\":\"ImageObject\",\"@id\":\"https:\/\/www.unicas.pe\/blog\/#personlogo\",\"inLanguage\":\"es\",\"url\":\"https:\/\/www.unicas.pe\/blog\/wp-content\/uploads\/2019\/01\/168392_1786370415133_366102_n-150x150.jpg\",\"caption\":\"Katty Gora\"},\"description\":\"Katty is a passionate blogger, diving into different subjects like fashion, trends, styles and news and more. Discover the great insight of a true quality blogger!\"}]}<\/script>\n<!-- \/ Yoast SEO plugin. -->","_links":{"self":[{"href":"https:\/\/www.unicas.pe\/blog\/wp-json\/wp\/v2\/posts\/1249"}],"collection":[{"href":"https:\/\/www.unicas.pe\/blog\/wp-json\/wp\/v2\/posts"}],"about":[{"href":"https:\/\/www.unicas.pe\/blog\/wp-json\/wp\/v2\/types\/post"}],"author":[{"embeddable":true,"href":"https:\/\/www.unicas.pe\/blog\/wp-json\/wp\/v2\/users\/1"}],"replies":[{"embeddable":true,"href":"https:\/\/www.unicas.pe\/blog\/wp-json\/wp\/v2\/comments?post=1249"}],"version-history":[{"count":1,"href":"https:\/\/www.unicas.pe\/blog\/wp-json\/wp\/v2\/posts\/1249\/revisions"}],"predecessor-version":[{"id":11205,"href":"https:\/\/www.unicas.pe\/blog\/wp-json\/wp\/v2\/posts\/1249\/revisions\/11205"}],"wp:attachment":[{"href":"https:\/\/www.unicas.pe\/blog\/wp-json\/wp\/v2\/media?parent=1249"}],"wp:term":[{"taxonomy":"category","embeddable":true,"href":"https:\/\/www.unicas.pe\/blog\/wp-json\/wp\/v2\/categories?post=1249"},{"taxonomy":"post_tag","embeddable":true,"href":"https:\/\/www.unicas.pe\/blog\/wp-json\/wp\/v2\/tags?post=1249"}],"curies":[{"name":"wp","href":"https:\/\/api.w.org\/{rel}","templated":true}]}}