{"id":1330,"date":"2013-11-05T16:21:13","date_gmt":"2013-11-05T21:21:13","guid":{"rendered":"http:\/\/209.133.219.102\/~newunicas\/blog\/2013\/11\/05\/l-bel-maquillador-oficial-fashion-sh\/"},"modified":"2019-01-10T21:37:56","modified_gmt":"2019-01-11T02:37:56","slug":"l-bel-maquillador-oficial-fashion-sh","status":"publish","type":"post","link":"https:\/\/www.unicas.pe\/blog\/l-bel-maquillador-oficial-fashion-sh\/","title":{"rendered":"L\u2019Bel se luci\u00f3 como maquillador oficial del Fashion Show 2013"},"content":{"rendered":"<p style=\"text-align: justify;\">Prestigiosos dise\u00f1adores peruanos y la marca <strong>L\u2019Bel<\/strong> se lucieron en la pasarela en beneficio de \u201cSiempre Amanecer\u201d, una asociaci\u00f3n que brinda apoyo a los ni\u00f1os con autismo. \u00a0<\/p>\n<p>  <!--more-->  <\/p>\n<p style=\"text-align: justify;\">La <strong>cuarta edici\u00f3n del popular desfile Fashion Show<\/strong> se realiz\u00f3 en el Centro Naval de San Borja y reuni\u00f3 las mejores colecciones de reconocidos dise\u00f1adores de moda para la temporada de primavera verano 2014. Por su parte <strong>L\u2019Bel present\u00f3 las nuevas tendencias de maquillaje<\/strong> para la pr\u00f3xima estaci\u00f3n.<\/p>\n<p style=\"text-align: justify;\"><span style=\"line-height: 1.3em;\">Todos los a\u00f1os \u201cSiempre Amanecer\u201d se encarga de la organizaci\u00f3n y producci\u00f3n del Fashion Show con el fin de promover y ayudar en sus labores de proyecci\u00f3n social y apoyo a la comunidad. Con la realizaci\u00f3n del desfile se pretende dar educaci\u00f3n de calidad y especializada a ni\u00f1os de escasos recursos econ\u00f3micos con Trastorno del Espectro Autista (T.E.A.).<\/span><\/p>\n<p style=\"text-align: justify;\"><span><span style=\"line-height: 1.3em;\"><img class=\" size-full wp-image-1323\" src=\"http:\/\/209.133.219.102\/~newunicas\/blog\/wp-content\/uploads\/2013\/11\/lbel8.jpg\" alt=\"L\u2019Bel se luci\u00f3 como maquillador oficial del Fashion Show 2013 \" title=\"L\u2019Bel se luci\u00f3 como maquillador oficial del Fashion Show 2013 \" width=\"600\" srcset=\"https:\/\/www.unicas.pe\/blog\/wp-content\/uploads\/2013\/11\/lbel8.jpg 650w, https:\/\/www.unicas.pe\/blog\/wp-content\/uploads\/2013\/11\/lbel8-300x228.jpg 300w, https:\/\/www.unicas.pe\/blog\/wp-content\/uploads\/2013\/11\/lbel8-80x60.jpg 80w, https:\/\/www.unicas.pe\/blog\/wp-content\/uploads\/2013\/11\/lbel8-553x420.jpg 553w\" sizes=\"(max-width: 650px) 100vw, 650px\" \/><\/span><\/span><\/p>\n<p style=\"text-align: justify;\"><span>Populares expertos en moda como Karina Gianoni, Marissa Olcese y Guiliana Testino, hermana del famos\u00edsimo fot\u00f3grafo de las celebridades, Mario Testino, presentaron sus m\u00e1s recientes dise\u00f1os y maravillaron al p\u00fablico en el evento ben\u00e9fico.<\/span><\/p>\n<p style=\"text-align: justify;\"><span><span style=\"line-height: 1.3em;\"><img class=\" size-full wp-image-1324\" src=\"http:\/\/209.133.219.102\/~newunicas\/blog\/wp-content\/uploads\/2013\/11\/lbel3.jpg\" alt=\"L\u2019Bel se luci\u00f3 como maquillador oficial del Fashion Show 2013 \" title=\"L\u2019Bel se luci\u00f3 como maquillador oficial del Fashion Show 2013 \" width=\"600\" srcset=\"https:\/\/www.unicas.pe\/blog\/wp-content\/uploads\/2013\/11\/lbel3.jpg 650w, https:\/\/www.unicas.pe\/blog\/wp-content\/uploads\/2013\/11\/lbel3-236x300.jpg 236w, https:\/\/www.unicas.pe\/blog\/wp-content\/uploads\/2013\/11\/lbel3-330x420.jpg 330w\" sizes=\"(max-width: 650px) 100vw, 650px\" \/><\/span><\/span><\/p>\n<p style=\"text-align: justify;\"><span><span style=\"line-height: 1.3em;\"><img class=\" size-full wp-image-1325\" src=\"http:\/\/209.133.219.102\/~newunicas\/blog\/wp-content\/uploads\/2013\/11\/lbel4.jpg\" alt=\"L\u2019Bel se luci\u00f3 como maquillador oficial del Fashion Show 2013 \" title=\"L\u2019Bel se luci\u00f3 como maquillador oficial del Fashion Show 2013 \" width=\"600\" srcset=\"https:\/\/www.unicas.pe\/blog\/wp-content\/uploads\/2013\/11\/lbel4.jpg 650w, https:\/\/www.unicas.pe\/blog\/wp-content\/uploads\/2013\/11\/lbel4-225x300.jpg 225w, https:\/\/www.unicas.pe\/blog\/wp-content\/uploads\/2013\/11\/lbel4-315x420.jpg 315w, https:\/\/www.unicas.pe\/blog\/wp-content\/uploads\/2013\/11\/lbel4-630x840.jpg 630w\" sizes=\"(max-width: 650px) 100vw, 650px\" \/><\/span><\/span><\/p>\n<p style=\"text-align: justify;\"><span><span style=\"line-height: 1.3em;\"><img class=\" size-full wp-image-1326\" src=\"http:\/\/209.133.219.102\/~newunicas\/blog\/wp-content\/uploads\/2013\/11\/lbel5.jpg\" alt=\"L\u2019Bel se luci\u00f3 como maquillador oficial del Fashion Show 2013 \" title=\"L\u2019Bel se luci\u00f3 como maquillador oficial del Fashion Show 2013 \" width=\"600\" srcset=\"https:\/\/www.unicas.pe\/blog\/wp-content\/uploads\/2013\/11\/lbel5.jpg 650w, https:\/\/www.unicas.pe\/blog\/wp-content\/uploads\/2013\/11\/lbel5-225x300.jpg 225w, https:\/\/www.unicas.pe\/blog\/wp-content\/uploads\/2013\/11\/lbel5-315x420.jpg 315w, https:\/\/www.unicas.pe\/blog\/wp-content\/uploads\/2013\/11\/lbel5-630x840.jpg 630w\" sizes=\"(max-width: 650px) 100vw, 650px\" \/><\/span><\/span><\/p>\n<p style=\"text-align: justify;\">L\u2019Bel, por su lado, maquill\u00f3 a las modelos con un estilo sutil pero a la vez elegante y en\u00e9rgico. Los tonos suaves y los delineados delicados fueron lo m\u00e1s resaltante del make up. La marca, especialista en el cuidado de la piel, quiere resaltar la belleza natural de la mujer por ello el maquillaje no es recargado sino m\u00e1s bien suave y atenuado. Paola Zoppi, Jefa de Imagen y Promoci\u00f3n de L\u2019Bel declar\u00f3 \u201cTenemos una l\u00ednea de productos exclusivos para esta temporada, los cuales acompa\u00f1ar\u00e1n a la mujer en su paso por esta estaci\u00f3n de fuerte radiaci\u00f3n donde la protecci\u00f3n y cuidado de la piel no debe ser impedimento para lucir hermosa y natural\u201d<\/p>\n<p style=\"text-align: justify;\"><span><span style=\"line-height: 1.3em;\"><img class=\" size-full wp-image-1327\" src=\"http:\/\/209.133.219.102\/~newunicas\/blog\/wp-content\/uploads\/2013\/11\/lbel2.jpg\" alt=\"L\u2019Bel se luci\u00f3 como maquillador oficial del Fashion Show 2013 \" title=\"L\u2019Bel se luci\u00f3 como maquillador oficial del Fashion Show 2013 \" width=\"600\" srcset=\"https:\/\/www.unicas.pe\/blog\/wp-content\/uploads\/2013\/11\/lbel2.jpg 650w, https:\/\/www.unicas.pe\/blog\/wp-content\/uploads\/2013\/11\/lbel2-210x300.jpg 210w, https:\/\/www.unicas.pe\/blog\/wp-content\/uploads\/2013\/11\/lbel2-294x420.jpg 294w, https:\/\/www.unicas.pe\/blog\/wp-content\/uploads\/2013\/11\/lbel2-588x840.jpg 588w\" sizes=\"(max-width: 650px) 100vw, 650px\" \/><\/span><\/span><\/p>\n<p style=\"text-align: justify;\">El evento fue todo un \u00e9xito con la ayuda de los dise\u00f1adores y Lbel. El resultado fue un espect\u00e1culo de primer nivel. Los ni\u00f1os de la asociaci\u00f3n, igual que en la edici\u00f3n anterior, salieron a desfilar sobre la alfombra roja agregando el toque de ternura que se rob\u00f3 los aplausos de todos los invitados.<\/p>\n<p style=\"text-align: justify;\"><span><span style=\"line-height: 1.3em;\"><img class=\" size-full wp-image-1328\" src=\"http:\/\/209.133.219.102\/~newunicas\/blog\/wp-content\/uploads\/2013\/11\/lbel6.jpg\" alt=\"L\u2019Bel se luci\u00f3 como maquillador oficial del Fashion Show 2013 \" title=\"L\u2019Bel se luci\u00f3 como maquillador oficial del Fashion Show 2013 \" width=\"600\" srcset=\"https:\/\/www.unicas.pe\/blog\/wp-content\/uploads\/2013\/11\/lbel6.jpg 650w, https:\/\/www.unicas.pe\/blog\/wp-content\/uploads\/2013\/11\/lbel6-300x213.jpg 300w, https:\/\/www.unicas.pe\/blog\/wp-content\/uploads\/2013\/11\/lbel6-100x70.jpg 100w, https:\/\/www.unicas.pe\/blog\/wp-content\/uploads\/2013\/11\/lbel6-648x462.jpg 648w, https:\/\/www.unicas.pe\/blog\/wp-content\/uploads\/2013\/11\/lbel6-591x420.jpg 591w\" sizes=\"(max-width: 650px) 100vw, 650px\" \/><\/span><\/span><\/p>\n<p style=\"text-align: justify;\"><span><span style=\"line-height: 1.3em;\"><img class=\" size-full wp-image-1329\" src=\"http:\/\/209.133.219.102\/~newunicas\/blog\/wp-content\/uploads\/2013\/11\/lbel7.jpg\" alt=\"L\u2019Bel se luci\u00f3 como maquillador oficial del Fashion Show 2013 \" title=\"L\u2019Bel se luci\u00f3 como maquillador oficial del Fashion Show 2013 \" width=\"600\" srcset=\"https:\/\/www.unicas.pe\/blog\/wp-content\/uploads\/2013\/11\/lbel7.jpg 650w, https:\/\/www.unicas.pe\/blog\/wp-content\/uploads\/2013\/11\/lbel7-225x300.jpg 225w, https:\/\/www.unicas.pe\/blog\/wp-content\/uploads\/2013\/11\/lbel7-315x420.jpg 315w, https:\/\/www.unicas.pe\/blog\/wp-content\/uploads\/2013\/11\/lbel7-630x840.jpg 630w\" sizes=\"(max-width: 650px) 100vw, 650px\" \/><\/span><\/span><\/p>\n","protected":false},"excerpt":{"rendered":"<p>Prestigiosos dise\u00f1adores peruanos y la marca L\u2019Bel se lucieron en la pasarela en beneficio de \u201cSiempre Amanecer\u201d, una asociaci\u00f3n que brinda apoyo a los ni\u00f1os con autismo. \u00a0<\/p>\n","protected":false},"author":1,"featured_media":1323,"comment_status":"closed","ping_status":"open","sticky":false,"template":"","format":"standard","meta":[],"categories":[26],"tags":[1939,1942,1940,1004,1638,108,1943,1941,1944,578],"yoast_head":"<!-- This site is optimized with the Yoast SEO plugin v16.0.2 - https:\/\/yoast.com\/wordpress\/plugins\/seo\/ -->\n<link rel=\"canonical\" href=\"https:\/\/www.unicas.pe\/blog\/l-bel-maquillador-oficial-fashion-sh\/\" \/>\n<meta property=\"og:locale\" content=\"es_ES\" \/>\n<meta property=\"og:type\" content=\"article\" \/>\n<meta property=\"og:title\" content=\"L\u2019Bel se luci\u00f3 como maquillador oficial del Fashion Show 2013 - Unicas\" \/>\n<meta property=\"og:description\" content=\"Prestigiosos dise\u00f1adores peruanos y la marca L\u2019Bel se lucieron en la pasarela en beneficio de \u201cSiempre Amanecer\u201d, una asociaci\u00f3n que brinda apoyo a los ni\u00f1os con autismo. \u00a0\" \/>\n<meta property=\"og:url\" content=\"https:\/\/www.unicas.pe\/blog\/l-bel-maquillador-oficial-fashion-sh\/\" \/>\n<meta property=\"og:site_name\" content=\"Unicas\" \/>\n<meta property=\"article:published_time\" content=\"2013-11-05T21:21:13+00:00\" \/>\n<meta property=\"article:modified_time\" content=\"2019-01-11T02:37:56+00:00\" \/>\n<meta property=\"og:image\" content=\"https:\/\/www.unicas.pe\/blog\/wp-content\/uploads\/2013\/11\/lbel8.jpg\" \/>\n\t<meta property=\"og:image:width\" content=\"650\" \/>\n\t<meta property=\"og:image:height\" content=\"494\" \/>\n<meta name=\"twitter:card\" content=\"summary_large_image\" \/>\n<meta name=\"twitter:label1\" content=\"Tiempo de lectura\">\n\t<meta name=\"twitter:data1\" content=\"2 minutos\">\n<script type=\"application\/ld+json\" class=\"yoast-schema-graph\">{\"@context\":\"https:\/\/schema.org\",\"@graph\":[{\"@type\":\"WebSite\",\"@id\":\"https:\/\/www.unicas.pe\/blog\/#website\",\"url\":\"https:\/\/www.unicas.pe\/blog\/\",\"name\":\"Unicas\",\"description\":\"Blog sobre belleza, maquillaje, moda, y mucho m\\u00e1s.\",\"potentialAction\":[{\"@type\":\"SearchAction\",\"target\":\"https:\/\/www.unicas.pe\/blog\/?s={search_term_string}\",\"query-input\":\"required name=search_term_string\"}],\"inLanguage\":\"es\"},{\"@type\":\"ImageObject\",\"@id\":\"https:\/\/www.unicas.pe\/blog\/l-bel-maquillador-oficial-fashion-sh\/#primaryimage\",\"inLanguage\":\"es\",\"url\":\"https:\/\/www.unicas.pe\/blog\/wp-content\/uploads\/2013\/11\/lbel8.jpg\",\"width\":650,\"height\":494,\"caption\":\"L\\u2019Bel se luci\\u00f3 como maquillador oficial del Fashion Show 2013\"},{\"@type\":\"WebPage\",\"@id\":\"https:\/\/www.unicas.pe\/blog\/l-bel-maquillador-oficial-fashion-sh\/#webpage\",\"url\":\"https:\/\/www.unicas.pe\/blog\/l-bel-maquillador-oficial-fashion-sh\/\",\"name\":\"L\\u2019Bel se luci\\u00f3 como maquillador oficial del Fashion Show 2013 - Unicas\",\"isPartOf\":{\"@id\":\"https:\/\/www.unicas.pe\/blog\/#website\"},\"primaryImageOfPage\":{\"@id\":\"https:\/\/www.unicas.pe\/blog\/l-bel-maquillador-oficial-fashion-sh\/#primaryimage\"},\"datePublished\":\"2013-11-05T21:21:13+00:00\",\"dateModified\":\"2019-01-11T02:37:56+00:00\",\"author\":{\"@id\":\"https:\/\/www.unicas.pe\/blog\/#\/schema\/person\/60053f595c6d0f3f11ed52a01c961cdb\"},\"breadcrumb\":{\"@id\":\"https:\/\/www.unicas.pe\/blog\/l-bel-maquillador-oficial-fashion-sh\/#breadcrumb\"},\"inLanguage\":\"es\",\"potentialAction\":[{\"@type\":\"ReadAction\",\"target\":[\"https:\/\/www.unicas.pe\/blog\/l-bel-maquillador-oficial-fashion-sh\/\"]}]},{\"@type\":\"BreadcrumbList\",\"@id\":\"https:\/\/www.unicas.pe\/blog\/l-bel-maquillador-oficial-fashion-sh\/#breadcrumb\",\"itemListElement\":[{\"@type\":\"ListItem\",\"position\":1,\"item\":{\"@type\":\"WebPage\",\"@id\":\"https:\/\/www.unicas.pe\/blog\/\",\"url\":\"https:\/\/www.unicas.pe\/blog\/\",\"name\":\"Portada\"}},{\"@type\":\"ListItem\",\"position\":2,\"item\":{\"@type\":\"WebPage\",\"@id\":\"https:\/\/www.unicas.pe\/blog\/l-bel-maquillador-oficial-fashion-sh\/\",\"url\":\"https:\/\/www.unicas.pe\/blog\/l-bel-maquillador-oficial-fashion-sh\/\",\"name\":\"L\\u2019Bel se luci\\u00f3 como maquillador oficial del Fashion Show 2013\"}}]},{\"@type\":\"Person\",\"@id\":\"https:\/\/www.unicas.pe\/blog\/#\/schema\/person\/60053f595c6d0f3f11ed52a01c961cdb\",\"name\":\"Katty Gora\",\"image\":{\"@type\":\"ImageObject\",\"@id\":\"https:\/\/www.unicas.pe\/blog\/#personlogo\",\"inLanguage\":\"es\",\"url\":\"https:\/\/www.unicas.pe\/blog\/wp-content\/uploads\/2019\/01\/168392_1786370415133_366102_n-150x150.jpg\",\"caption\":\"Katty Gora\"},\"description\":\"Katty is a passionate blogger, diving into different subjects like fashion, trends, styles and news and more. Discover the great insight of a true quality blogger!\"}]}<\/script>\n<!-- \/ Yoast SEO plugin. -->","_links":{"self":[{"href":"https:\/\/www.unicas.pe\/blog\/wp-json\/wp\/v2\/posts\/1330"}],"collection":[{"href":"https:\/\/www.unicas.pe\/blog\/wp-json\/wp\/v2\/posts"}],"about":[{"href":"https:\/\/www.unicas.pe\/blog\/wp-json\/wp\/v2\/types\/post"}],"author":[{"embeddable":true,"href":"https:\/\/www.unicas.pe\/blog\/wp-json\/wp\/v2\/users\/1"}],"replies":[{"embeddable":true,"href":"https:\/\/www.unicas.pe\/blog\/wp-json\/wp\/v2\/comments?post=1330"}],"version-history":[{"count":1,"href":"https:\/\/www.unicas.pe\/blog\/wp-json\/wp\/v2\/posts\/1330\/revisions"}],"predecessor-version":[{"id":11184,"href":"https:\/\/www.unicas.pe\/blog\/wp-json\/wp\/v2\/posts\/1330\/revisions\/11184"}],"wp:featuredmedia":[{"embeddable":true,"href":"https:\/\/www.unicas.pe\/blog\/wp-json\/wp\/v2\/media\/1323"}],"wp:attachment":[{"href":"https:\/\/www.unicas.pe\/blog\/wp-json\/wp\/v2\/media?parent=1330"}],"wp:term":[{"taxonomy":"category","embeddable":true,"href":"https:\/\/www.unicas.pe\/blog\/wp-json\/wp\/v2\/categories?post=1330"},{"taxonomy":"post_tag","embeddable":true,"href":"https:\/\/www.unicas.pe\/blog\/wp-json\/wp\/v2\/tags?post=1330"}],"curies":[{"name":"wp","href":"https:\/\/api.w.org\/{rel}","templated":true}]}}