{"id":1389,"date":"2013-11-07T15:39:11","date_gmt":"2013-11-07T20:39:11","guid":{"rendered":"http:\/\/209.133.219.102\/~newunicas\/blog\/2013\/11\/07\/moda-cia-lif-week-13-14-primavera-verano\/"},"modified":"2019-01-10T21:37:55","modified_gmt":"2019-01-11T02:37:55","slug":"moda-cia-lif-week-13-14-primavera-verano","status":"publish","type":"post","link":"https:\/\/www.unicas.pe\/blog\/moda-cia-lif-week-13-14-primavera-verano\/","title":{"rendered":"Moda &#038; C\u00eda LIF Week 13.14 Primavera Verano"},"content":{"rendered":"<p style=\"text-align: justify;\"><strong>Moda &amp; C\u00eda<\/strong>, la prestigiosa marca peruana, mostr\u00f3 su \u00faltima colecci\u00f3n en el LIF Week, para la temporada primavera-verano 2013-2014.<\/p>\n<p>  <!--more-->  <\/p>\n<p style=\"text-align: justify;\"><span style=\"line-height: 1.3em;\">En esta ocasi\u00f3n la marca peruana <\/span><strong style=\"line-height: 1.3em;\">Moda &amp; C\u00eda<\/strong><span style=\"line-height: 1.3em;\"> deslumbr\u00f3 a los asistentes del LIF Week con sus imponentes dise\u00f1os de animal print de distintos colores. Otro de sus atractivos fue la \u201ctela de porcelana\u201d en tonos negros y azules, esto le dio un estilo muy distinguido a su exhibici\u00f3n. Por otro lado, algunos modelos de vestidos en colores ne\u00f3n fueron el centro de la atenci\u00f3n del p\u00fablico asistente. \u00a0<\/span><\/p>\n<p style=\"text-align: justify;\"><strong>Moda &amp; C\u00eda<\/strong> es una empresa con m\u00e1s de 16 a\u00f1os en el mercado de la moda. Ofrece dise\u00f1os para la mujer actual y looks para cualquier hora del d\u00eda.\u00a0<\/p>\n<p style=\"text-align: justify;\">Ent\u00e9rate de las \u00faltimas tendencias de Moda &amp; C\u00eda en nuestra galer\u00eda de fotos.<\/p>\n<p style=\"text-align: justify;\">{oziogallery 839}<\/p>\n","protected":false},"excerpt":{"rendered":"<p>Moda &amp; C\u00eda, la prestigiosa marca peruana, mostr\u00f3 su \u00faltima colecci\u00f3n en el LIF Week, para la temporada primavera-verano 2013-2014.<\/p>\n","protected":false},"author":1,"featured_media":0,"comment_status":"closed","ping_status":"open","sticky":false,"template":"","format":"standard","meta":[],"categories":[26],"tags":[2019,1866,1894,2000,2001,82,2017,2015,2016,83,2018,445,452],"yoast_head":"<!-- This site is optimized with the Yoast SEO plugin v16.0.2 - https:\/\/yoast.com\/wordpress\/plugins\/seo\/ -->\n<link rel=\"canonical\" href=\"https:\/\/www.unicas.pe\/blog\/moda-cia-lif-week-13-14-primavera-verano\/\" \/>\n<meta property=\"og:locale\" content=\"es_ES\" \/>\n<meta property=\"og:type\" content=\"article\" \/>\n<meta property=\"og:title\" content=\"Moda &amp; C\u00eda LIF Week 13.14 Primavera Verano - Unicas\" \/>\n<meta property=\"og:description\" content=\"Moda &amp; C\u00eda, la prestigiosa marca peruana, mostr\u00f3 su \u00faltima colecci\u00f3n en el LIF Week, para la temporada primavera-verano 2013-2014.\" \/>\n<meta property=\"og:url\" content=\"https:\/\/www.unicas.pe\/blog\/moda-cia-lif-week-13-14-primavera-verano\/\" \/>\n<meta property=\"og:site_name\" content=\"Unicas\" \/>\n<meta property=\"article:published_time\" content=\"2013-11-07T20:39:11+00:00\" \/>\n<meta property=\"article:modified_time\" content=\"2019-01-11T02:37:55+00:00\" \/>\n<meta name=\"twitter:card\" content=\"summary_large_image\" \/>\n<meta name=\"twitter:label1\" content=\"Tiempo de lectura\">\n\t<meta name=\"twitter:data1\" content=\"1 minuto\">\n<script type=\"application\/ld+json\" class=\"yoast-schema-graph\">{\"@context\":\"https:\/\/schema.org\",\"@graph\":[{\"@type\":\"WebSite\",\"@id\":\"https:\/\/www.unicas.pe\/blog\/#website\",\"url\":\"https:\/\/www.unicas.pe\/blog\/\",\"name\":\"Unicas\",\"description\":\"Blog sobre belleza, maquillaje, moda, y mucho m\\u00e1s.\",\"potentialAction\":[{\"@type\":\"SearchAction\",\"target\":\"https:\/\/www.unicas.pe\/blog\/?s={search_term_string}\",\"query-input\":\"required name=search_term_string\"}],\"inLanguage\":\"es\"},{\"@type\":\"WebPage\",\"@id\":\"https:\/\/www.unicas.pe\/blog\/moda-cia-lif-week-13-14-primavera-verano\/#webpage\",\"url\":\"https:\/\/www.unicas.pe\/blog\/moda-cia-lif-week-13-14-primavera-verano\/\",\"name\":\"Moda & C\\u00eda LIF Week 13.14 Primavera Verano - Unicas\",\"isPartOf\":{\"@id\":\"https:\/\/www.unicas.pe\/blog\/#website\"},\"datePublished\":\"2013-11-07T20:39:11+00:00\",\"dateModified\":\"2019-01-11T02:37:55+00:00\",\"author\":{\"@id\":\"https:\/\/www.unicas.pe\/blog\/#\/schema\/person\/60053f595c6d0f3f11ed52a01c961cdb\"},\"breadcrumb\":{\"@id\":\"https:\/\/www.unicas.pe\/blog\/moda-cia-lif-week-13-14-primavera-verano\/#breadcrumb\"},\"inLanguage\":\"es\",\"potentialAction\":[{\"@type\":\"ReadAction\",\"target\":[\"https:\/\/www.unicas.pe\/blog\/moda-cia-lif-week-13-14-primavera-verano\/\"]}]},{\"@type\":\"BreadcrumbList\",\"@id\":\"https:\/\/www.unicas.pe\/blog\/moda-cia-lif-week-13-14-primavera-verano\/#breadcrumb\",\"itemListElement\":[{\"@type\":\"ListItem\",\"position\":1,\"item\":{\"@type\":\"WebPage\",\"@id\":\"https:\/\/www.unicas.pe\/blog\/\",\"url\":\"https:\/\/www.unicas.pe\/blog\/\",\"name\":\"Portada\"}},{\"@type\":\"ListItem\",\"position\":2,\"item\":{\"@type\":\"WebPage\",\"@id\":\"https:\/\/www.unicas.pe\/blog\/moda-cia-lif-week-13-14-primavera-verano\/\",\"url\":\"https:\/\/www.unicas.pe\/blog\/moda-cia-lif-week-13-14-primavera-verano\/\",\"name\":\"Moda &#038; C\\u00eda LIF Week 13.14 Primavera Verano\"}}]},{\"@type\":\"Person\",\"@id\":\"https:\/\/www.unicas.pe\/blog\/#\/schema\/person\/60053f595c6d0f3f11ed52a01c961cdb\",\"name\":\"Katty Gora\",\"image\":{\"@type\":\"ImageObject\",\"@id\":\"https:\/\/www.unicas.pe\/blog\/#personlogo\",\"inLanguage\":\"es\",\"url\":\"https:\/\/www.unicas.pe\/blog\/wp-content\/uploads\/2019\/01\/168392_1786370415133_366102_n-150x150.jpg\",\"caption\":\"Katty Gora\"},\"description\":\"Katty is a passionate blogger, diving into different subjects like fashion, trends, styles and news and more. Discover the great insight of a true quality blogger!\"}]}<\/script>\n<!-- \/ Yoast SEO plugin. -->","_links":{"self":[{"href":"https:\/\/www.unicas.pe\/blog\/wp-json\/wp\/v2\/posts\/1389"}],"collection":[{"href":"https:\/\/www.unicas.pe\/blog\/wp-json\/wp\/v2\/posts"}],"about":[{"href":"https:\/\/www.unicas.pe\/blog\/wp-json\/wp\/v2\/types\/post"}],"author":[{"embeddable":true,"href":"https:\/\/www.unicas.pe\/blog\/wp-json\/wp\/v2\/users\/1"}],"replies":[{"embeddable":true,"href":"https:\/\/www.unicas.pe\/blog\/wp-json\/wp\/v2\/comments?post=1389"}],"version-history":[{"count":1,"href":"https:\/\/www.unicas.pe\/blog\/wp-json\/wp\/v2\/posts\/1389\/revisions"}],"predecessor-version":[{"id":11167,"href":"https:\/\/www.unicas.pe\/blog\/wp-json\/wp\/v2\/posts\/1389\/revisions\/11167"}],"wp:attachment":[{"href":"https:\/\/www.unicas.pe\/blog\/wp-json\/wp\/v2\/media?parent=1389"}],"wp:term":[{"taxonomy":"category","embeddable":true,"href":"https:\/\/www.unicas.pe\/blog\/wp-json\/wp\/v2\/categories?post=1389"},{"taxonomy":"post_tag","embeddable":true,"href":"https:\/\/www.unicas.pe\/blog\/wp-json\/wp\/v2\/tags?post=1389"}],"curies":[{"name":"wp","href":"https:\/\/api.w.org\/{rel}","templated":true}]}}