{"id":1413,"date":"2013-11-07T18:06:05","date_gmt":"2013-11-07T23:06:05","guid":{"rendered":"http:\/\/209.133.219.102\/~newunicas\/blog\/2013\/11\/07\/consejos-cuidados-para-verano\/"},"modified":"2019-01-10T21:37:54","modified_gmt":"2019-01-11T02:37:54","slug":"consejos-cuidados-para-verano","status":"publish","type":"post","link":"https:\/\/www.unicas.pe\/blog\/consejos-cuidados-para-verano\/","title":{"rendered":"Consejos para preparar tu cabello para el verano"},"content":{"rendered":"<p style=\"text-align: justify;\">Conoce todo lo tienes que saber sobre los cuidados especiales que debes tener para tu cabello para este <strong>verano<\/strong>.<\/p>\n<p>  <!--more-->  <\/p>\n<p style=\"text-align: justify;\"><span style=\"line-height: 1.3em;\">Muchas esperan el <\/span><strong style=\"line-height: 1.3em;\">verano<\/strong><span style=\"line-height: 1.3em;\"> con ansias, algunas ya est\u00e1n empezando con la operaci\u00f3n bikini, es decir ejercicios intensos todos estos meses y dietas, otras se dedican a comprar ropa para la temporada, pero \u00bfinviertes tiempo y cuidado en tu cabello? El calor en verano logra que se te engrase la cabellera, lo que significa que tendr\u00e1s que lavarlo m\u00e1s seguido y esto lo reseca, pero tambi\u00e9n exponerlo al sol y al cloro de la piscina o la sal del mar, le da a tu cabello un aspecto duro y sin vida.<\/span><\/p>\n<p style=\"text-align: justify;\">Es por ello que tu cabello requiere de ciertos cuidados para disfrutar de este verano sin dejar de lucir una cabellera fuerte y saludable. Para lograrlo sigue los siguientes consejos:<\/p>\n<p style=\"text-align: justify;\"><strong>Reduce el uso de productos<\/strong><\/p>\n<p style=\"text-align: justify;\">Es importante que uses la menor cantidad de productos para que no se te engrase, ya que en esa temporada de verano lavas m\u00e1s seguido tu cabello. Aseg\u00farate de usar el acondicionador s\u00f3lo de la mitad a las puntas (a menos de que lo tengas demasiado reseco).<\/p>\n<p style=\"text-align: justify;\"><strong>No uses secadora, ni plancha<\/strong><\/p>\n<p style=\"text-align: justify;\">Como tu cabello se puede volver fr\u00e1gil en ese tiempo, es mejor evitar la secadora. Si deseas secarlo aprieta tu cabello ligeramente para retirar el exceso de agua y d\u00e9jalo secar al natural, luego peinalo con tus dedos. Lo mismo pasa con la plancha , evita su uso continuo porque podr\u00edas estropear tu cabellera.<\/p>\n<p style=\"text-align: justify;\"><strong>Aceite de coco<\/strong><\/p>\n<p style=\"text-align: justify;\">Este producto lo encuentras en el supermercado o farmacias. Aplica una cucharada de aceite de coco a las puntas de tu cabello una vez por semana as\u00ed lograras evitar que se abran.<\/p>\n<p style=\"text-align: justify;\"><strong>Agua fr\u00eda\u00a0<\/strong><\/p>\n<p style=\"text-align: justify;\">Es dif\u00edcil para muchas usar agua fr\u00eda, pero ignoramos que ayuda a cuidar nuestra cabellera. Lava tu cabello al menos con agua tibia pero evita el agua muy caliente.<\/p>\n<p style=\"text-align: justify;\"><strong>Productos de verano<\/strong><\/p>\n<p style=\"text-align: justify;\"><span style=\"line-height: 1.3em;\">Algunos champ\u00fas ofrecen protecci\u00f3n contra los rayos UV nunca est\u00e1 de m\u00e1s usarlos y proteger nuestro cabello del sol.<\/span><\/p>\n<p>\u00a0<img class=\" size-full wp-image-1412\" src=\"http:\/\/209.133.219.102\/~newunicas\/blog\/wp-content\/uploads\/2013\/11\/complemento-verano003.jpg\" alt=\"Consejos para preparar tu cabello para el verano\" title=\"Consejos para preparar tu cabello para el verano\" width=\"600\" style=\"display: block; margin-left: auto; margin-right: auto;\" srcset=\"https:\/\/www.unicas.pe\/blog\/wp-content\/uploads\/2013\/11\/complemento-verano003.jpg 650w, https:\/\/www.unicas.pe\/blog\/wp-content\/uploads\/2013\/11\/complemento-verano003-300x174.jpg 300w, https:\/\/www.unicas.pe\/blog\/wp-content\/uploads\/2013\/11\/complemento-verano003-648x378.jpg 648w\" sizes=\"(max-width: 650px) 100vw, 650px\" \/><\/p>\n","protected":false},"excerpt":{"rendered":"<p>Conoce todo lo tienes que saber sobre los cuidados especiales que debes tener para tu cabello para este verano.<\/p>\n","protected":false},"author":1,"featured_media":1412,"comment_status":"closed","ping_status":"open","sticky":false,"template":"","format":"standard","meta":[],"categories":[29],"tags":[1666,63,78,1599,1639,1569,1304],"yoast_head":"<!-- This site is optimized with the Yoast SEO plugin v16.0.2 - https:\/\/yoast.com\/wordpress\/plugins\/seo\/ -->\n<link rel=\"canonical\" href=\"https:\/\/www.unicas.pe\/blog\/consejos-cuidados-para-verano\/\" \/>\n<meta property=\"og:locale\" content=\"es_ES\" \/>\n<meta property=\"og:type\" content=\"article\" \/>\n<meta property=\"og:title\" content=\"Consejos para preparar tu cabello para el verano - Unicas\" \/>\n<meta property=\"og:description\" content=\"Conoce todo lo tienes que saber sobre los cuidados especiales que debes tener para tu cabello para este verano.\" \/>\n<meta property=\"og:url\" content=\"https:\/\/www.unicas.pe\/blog\/consejos-cuidados-para-verano\/\" \/>\n<meta property=\"og:site_name\" content=\"Unicas\" \/>\n<meta property=\"article:published_time\" content=\"2013-11-07T23:06:05+00:00\" \/>\n<meta property=\"article:modified_time\" content=\"2019-01-11T02:37:54+00:00\" \/>\n<meta property=\"og:image\" content=\"https:\/\/www.unicas.pe\/blog\/wp-content\/uploads\/2013\/11\/complemento-verano003.jpg\" \/>\n\t<meta property=\"og:image:width\" content=\"650\" \/>\n\t<meta property=\"og:image:height\" content=\"378\" \/>\n<meta name=\"twitter:card\" content=\"summary_large_image\" \/>\n<meta name=\"twitter:label1\" content=\"Tiempo de lectura\">\n\t<meta name=\"twitter:data1\" content=\"2 minutos\">\n<script type=\"application\/ld+json\" class=\"yoast-schema-graph\">{\"@context\":\"https:\/\/schema.org\",\"@graph\":[{\"@type\":\"WebSite\",\"@id\":\"https:\/\/www.unicas.pe\/blog\/#website\",\"url\":\"https:\/\/www.unicas.pe\/blog\/\",\"name\":\"Unicas\",\"description\":\"Blog sobre belleza, maquillaje, moda, y mucho m\\u00e1s.\",\"potentialAction\":[{\"@type\":\"SearchAction\",\"target\":\"https:\/\/www.unicas.pe\/blog\/?s={search_term_string}\",\"query-input\":\"required name=search_term_string\"}],\"inLanguage\":\"es\"},{\"@type\":\"ImageObject\",\"@id\":\"https:\/\/www.unicas.pe\/blog\/consejos-cuidados-para-verano\/#primaryimage\",\"inLanguage\":\"es\",\"url\":\"https:\/\/www.unicas.pe\/blog\/wp-content\/uploads\/2013\/11\/complemento-verano003.jpg\",\"width\":650,\"height\":378,\"caption\":\"Consejos para preparar tu cabello para el verano\"},{\"@type\":\"WebPage\",\"@id\":\"https:\/\/www.unicas.pe\/blog\/consejos-cuidados-para-verano\/#webpage\",\"url\":\"https:\/\/www.unicas.pe\/blog\/consejos-cuidados-para-verano\/\",\"name\":\"Consejos para preparar tu cabello para el verano - Unicas\",\"isPartOf\":{\"@id\":\"https:\/\/www.unicas.pe\/blog\/#website\"},\"primaryImageOfPage\":{\"@id\":\"https:\/\/www.unicas.pe\/blog\/consejos-cuidados-para-verano\/#primaryimage\"},\"datePublished\":\"2013-11-07T23:06:05+00:00\",\"dateModified\":\"2019-01-11T02:37:54+00:00\",\"author\":{\"@id\":\"https:\/\/www.unicas.pe\/blog\/#\/schema\/person\/60053f595c6d0f3f11ed52a01c961cdb\"},\"breadcrumb\":{\"@id\":\"https:\/\/www.unicas.pe\/blog\/consejos-cuidados-para-verano\/#breadcrumb\"},\"inLanguage\":\"es\",\"potentialAction\":[{\"@type\":\"ReadAction\",\"target\":[\"https:\/\/www.unicas.pe\/blog\/consejos-cuidados-para-verano\/\"]}]},{\"@type\":\"BreadcrumbList\",\"@id\":\"https:\/\/www.unicas.pe\/blog\/consejos-cuidados-para-verano\/#breadcrumb\",\"itemListElement\":[{\"@type\":\"ListItem\",\"position\":1,\"item\":{\"@type\":\"WebPage\",\"@id\":\"https:\/\/www.unicas.pe\/blog\/\",\"url\":\"https:\/\/www.unicas.pe\/blog\/\",\"name\":\"Portada\"}},{\"@type\":\"ListItem\",\"position\":2,\"item\":{\"@type\":\"WebPage\",\"@id\":\"https:\/\/www.unicas.pe\/blog\/consejos-cuidados-para-verano\/\",\"url\":\"https:\/\/www.unicas.pe\/blog\/consejos-cuidados-para-verano\/\",\"name\":\"Consejos para preparar tu cabello para el verano\"}}]},{\"@type\":\"Person\",\"@id\":\"https:\/\/www.unicas.pe\/blog\/#\/schema\/person\/60053f595c6d0f3f11ed52a01c961cdb\",\"name\":\"Katty Gora\",\"image\":{\"@type\":\"ImageObject\",\"@id\":\"https:\/\/www.unicas.pe\/blog\/#personlogo\",\"inLanguage\":\"es\",\"url\":\"https:\/\/www.unicas.pe\/blog\/wp-content\/uploads\/2019\/01\/168392_1786370415133_366102_n-150x150.jpg\",\"caption\":\"Katty Gora\"},\"description\":\"Katty is a passionate blogger, diving into different subjects like fashion, trends, styles and news and more. Discover the great insight of a true quality blogger!\"}]}<\/script>\n<!-- \/ Yoast SEO plugin. -->","_links":{"self":[{"href":"https:\/\/www.unicas.pe\/blog\/wp-json\/wp\/v2\/posts\/1413"}],"collection":[{"href":"https:\/\/www.unicas.pe\/blog\/wp-json\/wp\/v2\/posts"}],"about":[{"href":"https:\/\/www.unicas.pe\/blog\/wp-json\/wp\/v2\/types\/post"}],"author":[{"embeddable":true,"href":"https:\/\/www.unicas.pe\/blog\/wp-json\/wp\/v2\/users\/1"}],"replies":[{"embeddable":true,"href":"https:\/\/www.unicas.pe\/blog\/wp-json\/wp\/v2\/comments?post=1413"}],"version-history":[{"count":1,"href":"https:\/\/www.unicas.pe\/blog\/wp-json\/wp\/v2\/posts\/1413\/revisions"}],"predecessor-version":[{"id":11163,"href":"https:\/\/www.unicas.pe\/blog\/wp-json\/wp\/v2\/posts\/1413\/revisions\/11163"}],"wp:featuredmedia":[{"embeddable":true,"href":"https:\/\/www.unicas.pe\/blog\/wp-json\/wp\/v2\/media\/1412"}],"wp:attachment":[{"href":"https:\/\/www.unicas.pe\/blog\/wp-json\/wp\/v2\/media?parent=1413"}],"wp:term":[{"taxonomy":"category","embeddable":true,"href":"https:\/\/www.unicas.pe\/blog\/wp-json\/wp\/v2\/categories?post=1413"},{"taxonomy":"post_tag","embeddable":true,"href":"https:\/\/www.unicas.pe\/blog\/wp-json\/wp\/v2\/tags?post=1413"}],"curies":[{"name":"wp","href":"https:\/\/api.w.org\/{rel}","templated":true}]}}