{"id":1451,"date":"2013-11-08T19:03:34","date_gmt":"2013-11-09T00:03:34","guid":{"rendered":"http:\/\/209.133.219.102\/~newunicas\/blog\/2013\/11\/08\/sitka-semsch-lif-week\/"},"modified":"2019-01-10T21:37:53","modified_gmt":"2019-01-11T02:37:53","slug":"sitka-semsch-lif-week","status":"publish","type":"post","link":"https:\/\/www.unicas.pe\/blog\/sitka-semsch-lif-week\/","title":{"rendered":"Sitka Semsch LIF Week 13.14 Primavera Verano"},"content":{"rendered":"<p style=\"text-align: justify;\"><strong>Sitka Semsch<\/strong>, dise\u00f1adora peruana de alta trayectoria internacional, se luci\u00f3 sobre la pasarela mostrando su \u00faltima colecci\u00f3n para la temporada que se nos avecina.<\/p>\n<p>  <!--more-->  <\/p>\n<p style=\"text-align: justify;\"><span style=\"line-height: 1.3em;\">Vestidos largos y cortos, faldas y shorts irregulares y blusas sueltas y muy elegantes fue lo que m\u00e1s resalt\u00f3 de su nuevo trabajo. Los colores que primaron fueron todas las variaciones de nude, negro, blanco y plomos, tonos muy frescos para el verano. Las prendas estuvieron llenas de aplicaciones como brillos, transparencias y muchos encajes. Los estampados fueron con motivos floreados muy acordes a la nueva temporada. Todo un espect\u00e1culo de elegancia.<\/span><\/p>\n<p style=\"text-align: justify;\">No te pierdas lo nuevo de <strong>Sitka Semsch<\/strong> en nuestra galer\u00eda de fotos.<\/p>\n<p style=\"text-align: justify;\">\u00a0{oziogallery 848}<\/p>\n","protected":false},"excerpt":{"rendered":"<p>Sitka Semsch, dise\u00f1adora peruana de alta trayectoria internacional, se luci\u00f3 sobre la pasarela mostrando su \u00faltima colecci\u00f3n para la temporada que se nos avecina.<\/p>\n","protected":false},"author":1,"featured_media":0,"comment_status":"closed","ping_status":"open","sticky":false,"template":"","format":"standard","meta":[],"categories":[26],"tags":[425,1081,1552,119,2000,2001,82,2053,83,1976,2139,445,2004,452],"yoast_head":"<!-- This site is optimized with the Yoast SEO plugin v16.0.2 - https:\/\/yoast.com\/wordpress\/plugins\/seo\/ -->\n<link rel=\"canonical\" href=\"https:\/\/www.unicas.pe\/blog\/sitka-semsch-lif-week\/\" \/>\n<meta property=\"og:locale\" content=\"es_ES\" \/>\n<meta property=\"og:type\" content=\"article\" \/>\n<meta property=\"og:title\" content=\"Sitka Semsch LIF Week 13.14 Primavera Verano - Unicas\" \/>\n<meta property=\"og:description\" content=\"Sitka Semsch, dise\u00f1adora peruana de alta trayectoria internacional, se luci\u00f3 sobre la pasarela mostrando su \u00faltima colecci\u00f3n para la temporada que se nos avecina.\" \/>\n<meta property=\"og:url\" content=\"https:\/\/www.unicas.pe\/blog\/sitka-semsch-lif-week\/\" \/>\n<meta property=\"og:site_name\" content=\"Unicas\" \/>\n<meta property=\"article:published_time\" content=\"2013-11-09T00:03:34+00:00\" \/>\n<meta property=\"article:modified_time\" content=\"2019-01-11T02:37:53+00:00\" \/>\n<meta name=\"twitter:card\" content=\"summary_large_image\" \/>\n<meta name=\"twitter:label1\" content=\"Tiempo de lectura\">\n\t<meta name=\"twitter:data1\" content=\"1 minuto\">\n<script type=\"application\/ld+json\" class=\"yoast-schema-graph\">{\"@context\":\"https:\/\/schema.org\",\"@graph\":[{\"@type\":\"WebSite\",\"@id\":\"https:\/\/www.unicas.pe\/blog\/#website\",\"url\":\"https:\/\/www.unicas.pe\/blog\/\",\"name\":\"Unicas\",\"description\":\"Blog sobre belleza, maquillaje, moda, y mucho m\\u00e1s.\",\"potentialAction\":[{\"@type\":\"SearchAction\",\"target\":\"https:\/\/www.unicas.pe\/blog\/?s={search_term_string}\",\"query-input\":\"required name=search_term_string\"}],\"inLanguage\":\"es\"},{\"@type\":\"WebPage\",\"@id\":\"https:\/\/www.unicas.pe\/blog\/sitka-semsch-lif-week\/#webpage\",\"url\":\"https:\/\/www.unicas.pe\/blog\/sitka-semsch-lif-week\/\",\"name\":\"Sitka Semsch LIF Week 13.14 Primavera Verano - Unicas\",\"isPartOf\":{\"@id\":\"https:\/\/www.unicas.pe\/blog\/#website\"},\"datePublished\":\"2013-11-09T00:03:34+00:00\",\"dateModified\":\"2019-01-11T02:37:53+00:00\",\"author\":{\"@id\":\"https:\/\/www.unicas.pe\/blog\/#\/schema\/person\/60053f595c6d0f3f11ed52a01c961cdb\"},\"breadcrumb\":{\"@id\":\"https:\/\/www.unicas.pe\/blog\/sitka-semsch-lif-week\/#breadcrumb\"},\"inLanguage\":\"es\",\"potentialAction\":[{\"@type\":\"ReadAction\",\"target\":[\"https:\/\/www.unicas.pe\/blog\/sitka-semsch-lif-week\/\"]}]},{\"@type\":\"BreadcrumbList\",\"@id\":\"https:\/\/www.unicas.pe\/blog\/sitka-semsch-lif-week\/#breadcrumb\",\"itemListElement\":[{\"@type\":\"ListItem\",\"position\":1,\"item\":{\"@type\":\"WebPage\",\"@id\":\"https:\/\/www.unicas.pe\/blog\/\",\"url\":\"https:\/\/www.unicas.pe\/blog\/\",\"name\":\"Portada\"}},{\"@type\":\"ListItem\",\"position\":2,\"item\":{\"@type\":\"WebPage\",\"@id\":\"https:\/\/www.unicas.pe\/blog\/sitka-semsch-lif-week\/\",\"url\":\"https:\/\/www.unicas.pe\/blog\/sitka-semsch-lif-week\/\",\"name\":\"Sitka Semsch LIF Week 13.14 Primavera Verano\"}}]},{\"@type\":\"Person\",\"@id\":\"https:\/\/www.unicas.pe\/blog\/#\/schema\/person\/60053f595c6d0f3f11ed52a01c961cdb\",\"name\":\"Katty Gora\",\"image\":{\"@type\":\"ImageObject\",\"@id\":\"https:\/\/www.unicas.pe\/blog\/#personlogo\",\"inLanguage\":\"es\",\"url\":\"https:\/\/www.unicas.pe\/blog\/wp-content\/uploads\/2019\/01\/168392_1786370415133_366102_n-150x150.jpg\",\"caption\":\"Katty Gora\"},\"description\":\"Katty is a passionate blogger, diving into different subjects like fashion, trends, styles and news and more. Discover the great insight of a true quality blogger!\"}]}<\/script>\n<!-- \/ Yoast SEO plugin. -->","_links":{"self":[{"href":"https:\/\/www.unicas.pe\/blog\/wp-json\/wp\/v2\/posts\/1451"}],"collection":[{"href":"https:\/\/www.unicas.pe\/blog\/wp-json\/wp\/v2\/posts"}],"about":[{"href":"https:\/\/www.unicas.pe\/blog\/wp-json\/wp\/v2\/types\/post"}],"author":[{"embeddable":true,"href":"https:\/\/www.unicas.pe\/blog\/wp-json\/wp\/v2\/users\/1"}],"replies":[{"embeddable":true,"href":"https:\/\/www.unicas.pe\/blog\/wp-json\/wp\/v2\/comments?post=1451"}],"version-history":[{"count":1,"href":"https:\/\/www.unicas.pe\/blog\/wp-json\/wp\/v2\/posts\/1451\/revisions"}],"predecessor-version":[{"id":11145,"href":"https:\/\/www.unicas.pe\/blog\/wp-json\/wp\/v2\/posts\/1451\/revisions\/11145"}],"wp:attachment":[{"href":"https:\/\/www.unicas.pe\/blog\/wp-json\/wp\/v2\/media?parent=1451"}],"wp:term":[{"taxonomy":"category","embeddable":true,"href":"https:\/\/www.unicas.pe\/blog\/wp-json\/wp\/v2\/categories?post=1451"},{"taxonomy":"post_tag","embeddable":true,"href":"https:\/\/www.unicas.pe\/blog\/wp-json\/wp\/v2\/tags?post=1451"}],"curies":[{"name":"wp","href":"https:\/\/api.w.org\/{rel}","templated":true}]}}