{"id":1454,"date":"2013-11-08T20:03:12","date_gmt":"2013-11-09T01:03:12","guid":{"rendered":"http:\/\/209.133.219.102\/~newunicas\/blog\/2013\/11\/08\/noe-bernacelli-lif-week\/"},"modified":"2019-01-10T21:37:53","modified_gmt":"2019-01-11T02:37:53","slug":"noe-bernacelli-lif-week","status":"publish","type":"post","link":"https:\/\/www.unicas.pe\/blog\/noe-bernacelli-lif-week\/","title":{"rendered":"Noe Bernacelli LIF Week 13.14 Primavera Verano"},"content":{"rendered":"<p><strong>Noe Bernacelli<\/strong> dej\u00f3 a un lado su estilo para ocasiones exclusivas y present\u00f3 una colecci\u00f3n m\u00e1s casual. El dise\u00f1ador debut\u00f3 el pasado jueves con su l\u00ednea masculina.<\/p>\n<p>  <!--more-->  <\/p>\n<p>Vestidos largos, de coctel, faldas y sastres fue lo que present\u00f3 <strong>Noe Bernacelli<\/strong> en su paso por el LIF Week. Lo m\u00e1s vistoso de su colecci\u00f3n fueron las faldas largas, con mucho vuelo, pliegues y transparencias. Tambi\u00e9n se vieron algunas aplicaciones con flecos en las mangas y en la basta de las faldas. Los accesorios m\u00e1s utilizados fueron las correas que complementaban perfectamente a los vestidos. Las transparencias con encajes y brillos fueron muy populares y le dieron un toque muy femenino a la colecci\u00f3n.\u00a0<\/p>\n<p><span style=\"line-height: 1.3em;\">Finalmente, en cuanto a los colores los tonos nude claros, el blanco, palo rosa, menta y el tono fuerte de la noche, el rojo, fueron los que se utilizaron en la paleta de esta inusual colecci\u00f3n de <strong>Bernacelli<\/strong>.<\/span><\/p>\n<p><span style=\"line-height: 1.3em;\">No dejes de ver lo nuevo de <strong>Noe Bernacelli<\/strong> en nuestra galer\u00eda de fotos.<\/span><\/p>\n<p><span style=\"line-height: 1.3em;\">{oziogallery 851}<\/span><\/p>\n","protected":false},"excerpt":{"rendered":"<p>Noe Bernacelli dej\u00f3 a un lado su estilo para ocasiones exclusivas y present\u00f3 una colecci\u00f3n m\u00e1s casual. El dise\u00f1ador debut\u00f3 el pasado jueves con su l\u00ednea masculina.<\/p>\n","protected":false},"author":1,"featured_media":0,"comment_status":"closed","ping_status":"open","sticky":false,"template":"","format":"standard","meta":[],"categories":[26],"tags":[2153,2152,119,2000,2001,82,2149,1018,2053,83,2151,445,2004,2150,2055],"yoast_head":"<!-- This site is optimized with the Yoast SEO plugin v16.0.2 - https:\/\/yoast.com\/wordpress\/plugins\/seo\/ -->\n<link rel=\"canonical\" href=\"https:\/\/www.unicas.pe\/blog\/noe-bernacelli-lif-week\/\" \/>\n<meta property=\"og:locale\" content=\"es_ES\" \/>\n<meta property=\"og:type\" content=\"article\" \/>\n<meta property=\"og:title\" content=\"Noe Bernacelli LIF Week 13.14 Primavera Verano - Unicas\" \/>\n<meta property=\"og:description\" content=\"Noe Bernacelli dej\u00f3 a un lado su estilo para ocasiones exclusivas y present\u00f3 una colecci\u00f3n m\u00e1s casual. El dise\u00f1ador debut\u00f3 el pasado jueves con su l\u00ednea masculina.\" \/>\n<meta property=\"og:url\" content=\"https:\/\/www.unicas.pe\/blog\/noe-bernacelli-lif-week\/\" \/>\n<meta property=\"og:site_name\" content=\"Unicas\" \/>\n<meta property=\"article:published_time\" content=\"2013-11-09T01:03:12+00:00\" \/>\n<meta property=\"article:modified_time\" content=\"2019-01-11T02:37:53+00:00\" \/>\n<meta name=\"twitter:card\" content=\"summary_large_image\" \/>\n<meta name=\"twitter:label1\" content=\"Tiempo de lectura\">\n\t<meta name=\"twitter:data1\" content=\"1 minuto\">\n<script type=\"application\/ld+json\" class=\"yoast-schema-graph\">{\"@context\":\"https:\/\/schema.org\",\"@graph\":[{\"@type\":\"WebSite\",\"@id\":\"https:\/\/www.unicas.pe\/blog\/#website\",\"url\":\"https:\/\/www.unicas.pe\/blog\/\",\"name\":\"Unicas\",\"description\":\"Blog sobre belleza, maquillaje, moda, y mucho m\\u00e1s.\",\"potentialAction\":[{\"@type\":\"SearchAction\",\"target\":\"https:\/\/www.unicas.pe\/blog\/?s={search_term_string}\",\"query-input\":\"required name=search_term_string\"}],\"inLanguage\":\"es\"},{\"@type\":\"WebPage\",\"@id\":\"https:\/\/www.unicas.pe\/blog\/noe-bernacelli-lif-week\/#webpage\",\"url\":\"https:\/\/www.unicas.pe\/blog\/noe-bernacelli-lif-week\/\",\"name\":\"Noe Bernacelli LIF Week 13.14 Primavera Verano - Unicas\",\"isPartOf\":{\"@id\":\"https:\/\/www.unicas.pe\/blog\/#website\"},\"datePublished\":\"2013-11-09T01:03:12+00:00\",\"dateModified\":\"2019-01-11T02:37:53+00:00\",\"author\":{\"@id\":\"https:\/\/www.unicas.pe\/blog\/#\/schema\/person\/60053f595c6d0f3f11ed52a01c961cdb\"},\"breadcrumb\":{\"@id\":\"https:\/\/www.unicas.pe\/blog\/noe-bernacelli-lif-week\/#breadcrumb\"},\"inLanguage\":\"es\",\"potentialAction\":[{\"@type\":\"ReadAction\",\"target\":[\"https:\/\/www.unicas.pe\/blog\/noe-bernacelli-lif-week\/\"]}]},{\"@type\":\"BreadcrumbList\",\"@id\":\"https:\/\/www.unicas.pe\/blog\/noe-bernacelli-lif-week\/#breadcrumb\",\"itemListElement\":[{\"@type\":\"ListItem\",\"position\":1,\"item\":{\"@type\":\"WebPage\",\"@id\":\"https:\/\/www.unicas.pe\/blog\/\",\"url\":\"https:\/\/www.unicas.pe\/blog\/\",\"name\":\"Portada\"}},{\"@type\":\"ListItem\",\"position\":2,\"item\":{\"@type\":\"WebPage\",\"@id\":\"https:\/\/www.unicas.pe\/blog\/noe-bernacelli-lif-week\/\",\"url\":\"https:\/\/www.unicas.pe\/blog\/noe-bernacelli-lif-week\/\",\"name\":\"Noe Bernacelli LIF Week 13.14 Primavera Verano\"}}]},{\"@type\":\"Person\",\"@id\":\"https:\/\/www.unicas.pe\/blog\/#\/schema\/person\/60053f595c6d0f3f11ed52a01c961cdb\",\"name\":\"Katty Gora\",\"image\":{\"@type\":\"ImageObject\",\"@id\":\"https:\/\/www.unicas.pe\/blog\/#personlogo\",\"inLanguage\":\"es\",\"url\":\"https:\/\/www.unicas.pe\/blog\/wp-content\/uploads\/2019\/01\/168392_1786370415133_366102_n-150x150.jpg\",\"caption\":\"Katty Gora\"},\"description\":\"Katty is a passionate blogger, diving into different subjects like fashion, trends, styles and news and more. Discover the great insight of a true quality blogger!\"}]}<\/script>\n<!-- \/ Yoast SEO plugin. -->","_links":{"self":[{"href":"https:\/\/www.unicas.pe\/blog\/wp-json\/wp\/v2\/posts\/1454"}],"collection":[{"href":"https:\/\/www.unicas.pe\/blog\/wp-json\/wp\/v2\/posts"}],"about":[{"href":"https:\/\/www.unicas.pe\/blog\/wp-json\/wp\/v2\/types\/post"}],"author":[{"embeddable":true,"href":"https:\/\/www.unicas.pe\/blog\/wp-json\/wp\/v2\/users\/1"}],"replies":[{"embeddable":true,"href":"https:\/\/www.unicas.pe\/blog\/wp-json\/wp\/v2\/comments?post=1454"}],"version-history":[{"count":1,"href":"https:\/\/www.unicas.pe\/blog\/wp-json\/wp\/v2\/posts\/1454\/revisions"}],"predecessor-version":[{"id":11142,"href":"https:\/\/www.unicas.pe\/blog\/wp-json\/wp\/v2\/posts\/1454\/revisions\/11142"}],"wp:attachment":[{"href":"https:\/\/www.unicas.pe\/blog\/wp-json\/wp\/v2\/media?parent=1454"}],"wp:term":[{"taxonomy":"category","embeddable":true,"href":"https:\/\/www.unicas.pe\/blog\/wp-json\/wp\/v2\/categories?post=1454"},{"taxonomy":"post_tag","embeddable":true,"href":"https:\/\/www.unicas.pe\/blog\/wp-json\/wp\/v2\/tags?post=1454"}],"curies":[{"name":"wp","href":"https:\/\/api.w.org\/{rel}","templated":true}]}}