{"id":1462,"date":"2013-11-11T15:52:57","date_gmt":"2013-11-11T20:52:57","guid":{"rendered":"http:\/\/209.133.219.102\/~newunicas\/blog\/2013\/11\/11\/edward-venero-lif-week\/"},"modified":"2019-01-10T21:37:52","modified_gmt":"2019-01-11T02:37:52","slug":"edward-venero-lif-week","status":"publish","type":"post","link":"https:\/\/www.unicas.pe\/blog\/edward-venero-lif-week\/","title":{"rendered":"Edward Venero LIF Week 13.14 Primavera Verano"},"content":{"rendered":"<p><strong>Edward Venero<\/strong> tom\u00f3 como inspiraci\u00f3n la cultura peruana y las ideas libertarias de nuestros h\u00e9roes patrios. La colecci\u00f3n se denomin\u00f3 \u201cEl sue\u00f1o de San Mart\u00edn\u201d.<\/p>\n<p>  <!--more-->  <\/p>\n<p><strong>Edward Venero<\/strong> es un artista muy conceptual, es as\u00ed que su colecci\u00f3n tuvo ideas muy precisas y significativas, sobre todo, para el colectivo peruano. La frase m\u00e1s popular de su nuevo trabajo fue \u201cSomos Libres\u201d. Se pudo apreciar en los lentes que luc\u00edan los modelos, adem\u00e1s de las toallas que usaron para descubrirse y mostrar la nueva l\u00ednea de ropa interior que ofrece el artista. Adem\u00e1s de estos accesorios, tambi\u00e9n se mostr\u00f3 el mapa del Per\u00fa en collares y el escudo nacional en corbatas, gafas de sol y correas. Los flamencos, por otro lado, fueron otro s\u00edmbolo que se imprimi\u00f3 en su nueva colecci\u00f3n. Los polos m\u00e1s populares fueron una mezcla \u00a0de cultura pop y cultura peruana.<\/p>\n<p>{oziogallery 852}<\/p>\n","protected":false},"excerpt":{"rendered":"<p>Edward Venero tom\u00f3 como inspiraci\u00f3n la cultura peruana y las ideas libertarias de nuestros h\u00e9roes patrios. La colecci\u00f3n se denomin\u00f3 \u201cEl sue\u00f1o de San Mart\u00edn\u201d.<\/p>\n","protected":false},"author":1,"featured_media":0,"comment_status":"closed","ping_status":"open","sticky":false,"template":"","format":"standard","meta":[],"categories":[26],"tags":[2165,2164,2000,2001,82,291,2053,83,2142,445],"yoast_head":"<!-- This site is optimized with the Yoast SEO plugin v16.0.2 - https:\/\/yoast.com\/wordpress\/plugins\/seo\/ -->\n<link rel=\"canonical\" href=\"https:\/\/www.unicas.pe\/blog\/edward-venero-lif-week\/\" \/>\n<meta property=\"og:locale\" content=\"es_ES\" \/>\n<meta property=\"og:type\" content=\"article\" \/>\n<meta property=\"og:title\" content=\"Edward Venero LIF Week 13.14 Primavera Verano - Unicas\" \/>\n<meta property=\"og:description\" content=\"Edward Venero tom\u00f3 como inspiraci\u00f3n la cultura peruana y las ideas libertarias de nuestros h\u00e9roes patrios. La colecci\u00f3n se denomin\u00f3 \u201cEl sue\u00f1o de San Mart\u00edn\u201d.\" \/>\n<meta property=\"og:url\" content=\"https:\/\/www.unicas.pe\/blog\/edward-venero-lif-week\/\" \/>\n<meta property=\"og:site_name\" content=\"Unicas\" \/>\n<meta property=\"article:published_time\" content=\"2013-11-11T20:52:57+00:00\" \/>\n<meta property=\"article:modified_time\" content=\"2019-01-11T02:37:52+00:00\" \/>\n<meta name=\"twitter:card\" content=\"summary_large_image\" \/>\n<meta name=\"twitter:label1\" content=\"Tiempo de lectura\">\n\t<meta name=\"twitter:data1\" content=\"1 minuto\">\n<script type=\"application\/ld+json\" class=\"yoast-schema-graph\">{\"@context\":\"https:\/\/schema.org\",\"@graph\":[{\"@type\":\"WebSite\",\"@id\":\"https:\/\/www.unicas.pe\/blog\/#website\",\"url\":\"https:\/\/www.unicas.pe\/blog\/\",\"name\":\"Unicas\",\"description\":\"Blog sobre belleza, maquillaje, moda, y mucho m\\u00e1s.\",\"potentialAction\":[{\"@type\":\"SearchAction\",\"target\":\"https:\/\/www.unicas.pe\/blog\/?s={search_term_string}\",\"query-input\":\"required name=search_term_string\"}],\"inLanguage\":\"es\"},{\"@type\":\"WebPage\",\"@id\":\"https:\/\/www.unicas.pe\/blog\/edward-venero-lif-week\/#webpage\",\"url\":\"https:\/\/www.unicas.pe\/blog\/edward-venero-lif-week\/\",\"name\":\"Edward Venero LIF Week 13.14 Primavera Verano - Unicas\",\"isPartOf\":{\"@id\":\"https:\/\/www.unicas.pe\/blog\/#website\"},\"datePublished\":\"2013-11-11T20:52:57+00:00\",\"dateModified\":\"2019-01-11T02:37:52+00:00\",\"author\":{\"@id\":\"https:\/\/www.unicas.pe\/blog\/#\/schema\/person\/60053f595c6d0f3f11ed52a01c961cdb\"},\"breadcrumb\":{\"@id\":\"https:\/\/www.unicas.pe\/blog\/edward-venero-lif-week\/#breadcrumb\"},\"inLanguage\":\"es\",\"potentialAction\":[{\"@type\":\"ReadAction\",\"target\":[\"https:\/\/www.unicas.pe\/blog\/edward-venero-lif-week\/\"]}]},{\"@type\":\"BreadcrumbList\",\"@id\":\"https:\/\/www.unicas.pe\/blog\/edward-venero-lif-week\/#breadcrumb\",\"itemListElement\":[{\"@type\":\"ListItem\",\"position\":1,\"item\":{\"@type\":\"WebPage\",\"@id\":\"https:\/\/www.unicas.pe\/blog\/\",\"url\":\"https:\/\/www.unicas.pe\/blog\/\",\"name\":\"Portada\"}},{\"@type\":\"ListItem\",\"position\":2,\"item\":{\"@type\":\"WebPage\",\"@id\":\"https:\/\/www.unicas.pe\/blog\/edward-venero-lif-week\/\",\"url\":\"https:\/\/www.unicas.pe\/blog\/edward-venero-lif-week\/\",\"name\":\"Edward Venero LIF Week 13.14 Primavera Verano\"}}]},{\"@type\":\"Person\",\"@id\":\"https:\/\/www.unicas.pe\/blog\/#\/schema\/person\/60053f595c6d0f3f11ed52a01c961cdb\",\"name\":\"Katty Gora\",\"image\":{\"@type\":\"ImageObject\",\"@id\":\"https:\/\/www.unicas.pe\/blog\/#personlogo\",\"inLanguage\":\"es\",\"url\":\"https:\/\/www.unicas.pe\/blog\/wp-content\/uploads\/2019\/01\/168392_1786370415133_366102_n-150x150.jpg\",\"caption\":\"Katty Gora\"},\"description\":\"Katty is a passionate blogger, diving into different subjects like fashion, trends, styles and news and more. Discover the great insight of a true quality blogger!\"}]}<\/script>\n<!-- \/ Yoast SEO plugin. -->","_links":{"self":[{"href":"https:\/\/www.unicas.pe\/blog\/wp-json\/wp\/v2\/posts\/1462"}],"collection":[{"href":"https:\/\/www.unicas.pe\/blog\/wp-json\/wp\/v2\/posts"}],"about":[{"href":"https:\/\/www.unicas.pe\/blog\/wp-json\/wp\/v2\/types\/post"}],"author":[{"embeddable":true,"href":"https:\/\/www.unicas.pe\/blog\/wp-json\/wp\/v2\/users\/1"}],"replies":[{"embeddable":true,"href":"https:\/\/www.unicas.pe\/blog\/wp-json\/wp\/v2\/comments?post=1462"}],"version-history":[{"count":1,"href":"https:\/\/www.unicas.pe\/blog\/wp-json\/wp\/v2\/posts\/1462\/revisions"}],"predecessor-version":[{"id":11138,"href":"https:\/\/www.unicas.pe\/blog\/wp-json\/wp\/v2\/posts\/1462\/revisions\/11138"}],"wp:attachment":[{"href":"https:\/\/www.unicas.pe\/blog\/wp-json\/wp\/v2\/media?parent=1462"}],"wp:term":[{"taxonomy":"category","embeddable":true,"href":"https:\/\/www.unicas.pe\/blog\/wp-json\/wp\/v2\/categories?post=1462"},{"taxonomy":"post_tag","embeddable":true,"href":"https:\/\/www.unicas.pe\/blog\/wp-json\/wp\/v2\/tags?post=1462"}],"curies":[{"name":"wp","href":"https:\/\/api.w.org\/{rel}","templated":true}]}}