{"id":1463,"date":"2013-11-11T17:03:25","date_gmt":"2013-11-11T22:03:25","guid":{"rendered":"http:\/\/209.133.219.102\/~newunicas\/blog\/2013\/11\/11\/el-closet-de-mi-hermana-lif-week\/"},"modified":"2019-01-10T21:37:52","modified_gmt":"2019-01-11T02:37:52","slug":"el-closet-de-mi-hermana-lif-week","status":"publish","type":"post","link":"https:\/\/www.unicas.pe\/blog\/el-closet-de-mi-hermana-lif-week\/","title":{"rendered":"El cl\u00f3set de mi hermana LIF Week 13.14 Primavera Verano"},"content":{"rendered":"<p style=\"text-align: justify;\"><strong>El cl\u00f3set de mi hermana<\/strong> present\u00f3 su nueva colecci\u00f3n por primera vez en el <strong>LIF Week<\/strong>. \u201cUn d\u00eda en la vida\u201d se basa en la rutina diaria de todas las mujeres modernas.\u00a0<\/p>\n<p>  <!--more-->  <\/p>\n<p style=\"text-align: justify;\"><strong>El cl\u00f3set de mi hermana<\/strong> es la empresa de las hermanas Bertello. Ambas escogieron como tem\u00e1tica el d\u00eda a d\u00eda de todas las mujeres pasando por almuerzos, reuniones y fiestas, entre otros eventos cotidianos. No hay ninguna pieza estrafalaria que nunca nos pondr\u00edamos, todas son prendas que pueden ir acorde a nuestras actividades rutinarias.\u00a0<\/p>\n<p style=\"text-align: justify;\">La colecci\u00f3n tuvo como colores base el blanco, dorado y los tonos en arena. Los vestidos cortos con transparencias y encajes fueron muy aplaudidos, adem\u00e1s de las faldas cortas en A y las faldas largas al tubo. La tendencia de black and white tambi\u00e9n se utiliz\u00f3 en bustiers y transparencias. Por \u00faltimo, los tejidos en hilo, muy populares en el verano, tambi\u00e9n marcaron tendencia en su colecci\u00f3n. \u00a0\u00a0<\/p>\n<p style=\"text-align: justify;\">\u00a0No dejes de ver la nueva colecci\u00f3n de <strong>El cl\u00f3set de mi hermana<\/strong> en nuestra galer\u00eda de fotos.<\/p>\n<p style=\"text-align: justify;\">{oziogallery 853}<\/p>\n","protected":false},"excerpt":{"rendered":"<p>El cl\u00f3set de mi hermana present\u00f3 su nueva colecci\u00f3n por primera vez en el LIF Week. \u201cUn d\u00eda en la vida\u201d se basa en la rutina diaria de todas las mujeres modernas.\u00a0<\/p>\n","protected":false},"author":1,"featured_media":0,"comment_status":"closed","ping_status":"open","sticky":false,"template":"","format":"standard","meta":[],"categories":[26],"tags":[2005,2167,2166,119,2000,2001,82,2053,83,2168,445,2004,1483],"yoast_head":"<!-- This site is optimized with the Yoast SEO plugin v16.0.2 - https:\/\/yoast.com\/wordpress\/plugins\/seo\/ -->\n<link rel=\"canonical\" href=\"https:\/\/www.unicas.pe\/blog\/el-closet-de-mi-hermana-lif-week\/\" \/>\n<meta property=\"og:locale\" content=\"es_ES\" \/>\n<meta property=\"og:type\" content=\"article\" \/>\n<meta property=\"og:title\" content=\"El cl\u00f3set de mi hermana LIF Week 13.14 Primavera Verano - Unicas\" \/>\n<meta property=\"og:description\" content=\"El cl\u00f3set de mi hermana present\u00f3 su nueva colecci\u00f3n por primera vez en el LIF Week. \u201cUn d\u00eda en la vida\u201d se basa en la rutina diaria de todas las mujeres modernas.\u00a0\" \/>\n<meta property=\"og:url\" content=\"https:\/\/www.unicas.pe\/blog\/el-closet-de-mi-hermana-lif-week\/\" \/>\n<meta property=\"og:site_name\" content=\"Unicas\" \/>\n<meta property=\"article:published_time\" content=\"2013-11-11T22:03:25+00:00\" \/>\n<meta property=\"article:modified_time\" content=\"2019-01-11T02:37:52+00:00\" \/>\n<meta name=\"twitter:card\" content=\"summary_large_image\" \/>\n<meta name=\"twitter:label1\" content=\"Tiempo de lectura\">\n\t<meta name=\"twitter:data1\" content=\"1 minuto\">\n<script type=\"application\/ld+json\" class=\"yoast-schema-graph\">{\"@context\":\"https:\/\/schema.org\",\"@graph\":[{\"@type\":\"WebSite\",\"@id\":\"https:\/\/www.unicas.pe\/blog\/#website\",\"url\":\"https:\/\/www.unicas.pe\/blog\/\",\"name\":\"Unicas\",\"description\":\"Blog sobre belleza, maquillaje, moda, y mucho m\\u00e1s.\",\"potentialAction\":[{\"@type\":\"SearchAction\",\"target\":\"https:\/\/www.unicas.pe\/blog\/?s={search_term_string}\",\"query-input\":\"required name=search_term_string\"}],\"inLanguage\":\"es\"},{\"@type\":\"WebPage\",\"@id\":\"https:\/\/www.unicas.pe\/blog\/el-closet-de-mi-hermana-lif-week\/#webpage\",\"url\":\"https:\/\/www.unicas.pe\/blog\/el-closet-de-mi-hermana-lif-week\/\",\"name\":\"El cl\\u00f3set de mi hermana LIF Week 13.14 Primavera Verano - Unicas\",\"isPartOf\":{\"@id\":\"https:\/\/www.unicas.pe\/blog\/#website\"},\"datePublished\":\"2013-11-11T22:03:25+00:00\",\"dateModified\":\"2019-01-11T02:37:52+00:00\",\"author\":{\"@id\":\"https:\/\/www.unicas.pe\/blog\/#\/schema\/person\/60053f595c6d0f3f11ed52a01c961cdb\"},\"breadcrumb\":{\"@id\":\"https:\/\/www.unicas.pe\/blog\/el-closet-de-mi-hermana-lif-week\/#breadcrumb\"},\"inLanguage\":\"es\",\"potentialAction\":[{\"@type\":\"ReadAction\",\"target\":[\"https:\/\/www.unicas.pe\/blog\/el-closet-de-mi-hermana-lif-week\/\"]}]},{\"@type\":\"BreadcrumbList\",\"@id\":\"https:\/\/www.unicas.pe\/blog\/el-closet-de-mi-hermana-lif-week\/#breadcrumb\",\"itemListElement\":[{\"@type\":\"ListItem\",\"position\":1,\"item\":{\"@type\":\"WebPage\",\"@id\":\"https:\/\/www.unicas.pe\/blog\/\",\"url\":\"https:\/\/www.unicas.pe\/blog\/\",\"name\":\"Portada\"}},{\"@type\":\"ListItem\",\"position\":2,\"item\":{\"@type\":\"WebPage\",\"@id\":\"https:\/\/www.unicas.pe\/blog\/el-closet-de-mi-hermana-lif-week\/\",\"url\":\"https:\/\/www.unicas.pe\/blog\/el-closet-de-mi-hermana-lif-week\/\",\"name\":\"El cl\\u00f3set de mi hermana LIF Week 13.14 Primavera Verano\"}}]},{\"@type\":\"Person\",\"@id\":\"https:\/\/www.unicas.pe\/blog\/#\/schema\/person\/60053f595c6d0f3f11ed52a01c961cdb\",\"name\":\"Katty Gora\",\"image\":{\"@type\":\"ImageObject\",\"@id\":\"https:\/\/www.unicas.pe\/blog\/#personlogo\",\"inLanguage\":\"es\",\"url\":\"https:\/\/www.unicas.pe\/blog\/wp-content\/uploads\/2019\/01\/168392_1786370415133_366102_n-150x150.jpg\",\"caption\":\"Katty Gora\"},\"description\":\"Katty is a passionate blogger, diving into different subjects like fashion, trends, styles and news and more. Discover the great insight of a true quality blogger!\"}]}<\/script>\n<!-- \/ Yoast SEO plugin. -->","_links":{"self":[{"href":"https:\/\/www.unicas.pe\/blog\/wp-json\/wp\/v2\/posts\/1463"}],"collection":[{"href":"https:\/\/www.unicas.pe\/blog\/wp-json\/wp\/v2\/posts"}],"about":[{"href":"https:\/\/www.unicas.pe\/blog\/wp-json\/wp\/v2\/types\/post"}],"author":[{"embeddable":true,"href":"https:\/\/www.unicas.pe\/blog\/wp-json\/wp\/v2\/users\/1"}],"replies":[{"embeddable":true,"href":"https:\/\/www.unicas.pe\/blog\/wp-json\/wp\/v2\/comments?post=1463"}],"version-history":[{"count":1,"href":"https:\/\/www.unicas.pe\/blog\/wp-json\/wp\/v2\/posts\/1463\/revisions"}],"predecessor-version":[{"id":11137,"href":"https:\/\/www.unicas.pe\/blog\/wp-json\/wp\/v2\/posts\/1463\/revisions\/11137"}],"wp:attachment":[{"href":"https:\/\/www.unicas.pe\/blog\/wp-json\/wp\/v2\/media?parent=1463"}],"wp:term":[{"taxonomy":"category","embeddable":true,"href":"https:\/\/www.unicas.pe\/blog\/wp-json\/wp\/v2\/categories?post=1463"},{"taxonomy":"post_tag","embeddable":true,"href":"https:\/\/www.unicas.pe\/blog\/wp-json\/wp\/v2\/tags?post=1463"}],"curies":[{"name":"wp","href":"https:\/\/api.w.org\/{rel}","templated":true}]}}