{"id":1465,"date":"2013-11-11T18:11:21","date_gmt":"2013-11-11T23:11:21","guid":{"rendered":"http:\/\/209.133.219.102\/~newunicas\/blog\/2013\/11\/11\/fina-lif-week\/"},"modified":"2019-01-10T21:37:52","modified_gmt":"2019-01-11T02:37:52","slug":"fina-lif-week","status":"publish","type":"post","link":"https:\/\/www.unicas.pe\/blog\/fina-lif-week\/","title":{"rendered":"Fina LIF Week 13.14 Primavera Verano"},"content":{"rendered":"<p style=\"text-align: justify;\"><strong>Fina<\/strong> se present\u00f3 el \u00faltimo d\u00eda del LIF Week. Su colecci\u00f3n estuvo inspirada en las aves peruanas y eso se dej\u00f3 ver en el dise\u00f1o de sus telas.\u00a0<\/p>\n<p>  <!--more-->  <\/p>\n<p style=\"text-align: justify;\">La pasarela de <strong>Fina<\/strong> creci\u00f3 en color. Primero se presentaron atuendos en blanco, luego en tonos naturales para luego pasar radicalmente a colores muy fuertes como el amarillo, fucsia, turquesa y rojo. Abundaron las transparencias y los tejidos con hilos. Tambi\u00e9n se lucieron las faldas largas, con vuelo y pliegues, en un estilo muy retro. Los vestidos eran largos y confortables, precisos para la temporada de verano. En resumen, un estilo sofisticado y fresco a la vez.<\/p>\n<p style=\"text-align: justify;\">No dejes de ver la nueva colecci\u00f3n de Fina en nuestra galer\u00eda de fotos.<\/p>\n<p style=\"text-align: justify;\">{oziogallery 855}<\/p>\n","protected":false},"excerpt":{"rendered":"<p>Fina se present\u00f3 el \u00faltimo d\u00eda del LIF Week. Su colecci\u00f3n estuvo inspirada en las aves peruanas y eso se dej\u00f3 ver en el dise\u00f1o de sus telas.\u00a0<\/p>\n","protected":false},"author":1,"featured_media":0,"comment_status":"closed","ping_status":"open","sticky":false,"template":"","format":"standard","meta":[],"categories":[26],"tags":[2174,2172,2000,2001,82,2053,83,2175,445,2173,452],"yoast_head":"<!-- This site is optimized with the Yoast SEO plugin v16.0.2 - https:\/\/yoast.com\/wordpress\/plugins\/seo\/ -->\n<link rel=\"canonical\" href=\"https:\/\/www.unicas.pe\/blog\/fina-lif-week\/\" \/>\n<meta property=\"og:locale\" content=\"es_ES\" \/>\n<meta property=\"og:type\" content=\"article\" \/>\n<meta property=\"og:title\" content=\"Fina LIF Week 13.14 Primavera Verano - Unicas\" \/>\n<meta property=\"og:description\" content=\"Fina se present\u00f3 el \u00faltimo d\u00eda del LIF Week. Su colecci\u00f3n estuvo inspirada en las aves peruanas y eso se dej\u00f3 ver en el dise\u00f1o de sus telas.\u00a0\" \/>\n<meta property=\"og:url\" content=\"https:\/\/www.unicas.pe\/blog\/fina-lif-week\/\" \/>\n<meta property=\"og:site_name\" content=\"Unicas\" \/>\n<meta property=\"article:published_time\" content=\"2013-11-11T23:11:21+00:00\" \/>\n<meta property=\"article:modified_time\" content=\"2019-01-11T02:37:52+00:00\" \/>\n<meta name=\"twitter:card\" content=\"summary_large_image\" \/>\n<meta name=\"twitter:label1\" content=\"Tiempo de lectura\">\n\t<meta name=\"twitter:data1\" content=\"1 minuto\">\n<script type=\"application\/ld+json\" class=\"yoast-schema-graph\">{\"@context\":\"https:\/\/schema.org\",\"@graph\":[{\"@type\":\"WebSite\",\"@id\":\"https:\/\/www.unicas.pe\/blog\/#website\",\"url\":\"https:\/\/www.unicas.pe\/blog\/\",\"name\":\"Unicas\",\"description\":\"Blog sobre belleza, maquillaje, moda, y mucho m\\u00e1s.\",\"potentialAction\":[{\"@type\":\"SearchAction\",\"target\":\"https:\/\/www.unicas.pe\/blog\/?s={search_term_string}\",\"query-input\":\"required name=search_term_string\"}],\"inLanguage\":\"es\"},{\"@type\":\"WebPage\",\"@id\":\"https:\/\/www.unicas.pe\/blog\/fina-lif-week\/#webpage\",\"url\":\"https:\/\/www.unicas.pe\/blog\/fina-lif-week\/\",\"name\":\"Fina LIF Week 13.14 Primavera Verano - Unicas\",\"isPartOf\":{\"@id\":\"https:\/\/www.unicas.pe\/blog\/#website\"},\"datePublished\":\"2013-11-11T23:11:21+00:00\",\"dateModified\":\"2019-01-11T02:37:52+00:00\",\"author\":{\"@id\":\"https:\/\/www.unicas.pe\/blog\/#\/schema\/person\/60053f595c6d0f3f11ed52a01c961cdb\"},\"breadcrumb\":{\"@id\":\"https:\/\/www.unicas.pe\/blog\/fina-lif-week\/#breadcrumb\"},\"inLanguage\":\"es\",\"potentialAction\":[{\"@type\":\"ReadAction\",\"target\":[\"https:\/\/www.unicas.pe\/blog\/fina-lif-week\/\"]}]},{\"@type\":\"BreadcrumbList\",\"@id\":\"https:\/\/www.unicas.pe\/blog\/fina-lif-week\/#breadcrumb\",\"itemListElement\":[{\"@type\":\"ListItem\",\"position\":1,\"item\":{\"@type\":\"WebPage\",\"@id\":\"https:\/\/www.unicas.pe\/blog\/\",\"url\":\"https:\/\/www.unicas.pe\/blog\/\",\"name\":\"Portada\"}},{\"@type\":\"ListItem\",\"position\":2,\"item\":{\"@type\":\"WebPage\",\"@id\":\"https:\/\/www.unicas.pe\/blog\/fina-lif-week\/\",\"url\":\"https:\/\/www.unicas.pe\/blog\/fina-lif-week\/\",\"name\":\"Fina LIF Week 13.14 Primavera Verano\"}}]},{\"@type\":\"Person\",\"@id\":\"https:\/\/www.unicas.pe\/blog\/#\/schema\/person\/60053f595c6d0f3f11ed52a01c961cdb\",\"name\":\"Katty Gora\",\"image\":{\"@type\":\"ImageObject\",\"@id\":\"https:\/\/www.unicas.pe\/blog\/#personlogo\",\"inLanguage\":\"es\",\"url\":\"https:\/\/www.unicas.pe\/blog\/wp-content\/uploads\/2019\/01\/168392_1786370415133_366102_n-150x150.jpg\",\"caption\":\"Katty Gora\"},\"description\":\"Katty is a passionate blogger, diving into different subjects like fashion, trends, styles and news and more. Discover the great insight of a true quality blogger!\"}]}<\/script>\n<!-- \/ Yoast SEO plugin. -->","_links":{"self":[{"href":"https:\/\/www.unicas.pe\/blog\/wp-json\/wp\/v2\/posts\/1465"}],"collection":[{"href":"https:\/\/www.unicas.pe\/blog\/wp-json\/wp\/v2\/posts"}],"about":[{"href":"https:\/\/www.unicas.pe\/blog\/wp-json\/wp\/v2\/types\/post"}],"author":[{"embeddable":true,"href":"https:\/\/www.unicas.pe\/blog\/wp-json\/wp\/v2\/users\/1"}],"replies":[{"embeddable":true,"href":"https:\/\/www.unicas.pe\/blog\/wp-json\/wp\/v2\/comments?post=1465"}],"version-history":[{"count":1,"href":"https:\/\/www.unicas.pe\/blog\/wp-json\/wp\/v2\/posts\/1465\/revisions"}],"predecessor-version":[{"id":11135,"href":"https:\/\/www.unicas.pe\/blog\/wp-json\/wp\/v2\/posts\/1465\/revisions\/11135"}],"wp:attachment":[{"href":"https:\/\/www.unicas.pe\/blog\/wp-json\/wp\/v2\/media?parent=1465"}],"wp:term":[{"taxonomy":"category","embeddable":true,"href":"https:\/\/www.unicas.pe\/blog\/wp-json\/wp\/v2\/categories?post=1465"},{"taxonomy":"post_tag","embeddable":true,"href":"https:\/\/www.unicas.pe\/blog\/wp-json\/wp\/v2\/tags?post=1465"}],"curies":[{"name":"wp","href":"https:\/\/api.w.org\/{rel}","templated":true}]}}