{"id":1476,"date":"2013-11-11T22:41:24","date_gmt":"2013-11-12T03:41:24","guid":{"rendered":"http:\/\/209.133.219.102\/~newunicas\/blog\/2013\/11\/11\/gerardo-privat-lif-week\/"},"modified":"2019-01-10T21:37:52","modified_gmt":"2019-01-11T02:37:52","slug":"gerardo-privat-lif-week","status":"publish","type":"post","link":"https:\/\/www.unicas.pe\/blog\/gerardo-privat-lif-week\/","title":{"rendered":"Gerardo Privat LIF Week 13.14 Primavera Verano"},"content":{"rendered":"<p><strong>Gerardo Privat<\/strong> cerr\u00f3 con broche de oro la \u00faltima edici\u00f3n del LIF Week 2013. Sus dise\u00f1os fueron m\u00e1s sencillos que sus pasadas colecciones, famosas por su suntuosidad.<\/p>\n<p>  <!--more-->  <\/p>\n<p><span style=\"line-height: 1.3em;\">La propuesta de la Casa Privat para la temporada primavera verano 13.14 sorprendi\u00f3 a muchos pues se esperaba, como ya nos tiene acostumbrados, un desfile muy suntuoso y estramb\u00f3tico. Sin embargo, esta vez, opt\u00f3 por una alternativa m\u00e1s mesurada en cuanto a los dise\u00f1os. Los outfits fueron complementados con las carteras de Jimena Mujica formando combinaciones perfectas y casuales. Se vieron muchas faldas largas, cortas y al tubo; adem\u00e1s de bustiers, blusas con hombros descubiertos (tipo bote) y mangas anchas. Los estampados fueron los m\u00e1s populares combinando colores como el verde, azul, amarillo y marr\u00f3n.<\/span><\/p>\n<p><span style=\"line-height: 1.3em;\">No dejes de ver la nueva colecci\u00f3n de <strong>Gerardo Privat<\/strong> en nuestra galer\u00eda de fotos.<\/span><\/p>\n<p><span style=\"line-height: 1.3em;\">{oziogallery 856}<\/span><\/p>\n","protected":false},"excerpt":{"rendered":"<p>Gerardo Privat cerr\u00f3 con broche de oro la \u00faltima edici\u00f3n del LIF Week 2013. Sus dise\u00f1os fueron m\u00e1s sencillos que sus pasadas colecciones, famosas por su suntuosidad.<\/p>\n","protected":false},"author":1,"featured_media":0,"comment_status":"closed","ping_status":"open","sticky":false,"template":"","format":"standard","meta":[],"categories":[26],"tags":[425,2197,97,2195,119,2194,2196,2000,2001,82,1758,2053,83,445],"yoast_head":"<!-- This site is optimized with the Yoast SEO plugin v16.0.2 - https:\/\/yoast.com\/wordpress\/plugins\/seo\/ -->\n<link rel=\"canonical\" href=\"https:\/\/www.unicas.pe\/blog\/gerardo-privat-lif-week\/\" \/>\n<meta property=\"og:locale\" content=\"es_ES\" \/>\n<meta property=\"og:type\" content=\"article\" \/>\n<meta property=\"og:title\" content=\"Gerardo Privat LIF Week 13.14 Primavera Verano - Unicas\" \/>\n<meta property=\"og:description\" content=\"Gerardo Privat cerr\u00f3 con broche de oro la \u00faltima edici\u00f3n del LIF Week 2013. Sus dise\u00f1os fueron m\u00e1s sencillos que sus pasadas colecciones, famosas por su suntuosidad.\" \/>\n<meta property=\"og:url\" content=\"https:\/\/www.unicas.pe\/blog\/gerardo-privat-lif-week\/\" \/>\n<meta property=\"og:site_name\" content=\"Unicas\" \/>\n<meta property=\"article:published_time\" content=\"2013-11-12T03:41:24+00:00\" \/>\n<meta property=\"article:modified_time\" content=\"2019-01-11T02:37:52+00:00\" \/>\n<meta name=\"twitter:card\" content=\"summary_large_image\" \/>\n<meta name=\"twitter:label1\" content=\"Tiempo de lectura\">\n\t<meta name=\"twitter:data1\" content=\"1 minuto\">\n<script type=\"application\/ld+json\" class=\"yoast-schema-graph\">{\"@context\":\"https:\/\/schema.org\",\"@graph\":[{\"@type\":\"WebSite\",\"@id\":\"https:\/\/www.unicas.pe\/blog\/#website\",\"url\":\"https:\/\/www.unicas.pe\/blog\/\",\"name\":\"Unicas\",\"description\":\"Blog sobre belleza, maquillaje, moda, y mucho m\\u00e1s.\",\"potentialAction\":[{\"@type\":\"SearchAction\",\"target\":\"https:\/\/www.unicas.pe\/blog\/?s={search_term_string}\",\"query-input\":\"required name=search_term_string\"}],\"inLanguage\":\"es\"},{\"@type\":\"WebPage\",\"@id\":\"https:\/\/www.unicas.pe\/blog\/gerardo-privat-lif-week\/#webpage\",\"url\":\"https:\/\/www.unicas.pe\/blog\/gerardo-privat-lif-week\/\",\"name\":\"Gerardo Privat LIF Week 13.14 Primavera Verano - Unicas\",\"isPartOf\":{\"@id\":\"https:\/\/www.unicas.pe\/blog\/#website\"},\"datePublished\":\"2013-11-12T03:41:24+00:00\",\"dateModified\":\"2019-01-11T02:37:52+00:00\",\"author\":{\"@id\":\"https:\/\/www.unicas.pe\/blog\/#\/schema\/person\/60053f595c6d0f3f11ed52a01c961cdb\"},\"breadcrumb\":{\"@id\":\"https:\/\/www.unicas.pe\/blog\/gerardo-privat-lif-week\/#breadcrumb\"},\"inLanguage\":\"es\",\"potentialAction\":[{\"@type\":\"ReadAction\",\"target\":[\"https:\/\/www.unicas.pe\/blog\/gerardo-privat-lif-week\/\"]}]},{\"@type\":\"BreadcrumbList\",\"@id\":\"https:\/\/www.unicas.pe\/blog\/gerardo-privat-lif-week\/#breadcrumb\",\"itemListElement\":[{\"@type\":\"ListItem\",\"position\":1,\"item\":{\"@type\":\"WebPage\",\"@id\":\"https:\/\/www.unicas.pe\/blog\/\",\"url\":\"https:\/\/www.unicas.pe\/blog\/\",\"name\":\"Portada\"}},{\"@type\":\"ListItem\",\"position\":2,\"item\":{\"@type\":\"WebPage\",\"@id\":\"https:\/\/www.unicas.pe\/blog\/gerardo-privat-lif-week\/\",\"url\":\"https:\/\/www.unicas.pe\/blog\/gerardo-privat-lif-week\/\",\"name\":\"Gerardo Privat LIF Week 13.14 Primavera Verano\"}}]},{\"@type\":\"Person\",\"@id\":\"https:\/\/www.unicas.pe\/blog\/#\/schema\/person\/60053f595c6d0f3f11ed52a01c961cdb\",\"name\":\"Katty Gora\",\"image\":{\"@type\":\"ImageObject\",\"@id\":\"https:\/\/www.unicas.pe\/blog\/#personlogo\",\"inLanguage\":\"es\",\"url\":\"https:\/\/www.unicas.pe\/blog\/wp-content\/uploads\/2019\/01\/168392_1786370415133_366102_n-150x150.jpg\",\"caption\":\"Katty Gora\"},\"description\":\"Katty is a passionate blogger, diving into different subjects like fashion, trends, styles and news and more. Discover the great insight of a true quality blogger!\"}]}<\/script>\n<!-- \/ Yoast SEO plugin. -->","_links":{"self":[{"href":"https:\/\/www.unicas.pe\/blog\/wp-json\/wp\/v2\/posts\/1476"}],"collection":[{"href":"https:\/\/www.unicas.pe\/blog\/wp-json\/wp\/v2\/posts"}],"about":[{"href":"https:\/\/www.unicas.pe\/blog\/wp-json\/wp\/v2\/types\/post"}],"author":[{"embeddable":true,"href":"https:\/\/www.unicas.pe\/blog\/wp-json\/wp\/v2\/users\/1"}],"replies":[{"embeddable":true,"href":"https:\/\/www.unicas.pe\/blog\/wp-json\/wp\/v2\/comments?post=1476"}],"version-history":[{"count":1,"href":"https:\/\/www.unicas.pe\/blog\/wp-json\/wp\/v2\/posts\/1476\/revisions"}],"predecessor-version":[{"id":11131,"href":"https:\/\/www.unicas.pe\/blog\/wp-json\/wp\/v2\/posts\/1476\/revisions\/11131"}],"wp:attachment":[{"href":"https:\/\/www.unicas.pe\/blog\/wp-json\/wp\/v2\/media?parent=1476"}],"wp:term":[{"taxonomy":"category","embeddable":true,"href":"https:\/\/www.unicas.pe\/blog\/wp-json\/wp\/v2\/categories?post=1476"},{"taxonomy":"post_tag","embeddable":true,"href":"https:\/\/www.unicas.pe\/blog\/wp-json\/wp\/v2\/tags?post=1476"}],"curies":[{"name":"wp","href":"https:\/\/api.w.org\/{rel}","templated":true}]}}