{"id":1477,"date":"2013-11-11T22:53:38","date_gmt":"2013-11-12T03:53:38","guid":{"rendered":"http:\/\/209.133.219.102\/~newunicas\/blog\/2013\/11\/11\/claudia-jimenez-lif-week\/"},"modified":"2019-01-10T21:37:52","modified_gmt":"2019-01-11T02:37:52","slug":"claudia-jimenez-lif-week","status":"publish","type":"post","link":"https:\/\/www.unicas.pe\/blog\/claudia-jimenez-lif-week\/","title":{"rendered":"Claudia Jim\u00e9nez LIF Week 13.14 Primavera Verano"},"content":{"rendered":"<p><strong>Claudia Jim\u00e9nez<\/strong> inspira su colecci\u00f3n en las profundidades del oc\u00e9ano. Veremos prendas \u00a0llenas de transparencias, pedrer\u00edas y tejidos de hilo con motivos marinos.<\/p>\n<p>  <!--more-->  <\/p>\n<p><span style=\"line-height: 1.3em;\">La dise\u00f1adora peruana utiliza elementos del mar para traernos unas piezas \u00fanicas inspiradas en su belleza. Podemos ver una diversidad de prendas como blusas, vestidos largos, vestidos cortos, faldas, bustiers, pantalones pitillo y palazos. Los colores que utiliza var\u00edan entre el blanco, verde agua, amarillo y salm\u00f3n. Y los decorados son de conchas marinas, caballitos de mar y estrellas marinas, todo muy acorde con la pr\u00f3xima temporada veraniega.\u00a0<\/span><\/p>\n<p><span style=\"line-height: 1.3em;\">No dejes de ver la nueva colecci\u00f3n de <strong>Claudia Jimenez<\/strong> \u00a0en nuestra galer\u00eda de fotos.<\/span><\/p>\n<p><span style=\"line-height: 1.3em;\">{oziogallery 857}<\/span><\/p>\n","protected":false},"excerpt":{"rendered":"<p>Claudia Jim\u00e9nez inspira su colecci\u00f3n en las profundidades del oc\u00e9ano. Veremos prendas \u00a0llenas de transparencias, pedrer\u00edas y tejidos de hilo con motivos marinos.<\/p>\n","protected":false},"author":1,"featured_media":0,"comment_status":"closed","ping_status":"open","sticky":false,"template":"","format":"standard","meta":[],"categories":[26],"tags":[425,2197,2198,119,2000,2001,82,2200,2199,2085,2053,83,2201,445,2004,1483,2055],"yoast_head":"<!-- This site is optimized with the Yoast SEO plugin v16.0.2 - https:\/\/yoast.com\/wordpress\/plugins\/seo\/ -->\n<link rel=\"canonical\" href=\"https:\/\/www.unicas.pe\/blog\/claudia-jimenez-lif-week\/\" \/>\n<meta property=\"og:locale\" content=\"es_ES\" \/>\n<meta property=\"og:type\" content=\"article\" \/>\n<meta property=\"og:title\" content=\"Claudia Jim\u00e9nez LIF Week 13.14 Primavera Verano - Unicas\" \/>\n<meta property=\"og:description\" content=\"Claudia Jim\u00e9nez inspira su colecci\u00f3n en las profundidades del oc\u00e9ano. Veremos prendas \u00a0llenas de transparencias, pedrer\u00edas y tejidos de hilo con motivos marinos.\" \/>\n<meta property=\"og:url\" content=\"https:\/\/www.unicas.pe\/blog\/claudia-jimenez-lif-week\/\" \/>\n<meta property=\"og:site_name\" content=\"Unicas\" \/>\n<meta property=\"article:published_time\" content=\"2013-11-12T03:53:38+00:00\" \/>\n<meta property=\"article:modified_time\" content=\"2019-01-11T02:37:52+00:00\" \/>\n<meta name=\"twitter:card\" content=\"summary_large_image\" \/>\n<meta name=\"twitter:label1\" content=\"Tiempo de lectura\">\n\t<meta name=\"twitter:data1\" content=\"1 minuto\">\n<script type=\"application\/ld+json\" class=\"yoast-schema-graph\">{\"@context\":\"https:\/\/schema.org\",\"@graph\":[{\"@type\":\"WebSite\",\"@id\":\"https:\/\/www.unicas.pe\/blog\/#website\",\"url\":\"https:\/\/www.unicas.pe\/blog\/\",\"name\":\"Unicas\",\"description\":\"Blog sobre belleza, maquillaje, moda, y mucho m\\u00e1s.\",\"potentialAction\":[{\"@type\":\"SearchAction\",\"target\":\"https:\/\/www.unicas.pe\/blog\/?s={search_term_string}\",\"query-input\":\"required name=search_term_string\"}],\"inLanguage\":\"es\"},{\"@type\":\"WebPage\",\"@id\":\"https:\/\/www.unicas.pe\/blog\/claudia-jimenez-lif-week\/#webpage\",\"url\":\"https:\/\/www.unicas.pe\/blog\/claudia-jimenez-lif-week\/\",\"name\":\"Claudia Jim\\u00e9nez LIF Week 13.14 Primavera Verano - Unicas\",\"isPartOf\":{\"@id\":\"https:\/\/www.unicas.pe\/blog\/#website\"},\"datePublished\":\"2013-11-12T03:53:38+00:00\",\"dateModified\":\"2019-01-11T02:37:52+00:00\",\"author\":{\"@id\":\"https:\/\/www.unicas.pe\/blog\/#\/schema\/person\/60053f595c6d0f3f11ed52a01c961cdb\"},\"breadcrumb\":{\"@id\":\"https:\/\/www.unicas.pe\/blog\/claudia-jimenez-lif-week\/#breadcrumb\"},\"inLanguage\":\"es\",\"potentialAction\":[{\"@type\":\"ReadAction\",\"target\":[\"https:\/\/www.unicas.pe\/blog\/claudia-jimenez-lif-week\/\"]}]},{\"@type\":\"BreadcrumbList\",\"@id\":\"https:\/\/www.unicas.pe\/blog\/claudia-jimenez-lif-week\/#breadcrumb\",\"itemListElement\":[{\"@type\":\"ListItem\",\"position\":1,\"item\":{\"@type\":\"WebPage\",\"@id\":\"https:\/\/www.unicas.pe\/blog\/\",\"url\":\"https:\/\/www.unicas.pe\/blog\/\",\"name\":\"Portada\"}},{\"@type\":\"ListItem\",\"position\":2,\"item\":{\"@type\":\"WebPage\",\"@id\":\"https:\/\/www.unicas.pe\/blog\/claudia-jimenez-lif-week\/\",\"url\":\"https:\/\/www.unicas.pe\/blog\/claudia-jimenez-lif-week\/\",\"name\":\"Claudia Jim\\u00e9nez LIF Week 13.14 Primavera Verano\"}}]},{\"@type\":\"Person\",\"@id\":\"https:\/\/www.unicas.pe\/blog\/#\/schema\/person\/60053f595c6d0f3f11ed52a01c961cdb\",\"name\":\"Katty Gora\",\"image\":{\"@type\":\"ImageObject\",\"@id\":\"https:\/\/www.unicas.pe\/blog\/#personlogo\",\"inLanguage\":\"es\",\"url\":\"https:\/\/www.unicas.pe\/blog\/wp-content\/uploads\/2019\/01\/168392_1786370415133_366102_n-150x150.jpg\",\"caption\":\"Katty Gora\"},\"description\":\"Katty is a passionate blogger, diving into different subjects like fashion, trends, styles and news and more. Discover the great insight of a true quality blogger!\"}]}<\/script>\n<!-- \/ Yoast SEO plugin. -->","_links":{"self":[{"href":"https:\/\/www.unicas.pe\/blog\/wp-json\/wp\/v2\/posts\/1477"}],"collection":[{"href":"https:\/\/www.unicas.pe\/blog\/wp-json\/wp\/v2\/posts"}],"about":[{"href":"https:\/\/www.unicas.pe\/blog\/wp-json\/wp\/v2\/types\/post"}],"author":[{"embeddable":true,"href":"https:\/\/www.unicas.pe\/blog\/wp-json\/wp\/v2\/users\/1"}],"replies":[{"embeddable":true,"href":"https:\/\/www.unicas.pe\/blog\/wp-json\/wp\/v2\/comments?post=1477"}],"version-history":[{"count":1,"href":"https:\/\/www.unicas.pe\/blog\/wp-json\/wp\/v2\/posts\/1477\/revisions"}],"predecessor-version":[{"id":11130,"href":"https:\/\/www.unicas.pe\/blog\/wp-json\/wp\/v2\/posts\/1477\/revisions\/11130"}],"wp:attachment":[{"href":"https:\/\/www.unicas.pe\/blog\/wp-json\/wp\/v2\/media?parent=1477"}],"wp:term":[{"taxonomy":"category","embeddable":true,"href":"https:\/\/www.unicas.pe\/blog\/wp-json\/wp\/v2\/categories?post=1477"},{"taxonomy":"post_tag","embeddable":true,"href":"https:\/\/www.unicas.pe\/blog\/wp-json\/wp\/v2\/tags?post=1477"}],"curies":[{"name":"wp","href":"https:\/\/api.w.org\/{rel}","templated":true}]}}