{"id":1593,"date":"2013-11-14T15:16:35","date_gmt":"2013-11-14T20:16:35","guid":{"rendered":"http:\/\/209.133.219.102\/~newunicas\/blog\/2013\/11\/14\/dark-golden-tintes\/"},"modified":"2019-01-10T21:37:01","modified_gmt":"2019-01-11T02:37:01","slug":"dark-golden-tintes","status":"publish","type":"post","link":"https:\/\/www.unicas.pe\/blog\/dark-golden-tintes\/","title":{"rendered":"Tendencia para el cabello: Las \u201cdark golden\u201d reemplazan a las mechas californianas"},"content":{"rendered":"<p style=\"text-align: justify;\">Es un estilo m\u00e1s sutil de te\u00f1ir el <strong>cabello<\/strong> que favorece tanto a rubias como casta\u00f1as. Las <strong>dark golden<\/strong> tienen la ra\u00edz m\u00e1s oscura por lo que duran por m\u00e1s tiempo.<\/p>\n<p>  <!--more-->  <\/p>\n<p style=\"text-align: justify;\">Promete terminar con el look surfero que tanto estaba de moda la temporada pasada. Recordamos a las mechas californianas, favoritas de las celebridades, con un estilo muy juvenil. Hace poco tambi\u00e9n surgieron las splashlight, una variaci\u00f3n de las californianas pero con el \u00e1rea clara en el medio, no en las puntas. Bueno ahora las \u201cdark golden\u201d pretenden desplegar el look despreocupado para pasar a colores de cabello m\u00e1s uniformes y homog\u00e9neos.\u00a0<\/p>\n<p style=\"text-align: justify;\">\u00a0<img class=\" size-full wp-image-1587\" src=\"http:\/\/209.133.219.102\/~newunicas\/blog\/wp-content\/uploads\/2013\/11\/dark-golden1.jpg\" alt=\"Tendencia para el cabello: Las \u201cdark golden\u201d reemplazan a las mechas californianas\" title=\"Tendencia para el cabello: Las \u201cdark golden\u201d reemplazan a las mechas californianas\" width=\"600\" srcset=\"https:\/\/www.unicas.pe\/blog\/wp-content\/uploads\/2013\/11\/dark-golden1.jpg 650w, https:\/\/www.unicas.pe\/blog\/wp-content\/uploads\/2013\/11\/dark-golden1-300x226.jpg 300w, https:\/\/www.unicas.pe\/blog\/wp-content\/uploads\/2013\/11\/dark-golden1-80x60.jpg 80w, https:\/\/www.unicas.pe\/blog\/wp-content\/uploads\/2013\/11\/dark-golden1-160x120.jpg 160w, https:\/\/www.unicas.pe\/blog\/wp-content\/uploads\/2013\/11\/dark-golden1-557x420.jpg 557w\" sizes=\"(max-width: 650px) 100vw, 650px\" \/><\/p>\n<p style=\"text-align: justify;\">Esta tonalidad se puede conseguir tanto en <strong>rubias<\/strong> como en casta\u00f1as. Si se tiene el cabello m\u00e1s oscuro, se juega dentro de la gama de los casta\u00f1os, se obtendr\u00e1n tonalidades en color dorado y avellana. Por el contrario si se tiene el cabello claro, se conseguir\u00e1 que el color cambie hacia el trigo. A pesar de que este nuevo color es m\u00e1s oscuro, sigue siendo rubio por lo tanto le otorgar\u00e1 m\u00e1s luz al rostro haci\u00e9ndolo resaltar.<\/p>\n<p style=\"text-align: justify;\">\u00a0<img class=\" size-full wp-image-1588\" src=\"http:\/\/209.133.219.102\/~newunicas\/blog\/wp-content\/uploads\/2013\/11\/dark-golden2.jpg\" alt=\"Tendencia para el cabello: Las \u201cdark golden\u201d reemplazan a las mechas californianas\" title=\"Tendencia para el cabello: Las \u201cdark golden\u201d reemplazan a las mechas californianas\" width=\"600\" srcset=\"https:\/\/www.unicas.pe\/blog\/wp-content\/uploads\/2013\/11\/dark-golden2.jpg 650w, https:\/\/www.unicas.pe\/blog\/wp-content\/uploads\/2013\/11\/dark-golden2-150x150.jpg 150w, https:\/\/www.unicas.pe\/blog\/wp-content\/uploads\/2013\/11\/dark-golden2-300x300.jpg 300w, https:\/\/www.unicas.pe\/blog\/wp-content\/uploads\/2013\/11\/dark-golden2-420x420.jpg 420w\" sizes=\"(max-width: 650px) 100vw, 650px\" \/><\/p>\n<p style=\"text-align: justify;\"><strong>Las \u201cdark golden\u201d se adaptan a todo tipo de color de piel<\/strong>. Para rostros oscuros, el beneficio est\u00e1 en exaltar la piel mediante reflejos c\u00e1lidos. Por otro lado, las pieles claras necesitan reflejos m\u00e1s neutros, pero igual les va excelente.\u00a0<\/p>\n<p style=\"text-align: justify;\">Si a\u00fan no te decides por elegir esta nueva alternativa hay adaptaciones que conservan algunos toques de las mechas californianas y las mezclan con el estilo de las dark golden. Se decoloran las puntas ampliamente y se va subiendo la claridad hacia la ra\u00edz del cabello. Ciertamente las ra\u00edces abarcar\u00e1n menos espacio oscuro. Obtendr\u00e1s un degradado sutil y mucho movimiento dado que este estilo tiene mucha luz y juega con los contrastes. Es mucho m\u00e1s beneficioso porque dura m\u00e1s tiempo puesto que el tono oscuro de la ra\u00edz es m\u00e1s peque\u00f1o.<\/p>\n<p style=\"text-align: justify;\">\u00a0<img class=\" size-full wp-image-1589\" src=\"http:\/\/209.133.219.102\/~newunicas\/blog\/wp-content\/uploads\/2013\/11\/dark-golden3.jpg\" alt=\"Tendencia para el cabello: Las \u201cdark golden\u201d reemplazan a las mechas californianas\" title=\"Tendencia para el cabello: Las \u201cdark golden\u201d reemplazan a las mechas californianas\" width=\"600\" srcset=\"https:\/\/www.unicas.pe\/blog\/wp-content\/uploads\/2013\/11\/dark-golden3.jpg 482w, https:\/\/www.unicas.pe\/blog\/wp-content\/uploads\/2013\/11\/dark-golden3-243x300.jpg 243w, https:\/\/www.unicas.pe\/blog\/wp-content\/uploads\/2013\/11\/dark-golden3-324x400.jpg 324w, https:\/\/www.unicas.pe\/blog\/wp-content\/uploads\/2013\/11\/dark-golden3-341x420.jpg 341w\" sizes=\"(max-width: 482px) 100vw, 482px\" \/><\/p>\n<p style=\"text-align: justify;\">Las celebridades ya est\u00e1n usando las nuevas dark golden en su cabello. Anna Selezneva o Hana Jirickova y Rachel Evan Wood no se resistieron a probarlas. Apuesta t\u00fa tambi\u00e9n por el cambio y luce linda y radiante en este verano.<\/p>\n<p style=\"text-align: justify;\">\u00a0<img class=\" size-full wp-image-1590\" src=\"http:\/\/209.133.219.102\/~newunicas\/blog\/wp-content\/uploads\/2013\/11\/dark-golden4.jpeg\" alt=\"Tendencia para el cabello: Las \u201cdark golden\u201d reemplazan a las mechas californianas\" title=\"Tendencia para el cabello: Las \u201cdark golden\u201d reemplazan a las mechas californianas\" width=\"600\" srcset=\"https:\/\/www.unicas.pe\/blog\/wp-content\/uploads\/2013\/11\/dark-golden4.jpeg 720w, https:\/\/www.unicas.pe\/blog\/wp-content\/uploads\/2013\/11\/dark-golden4-232x300.jpeg 232w, https:\/\/www.unicas.pe\/blog\/wp-content\/uploads\/2013\/11\/dark-golden4-696x901.jpeg 696w, https:\/\/www.unicas.pe\/blog\/wp-content\/uploads\/2013\/11\/dark-golden4-324x420.jpeg 324w, https:\/\/www.unicas.pe\/blog\/wp-content\/uploads\/2013\/11\/dark-golden4-649x840.jpeg 649w\" sizes=\"(max-width: 720px) 100vw, 720px\" \/><\/p>\n<p style=\"text-align: justify;\">\u00a0<img class=\" size-full wp-image-1591\" src=\"http:\/\/209.133.219.102\/~newunicas\/blog\/wp-content\/uploads\/2013\/11\/dark-golden5.jpg\" alt=\"Tendencia para el cabello: Las \u201cdark golden\u201d reemplazan a las mechas californianas\" title=\"Tendencia para el cabello: Las \u201cdark golden\u201d reemplazan a las mechas californianas\" width=\"600\" srcset=\"https:\/\/www.unicas.pe\/blog\/wp-content\/uploads\/2013\/11\/dark-golden5.jpg 650w, https:\/\/www.unicas.pe\/blog\/wp-content\/uploads\/2013\/11\/dark-golden5-212x300.jpg 212w, https:\/\/www.unicas.pe\/blog\/wp-content\/uploads\/2013\/11\/dark-golden5-296x420.jpg 296w, https:\/\/www.unicas.pe\/blog\/wp-content\/uploads\/2013\/11\/dark-golden5-593x840.jpg 593w\" sizes=\"(max-width: 650px) 100vw, 650px\" \/><\/p>\n<p style=\"text-align: justify;\">\u00a0<img class=\" size-full wp-image-1592\" src=\"http:\/\/209.133.219.102\/~newunicas\/blog\/wp-content\/uploads\/2013\/11\/dark-golden6.jpg\" alt=\"Tendencia para el cabello: Las \u201cdark golden\u201d reemplazan a las mechas californianas\" title=\"Tendencia para el cabello: Las \u201cdark golden\u201d reemplazan a las mechas californianas\" width=\"600\" srcset=\"https:\/\/www.unicas.pe\/blog\/wp-content\/uploads\/2013\/11\/dark-golden6.jpg 650w, https:\/\/www.unicas.pe\/blog\/wp-content\/uploads\/2013\/11\/dark-golden6-198x300.jpg 198w, https:\/\/www.unicas.pe\/blog\/wp-content\/uploads\/2013\/11\/dark-golden6-277x420.jpg 277w, https:\/\/www.unicas.pe\/blog\/wp-content\/uploads\/2013\/11\/dark-golden6-555x840.jpg 555w\" sizes=\"(max-width: 650px) 100vw, 650px\" \/><\/p>\n","protected":false},"excerpt":{"rendered":"<p>Es un estilo m\u00e1s sutil de te\u00f1ir el cabello que favorece tanto a rubias como casta\u00f1as. Las dark golden tienen la ra\u00edz m\u00e1s oscura por lo que duran por m\u00e1s tiempo.<\/p>\n","protected":false},"author":1,"featured_media":1587,"comment_status":"closed","ping_status":"open","sticky":false,"template":"","format":"standard","meta":[],"categories":[29],"tags":[2324,63,65,2321,2325,84,1729,2326,2323,2322,1219,2327],"yoast_head":"<!-- This site is optimized with the Yoast SEO plugin v16.0.2 - https:\/\/yoast.com\/wordpress\/plugins\/seo\/ -->\n<link rel=\"canonical\" href=\"https:\/\/www.unicas.pe\/blog\/dark-golden-tintes\/\" \/>\n<meta property=\"og:locale\" content=\"es_ES\" \/>\n<meta property=\"og:type\" content=\"article\" \/>\n<meta property=\"og:title\" content=\"Tendencia para el cabello: Las \u201cdark golden\u201d reemplazan a las mechas californianas - Unicas\" \/>\n<meta property=\"og:description\" content=\"Es un estilo m\u00e1s sutil de te\u00f1ir el cabello que favorece tanto a rubias como casta\u00f1as. Las dark golden tienen la ra\u00edz m\u00e1s oscura por lo que duran por m\u00e1s tiempo.\" \/>\n<meta property=\"og:url\" content=\"https:\/\/www.unicas.pe\/blog\/dark-golden-tintes\/\" \/>\n<meta property=\"og:site_name\" content=\"Unicas\" \/>\n<meta property=\"article:published_time\" content=\"2013-11-14T20:16:35+00:00\" \/>\n<meta property=\"article:modified_time\" content=\"2019-01-11T02:37:01+00:00\" \/>\n<meta property=\"og:image\" content=\"https:\/\/www.unicas.pe\/blog\/wp-content\/uploads\/2013\/11\/dark-golden1.jpg\" \/>\n\t<meta property=\"og:image:width\" content=\"650\" \/>\n\t<meta property=\"og:image:height\" content=\"490\" \/>\n<meta name=\"twitter:card\" content=\"summary_large_image\" \/>\n<meta name=\"twitter:label1\" content=\"Tiempo de lectura\">\n\t<meta name=\"twitter:data1\" content=\"2 minutos\">\n<script type=\"application\/ld+json\" class=\"yoast-schema-graph\">{\"@context\":\"https:\/\/schema.org\",\"@graph\":[{\"@type\":\"WebSite\",\"@id\":\"https:\/\/www.unicas.pe\/blog\/#website\",\"url\":\"https:\/\/www.unicas.pe\/blog\/\",\"name\":\"Unicas\",\"description\":\"Blog sobre belleza, maquillaje, moda, y mucho m\\u00e1s.\",\"potentialAction\":[{\"@type\":\"SearchAction\",\"target\":\"https:\/\/www.unicas.pe\/blog\/?s={search_term_string}\",\"query-input\":\"required name=search_term_string\"}],\"inLanguage\":\"es\"},{\"@type\":\"ImageObject\",\"@id\":\"https:\/\/www.unicas.pe\/blog\/dark-golden-tintes\/#primaryimage\",\"inLanguage\":\"es\",\"url\":\"https:\/\/www.unicas.pe\/blog\/wp-content\/uploads\/2013\/11\/dark-golden1.jpg\",\"width\":650,\"height\":490,\"caption\":\"Tendencia para el cabello: Las \\u201cdark golden\\u201d reemplazan a las mechas californianas\"},{\"@type\":\"WebPage\",\"@id\":\"https:\/\/www.unicas.pe\/blog\/dark-golden-tintes\/#webpage\",\"url\":\"https:\/\/www.unicas.pe\/blog\/dark-golden-tintes\/\",\"name\":\"Tendencia para el cabello: Las \\u201cdark golden\\u201d reemplazan a las mechas californianas - Unicas\",\"isPartOf\":{\"@id\":\"https:\/\/www.unicas.pe\/blog\/#website\"},\"primaryImageOfPage\":{\"@id\":\"https:\/\/www.unicas.pe\/blog\/dark-golden-tintes\/#primaryimage\"},\"datePublished\":\"2013-11-14T20:16:35+00:00\",\"dateModified\":\"2019-01-11T02:37:01+00:00\",\"author\":{\"@id\":\"https:\/\/www.unicas.pe\/blog\/#\/schema\/person\/60053f595c6d0f3f11ed52a01c961cdb\"},\"breadcrumb\":{\"@id\":\"https:\/\/www.unicas.pe\/blog\/dark-golden-tintes\/#breadcrumb\"},\"inLanguage\":\"es\",\"potentialAction\":[{\"@type\":\"ReadAction\",\"target\":[\"https:\/\/www.unicas.pe\/blog\/dark-golden-tintes\/\"]}]},{\"@type\":\"BreadcrumbList\",\"@id\":\"https:\/\/www.unicas.pe\/blog\/dark-golden-tintes\/#breadcrumb\",\"itemListElement\":[{\"@type\":\"ListItem\",\"position\":1,\"item\":{\"@type\":\"WebPage\",\"@id\":\"https:\/\/www.unicas.pe\/blog\/\",\"url\":\"https:\/\/www.unicas.pe\/blog\/\",\"name\":\"Portada\"}},{\"@type\":\"ListItem\",\"position\":2,\"item\":{\"@type\":\"WebPage\",\"@id\":\"https:\/\/www.unicas.pe\/blog\/dark-golden-tintes\/\",\"url\":\"https:\/\/www.unicas.pe\/blog\/dark-golden-tintes\/\",\"name\":\"Tendencia para el cabello: Las \\u201cdark golden\\u201d reemplazan a las mechas californianas\"}}]},{\"@type\":\"Person\",\"@id\":\"https:\/\/www.unicas.pe\/blog\/#\/schema\/person\/60053f595c6d0f3f11ed52a01c961cdb\",\"name\":\"Katty Gora\",\"image\":{\"@type\":\"ImageObject\",\"@id\":\"https:\/\/www.unicas.pe\/blog\/#personlogo\",\"inLanguage\":\"es\",\"url\":\"https:\/\/www.unicas.pe\/blog\/wp-content\/uploads\/2019\/01\/168392_1786370415133_366102_n-150x150.jpg\",\"caption\":\"Katty Gora\"},\"description\":\"Katty is a passionate blogger, diving into different subjects like fashion, trends, styles and news and more. Discover the great insight of a true quality blogger!\"}]}<\/script>\n<!-- \/ Yoast SEO plugin. -->","_links":{"self":[{"href":"https:\/\/www.unicas.pe\/blog\/wp-json\/wp\/v2\/posts\/1593"}],"collection":[{"href":"https:\/\/www.unicas.pe\/blog\/wp-json\/wp\/v2\/posts"}],"about":[{"href":"https:\/\/www.unicas.pe\/blog\/wp-json\/wp\/v2\/types\/post"}],"author":[{"embeddable":true,"href":"https:\/\/www.unicas.pe\/blog\/wp-json\/wp\/v2\/users\/1"}],"replies":[{"embeddable":true,"href":"https:\/\/www.unicas.pe\/blog\/wp-json\/wp\/v2\/comments?post=1593"}],"version-history":[{"count":1,"href":"https:\/\/www.unicas.pe\/blog\/wp-json\/wp\/v2\/posts\/1593\/revisions"}],"predecessor-version":[{"id":11105,"href":"https:\/\/www.unicas.pe\/blog\/wp-json\/wp\/v2\/posts\/1593\/revisions\/11105"}],"wp:featuredmedia":[{"embeddable":true,"href":"https:\/\/www.unicas.pe\/blog\/wp-json\/wp\/v2\/media\/1587"}],"wp:attachment":[{"href":"https:\/\/www.unicas.pe\/blog\/wp-json\/wp\/v2\/media?parent=1593"}],"wp:term":[{"taxonomy":"category","embeddable":true,"href":"https:\/\/www.unicas.pe\/blog\/wp-json\/wp\/v2\/categories?post=1593"},{"taxonomy":"post_tag","embeddable":true,"href":"https:\/\/www.unicas.pe\/blog\/wp-json\/wp\/v2\/tags?post=1593"}],"curies":[{"name":"wp","href":"https:\/\/api.w.org\/{rel}","templated":true}]}}