{"id":1663,"date":"2013-11-15T18:42:05","date_gmt":"2013-11-15T23:42:05","guid":{"rendered":"http:\/\/209.133.219.102\/~newunicas\/blog\/2013\/11\/15\/dia-mundial-diabetes\/"},"modified":"2019-01-10T21:37:00","modified_gmt":"2019-01-11T02:37:00","slug":"dia-mundial-diabetes","status":"publish","type":"post","link":"https:\/\/www.unicas.pe\/blog\/dia-mundial-diabetes\/","title":{"rendered":"Este mes se celebra el D\u00eda Mundial de la Diabetes \u00bfSabes como act\u00faa esta enfermedad?"},"content":{"rendered":"<p style=\"text-align: justify;\">Casi 366 millones de personas viven con <strong>diabetes<\/strong> en el mundo. En el Per\u00fa la mitad de los afectados no saben que la tienen, y los que s\u00ed no la controlan adecuadamente.\u00a0<\/p>\n<p>  <!--more-->  <\/p>\n<p style=\"text-align: justify;\">El 14 de noviembre fue instaurado por la <strong>Federaci\u00f3n Internacional de Diabetes<\/strong> y la <strong>Organizaci\u00f3n Mundial de la Salud<\/strong> en 1991 como respuesta al aumento de diab\u00e9ticos en el mundo. El lema de la campa\u00f1a es \u201c<strong>Diabetes Educaci\u00f3n y Prevenci\u00f3n<\/strong>\u201d, esto porque los afectados tienen que atenderse obligatoriamente ellos mismos y necesitan la informaci\u00f3n y formaci\u00f3n necesaria para hacerlo. En nuestro pa\u00eds, solo la mitad de personas que son conscientes que tienen la enfermedad, saben controlarla adecuadamente.\u00a0<\/p>\n<p style=\"text-align: justify;\"><img class=\" size-full wp-image-1655\" src=\"http:\/\/209.133.219.102\/~newunicas\/blog\/wp-content\/uploads\/2013\/11\/diabetes1.jpg\" alt=\"Este mes se celebra el D\u00eda Mundial de la Diabetes \u00bfSabes como act\u00faa esta enfermedad?\" title=\"Este mes se celebra el D\u00eda Mundial de la Diabetes \u00bfSabes como act\u00faa esta enfermedad?\" width=\"600\" srcset=\"https:\/\/www.unicas.pe\/blog\/wp-content\/uploads\/2013\/11\/diabetes1.jpg 650w, https:\/\/www.unicas.pe\/blog\/wp-content\/uploads\/2013\/11\/diabetes1-150x150.jpg 150w, https:\/\/www.unicas.pe\/blog\/wp-content\/uploads\/2013\/11\/diabetes1-300x300.jpg 300w, https:\/\/www.unicas.pe\/blog\/wp-content\/uploads\/2013\/11\/diabetes1-420x420.jpg 420w\" sizes=\"(max-width: 650px) 100vw, 650px\" \/><\/p>\n<p style=\"text-align: justify;\">La diabetes se origina por problemas de producci\u00f3n de <strong>insulina<\/strong>, una <strong>hormona<\/strong> que sirve para metabolizar la <strong>glucosa<\/strong> de los alimentos (<strong>az\u00facar<\/strong>). Por este motivo la glucosa en vez de alojarse en las c\u00e9lulas para convertirse en energ\u00eda se amontona en la <strong>sangre<\/strong> con niveles muy elevados. Esto trae muchas consecuencias negativas e incluso puede ser fatal.<\/p>\n<p style=\"text-align: justify;\"><img class=\" size-full wp-image-1656\" src=\"http:\/\/209.133.219.102\/~newunicas\/blog\/wp-content\/uploads\/2013\/11\/diabetes3.jpg\" alt=\"Este mes se celebra el D\u00eda Mundial de la Diabetes \u00bfSabes como act\u00faa esta enfermedad?\" title=\"Este mes se celebra el D\u00eda Mundial de la Diabetes \u00bfSabes como act\u00faa esta enfermedad?\" width=\"600\" srcset=\"https:\/\/www.unicas.pe\/blog\/wp-content\/uploads\/2013\/11\/diabetes3.jpg 650w, https:\/\/www.unicas.pe\/blog\/wp-content\/uploads\/2013\/11\/diabetes3-300x218.jpg 300w, https:\/\/www.unicas.pe\/blog\/wp-content\/uploads\/2013\/11\/diabetes3-324x235.jpg 324w, https:\/\/www.unicas.pe\/blog\/wp-content\/uploads\/2013\/11\/diabetes3-648x473.jpg 648w, https:\/\/www.unicas.pe\/blog\/wp-content\/uploads\/2013\/11\/diabetes3-577x420.jpg 577w\" sizes=\"(max-width: 650px) 100vw, 650px\" \/><\/p>\n<p style=\"text-align: justify;\">Existen dos tipos de enfermos de diabetes. Los que tienen la <strong>diabetes tipo 1<\/strong> producen poca insulina y tienen que administrarse la hormona diariamente. La gran mayor\u00eda de los afectados aprenden a inyect\u00e1rsela. Por otro lado, los que tienen la <strong>diabetes tipo 2<\/strong> sufren de una utilizaci\u00f3n ineficaz de la insulina que producen, son el 90% de los casos en todo el mundo. Para ellos es recomendable seguir una <strong>dieta<\/strong> saludable, hacer <strong>ejercicio<\/strong>, tener un<strong> peso ideal<\/strong> y no fumar.\u00a0<\/p>\n<p style=\"text-align: justify;\"><img class=\" size-full wp-image-1657\" src=\"http:\/\/209.133.219.102\/~newunicas\/blog\/wp-content\/uploads\/2013\/11\/diabetes2.jpg\" alt=\"Este mes se celebra el D\u00eda Mundial de la Diabetes \u00bfSabes como act\u00faa esta enfermedad?\" title=\"Este mes se celebra el D\u00eda Mundial de la Diabetes \u00bfSabes como act\u00faa esta enfermedad?\" width=\"600\" srcset=\"https:\/\/www.unicas.pe\/blog\/wp-content\/uploads\/2013\/11\/diabetes2.jpg 650w, https:\/\/www.unicas.pe\/blog\/wp-content\/uploads\/2013\/11\/diabetes2-300x199.jpg 300w, https:\/\/www.unicas.pe\/blog\/wp-content\/uploads\/2013\/11\/diabetes2-648x432.jpg 648w, https:\/\/www.unicas.pe\/blog\/wp-content\/uploads\/2013\/11\/diabetes2-632x420.jpg 632w\" sizes=\"(max-width: 650px) 100vw, 650px\" \/><\/p>\n<p style=\"text-align: justify;\">Esta enfermedad no tiene cura, sin embargo puede ser controlada y prevenida. La forma m\u00e1s sencilla de saber si has contra\u00eddo diabetes es hacerse <strong>an\u00e1lisis de sangre<\/strong> peri\u00f3dicos pues la enfermedad act\u00faa silenciosamente. Sin embargo aqu\u00ed te enumeramos algunos para que andes m\u00e1s alerta.<\/p>\n<p style=\"text-align: justify;\"><img class=\" size-full wp-image-1658\" src=\"http:\/\/209.133.219.102\/~newunicas\/blog\/wp-content\/uploads\/2013\/11\/diabetes4.jpg\" alt=\"Este mes se celebra el D\u00eda Mundial de la Diabetes \u00bfSabes como act\u00faa esta enfermedad?\" title=\"Este mes se celebra el D\u00eda Mundial de la Diabetes \u00bfSabes como act\u00faa esta enfermedad?\" width=\"600\" srcset=\"https:\/\/www.unicas.pe\/blog\/wp-content\/uploads\/2013\/11\/diabetes4.jpg 650w, https:\/\/www.unicas.pe\/blog\/wp-content\/uploads\/2013\/11\/diabetes4-300x201.jpg 300w, https:\/\/www.unicas.pe\/blog\/wp-content\/uploads\/2013\/11\/diabetes4-648x435.jpg 648w, https:\/\/www.unicas.pe\/blog\/wp-content\/uploads\/2013\/11\/diabetes4-628x420.jpg 628w\" sizes=\"(max-width: 650px) 100vw, 650px\" \/><\/p>\n<p style=\"text-align: justify;\"><span style=\"line-height: 1.3em;\">\u00a0<\/span>Aumento de micci\u00f3n. Si vas muchas veces al ba\u00f1o, sobre todo de noche entonces puede que tengas la enfermedad. Esto pasa porque los ri\u00f1ones tratan de deshacerse del exceso de glucosa en la sangre.<\/p>\n<p style=\"text-align: justify;\"><img class=\" size-full wp-image-1659\" src=\"http:\/\/209.133.219.102\/~newunicas\/blog\/wp-content\/uploads\/2013\/11\/diabetes5.jpg\" alt=\"Este mes se celebra el D\u00eda Mundial de la Diabetes \u00bfSabes como act\u00faa esta enfermedad?\" title=\"Este mes se celebra el D\u00eda Mundial de la Diabetes \u00bfSabes como act\u00faa esta enfermedad?\" width=\"600\" srcset=\"https:\/\/www.unicas.pe\/blog\/wp-content\/uploads\/2013\/11\/diabetes5.jpg 650w, https:\/\/www.unicas.pe\/blog\/wp-content\/uploads\/2013\/11\/diabetes5-300x200.jpg 300w, https:\/\/www.unicas.pe\/blog\/wp-content\/uploads\/2013\/11\/diabetes5-648x434.jpg 648w, https:\/\/www.unicas.pe\/blog\/wp-content\/uploads\/2013\/11\/diabetes5-629x420.jpg 629w\" sizes=\"(max-width: 650px) 100vw, 650px\" \/><\/p>\n<p style=\"text-align: justify;\"><span style=\"line-height: 1.3em;\">\u00a0<\/span>Aumento de <strong>sed<\/strong><\/p>\n<p style=\"text-align: justify;\">El cuerpo va tratar de reponer los l\u00edquidos perdidos que eliminas cuando orinas.<\/p>\n<p style=\"text-align: justify;\"><img class=\" size-full wp-image-1660\" src=\"http:\/\/209.133.219.102\/~newunicas\/blog\/wp-content\/uploads\/2013\/11\/diabetes6.jpg\" alt=\"Este mes se celebra el D\u00eda Mundial de la Diabetes \u00bfSabes como act\u00faa esta enfermedad?\" title=\"Este mes se celebra el D\u00eda Mundial de la Diabetes \u00bfSabes como act\u00faa esta enfermedad?\" width=\"600\" srcset=\"https:\/\/www.unicas.pe\/blog\/wp-content\/uploads\/2013\/11\/diabetes6.jpg 650w, https:\/\/www.unicas.pe\/blog\/wp-content\/uploads\/2013\/11\/diabetes6-300x239.jpg 300w, https:\/\/www.unicas.pe\/blog\/wp-content\/uploads\/2013\/11\/diabetes6-528x420.jpg 528w\" sizes=\"(max-width: 650px) 100vw, 650px\" \/><\/p>\n<p style=\"text-align: justify;\"><strong>P\u00e9rdida de peso<\/strong><\/p>\n<p style=\"text-align: justify;\">Se podr\u00eda perder hasta 10 kilos en dos meses sin ning\u00fan motivo. Esto porque si la insulina no se convierte en energ\u00eda, el cuerpo creer\u00e1 que le falta alimento y se empiezan a consumir las prote\u00ednas de los m\u00fasculos.<\/p>\n<p style=\"text-align: justify;\"><img class=\" size-full wp-image-1661\" src=\"http:\/\/209.133.219.102\/~newunicas\/blog\/wp-content\/uploads\/2013\/11\/diabetes7.jpg\" alt=\"Este mes se celebra el D\u00eda Mundial de la Diabetes \u00bfSabes como act\u00faa esta enfermedad?\" title=\"Este mes se celebra el D\u00eda Mundial de la Diabetes \u00bfSabes como act\u00faa esta enfermedad?\" width=\"600\" srcset=\"https:\/\/www.unicas.pe\/blog\/wp-content\/uploads\/2013\/11\/diabetes7.jpg 650w, https:\/\/www.unicas.pe\/blog\/wp-content\/uploads\/2013\/11\/diabetes7-300x254.jpg 300w, https:\/\/www.unicas.pe\/blog\/wp-content\/uploads\/2013\/11\/diabetes7-496x420.jpg 496w\" sizes=\"(max-width: 650px) 100vw, 650px\" \/><\/p>\n<p style=\"text-align: justify;\">Ataques de <strong>hambre<\/strong><\/p>\n<p style=\"text-align: justify;\">Cuando cae el nivel de az\u00facar, el cuerpo cree que no ha sido alimentado y se produce mucho apetito.<\/p>\n<p style=\"text-align: justify;\"><img class=\" size-full wp-image-1662\" src=\"http:\/\/209.133.219.102\/~newunicas\/blog\/wp-content\/uploads\/2013\/11\/diabetes8.jpg\" alt=\"Este mes se celebra el D\u00eda Mundial de la Diabetes \u00bfSabes como act\u00faa esta enfermedad?\" title=\"Este mes se celebra el D\u00eda Mundial de la Diabetes \u00bfSabes como act\u00faa esta enfermedad?\" width=\"600\" srcset=\"https:\/\/www.unicas.pe\/blog\/wp-content\/uploads\/2013\/11\/diabetes8.jpg 650w, https:\/\/www.unicas.pe\/blog\/wp-content\/uploads\/2013\/11\/diabetes8-300x225.jpg 300w, https:\/\/www.unicas.pe\/blog\/wp-content\/uploads\/2013\/11\/diabetes8-80x60.jpg 80w, https:\/\/www.unicas.pe\/blog\/wp-content\/uploads\/2013\/11\/diabetes8-160x120.jpg 160w, https:\/\/www.unicas.pe\/blog\/wp-content\/uploads\/2013\/11\/diabetes8-265x198.jpg 265w, https:\/\/www.unicas.pe\/blog\/wp-content\/uploads\/2013\/11\/diabetes8-559x420.jpg 559w\" sizes=\"(max-width: 650px) 100vw, 650px\" \/><\/p>\n<p style=\"text-align: justify;\">Recuerda llevar una <strong>vida saludable<\/strong> porque es la \u00fanica forma de prevenci\u00f3n. Adem\u00e1s, acude al m\u00e9dico para hacerte an\u00e1lisis de <strong>diabetes<\/strong>, se trata s\u00f3lo de un pinchazo.<\/p>\n","protected":false},"excerpt":{"rendered":"<p>Casi 366 millones de personas viven con diabetes en el mundo. En el Per\u00fa la mitad de los afectados no saben que la tienen, y los que s\u00ed no la controlan adecuadamente.\u00a0<\/p>\n","protected":false},"author":1,"featured_media":1655,"comment_status":"closed","ping_status":"open","sticky":false,"template":"","format":"standard","meta":[],"categories":[57],"tags":[207,2435,1071,2430,2431,116,1194,2434,2432,2433,1792],"yoast_head":"<!-- This site is optimized with the Yoast SEO plugin v16.0.2 - https:\/\/yoast.com\/wordpress\/plugins\/seo\/ -->\n<link rel=\"canonical\" href=\"https:\/\/www.unicas.pe\/blog\/dia-mundial-diabetes\/\" \/>\n<meta property=\"og:locale\" content=\"es_ES\" \/>\n<meta property=\"og:type\" content=\"article\" \/>\n<meta property=\"og:title\" content=\"Este mes se celebra el D\u00eda Mundial de la Diabetes \u00bfSabes como act\u00faa esta enfermedad? - Unicas\" \/>\n<meta property=\"og:description\" content=\"Casi 366 millones de personas viven con diabetes en el mundo. En el Per\u00fa la mitad de los afectados no saben que la tienen, y los que s\u00ed no la controlan adecuadamente.\u00a0\" \/>\n<meta property=\"og:url\" content=\"https:\/\/www.unicas.pe\/blog\/dia-mundial-diabetes\/\" \/>\n<meta property=\"og:site_name\" content=\"Unicas\" \/>\n<meta property=\"article:published_time\" content=\"2013-11-15T23:42:05+00:00\" \/>\n<meta property=\"article:modified_time\" content=\"2019-01-11T02:37:00+00:00\" \/>\n<meta property=\"og:image\" content=\"https:\/\/www.unicas.pe\/blog\/wp-content\/uploads\/2013\/11\/diabetes1.jpg\" \/>\n\t<meta property=\"og:image:width\" content=\"650\" \/>\n\t<meta property=\"og:image:height\" content=\"650\" \/>\n<meta name=\"twitter:card\" content=\"summary_large_image\" \/>\n<meta name=\"twitter:label1\" content=\"Tiempo de lectura\">\n\t<meta name=\"twitter:data1\" content=\"2 minutos\">\n<script type=\"application\/ld+json\" class=\"yoast-schema-graph\">{\"@context\":\"https:\/\/schema.org\",\"@graph\":[{\"@type\":\"WebSite\",\"@id\":\"https:\/\/www.unicas.pe\/blog\/#website\",\"url\":\"https:\/\/www.unicas.pe\/blog\/\",\"name\":\"Unicas\",\"description\":\"Blog sobre belleza, maquillaje, moda, y mucho m\\u00e1s.\",\"potentialAction\":[{\"@type\":\"SearchAction\",\"target\":\"https:\/\/www.unicas.pe\/blog\/?s={search_term_string}\",\"query-input\":\"required name=search_term_string\"}],\"inLanguage\":\"es\"},{\"@type\":\"ImageObject\",\"@id\":\"https:\/\/www.unicas.pe\/blog\/dia-mundial-diabetes\/#primaryimage\",\"inLanguage\":\"es\",\"url\":\"https:\/\/www.unicas.pe\/blog\/wp-content\/uploads\/2013\/11\/diabetes1.jpg\",\"width\":650,\"height\":650,\"caption\":\"Este mes se celebra el D\\u00eda Mundial de la Diabetes \\u00bfSabes como act\\u00faa esta enfermedad?\"},{\"@type\":\"WebPage\",\"@id\":\"https:\/\/www.unicas.pe\/blog\/dia-mundial-diabetes\/#webpage\",\"url\":\"https:\/\/www.unicas.pe\/blog\/dia-mundial-diabetes\/\",\"name\":\"Este mes se celebra el D\\u00eda Mundial de la Diabetes \\u00bfSabes como act\\u00faa esta enfermedad? - Unicas\",\"isPartOf\":{\"@id\":\"https:\/\/www.unicas.pe\/blog\/#website\"},\"primaryImageOfPage\":{\"@id\":\"https:\/\/www.unicas.pe\/blog\/dia-mundial-diabetes\/#primaryimage\"},\"datePublished\":\"2013-11-15T23:42:05+00:00\",\"dateModified\":\"2019-01-11T02:37:00+00:00\",\"author\":{\"@id\":\"https:\/\/www.unicas.pe\/blog\/#\/schema\/person\/60053f595c6d0f3f11ed52a01c961cdb\"},\"breadcrumb\":{\"@id\":\"https:\/\/www.unicas.pe\/blog\/dia-mundial-diabetes\/#breadcrumb\"},\"inLanguage\":\"es\",\"potentialAction\":[{\"@type\":\"ReadAction\",\"target\":[\"https:\/\/www.unicas.pe\/blog\/dia-mundial-diabetes\/\"]}]},{\"@type\":\"BreadcrumbList\",\"@id\":\"https:\/\/www.unicas.pe\/blog\/dia-mundial-diabetes\/#breadcrumb\",\"itemListElement\":[{\"@type\":\"ListItem\",\"position\":1,\"item\":{\"@type\":\"WebPage\",\"@id\":\"https:\/\/www.unicas.pe\/blog\/\",\"url\":\"https:\/\/www.unicas.pe\/blog\/\",\"name\":\"Portada\"}},{\"@type\":\"ListItem\",\"position\":2,\"item\":{\"@type\":\"WebPage\",\"@id\":\"https:\/\/www.unicas.pe\/blog\/dia-mundial-diabetes\/\",\"url\":\"https:\/\/www.unicas.pe\/blog\/dia-mundial-diabetes\/\",\"name\":\"Este mes se celebra el D\\u00eda Mundial de la Diabetes \\u00bfSabes como act\\u00faa esta enfermedad?\"}}]},{\"@type\":\"Person\",\"@id\":\"https:\/\/www.unicas.pe\/blog\/#\/schema\/person\/60053f595c6d0f3f11ed52a01c961cdb\",\"name\":\"Katty Gora\",\"image\":{\"@type\":\"ImageObject\",\"@id\":\"https:\/\/www.unicas.pe\/blog\/#personlogo\",\"inLanguage\":\"es\",\"url\":\"https:\/\/www.unicas.pe\/blog\/wp-content\/uploads\/2019\/01\/168392_1786370415133_366102_n-150x150.jpg\",\"caption\":\"Katty Gora\"},\"description\":\"Katty is a passionate blogger, diving into different subjects like fashion, trends, styles and news and more. Discover the great insight of a true quality blogger!\"}]}<\/script>\n<!-- \/ Yoast SEO plugin. -->","_links":{"self":[{"href":"https:\/\/www.unicas.pe\/blog\/wp-json\/wp\/v2\/posts\/1663"}],"collection":[{"href":"https:\/\/www.unicas.pe\/blog\/wp-json\/wp\/v2\/posts"}],"about":[{"href":"https:\/\/www.unicas.pe\/blog\/wp-json\/wp\/v2\/types\/post"}],"author":[{"embeddable":true,"href":"https:\/\/www.unicas.pe\/blog\/wp-json\/wp\/v2\/users\/1"}],"replies":[{"embeddable":true,"href":"https:\/\/www.unicas.pe\/blog\/wp-json\/wp\/v2\/comments?post=1663"}],"version-history":[{"count":1,"href":"https:\/\/www.unicas.pe\/blog\/wp-json\/wp\/v2\/posts\/1663\/revisions"}],"predecessor-version":[{"id":11089,"href":"https:\/\/www.unicas.pe\/blog\/wp-json\/wp\/v2\/posts\/1663\/revisions\/11089"}],"wp:featuredmedia":[{"embeddable":true,"href":"https:\/\/www.unicas.pe\/blog\/wp-json\/wp\/v2\/media\/1655"}],"wp:attachment":[{"href":"https:\/\/www.unicas.pe\/blog\/wp-json\/wp\/v2\/media?parent=1663"}],"wp:term":[{"taxonomy":"category","embeddable":true,"href":"https:\/\/www.unicas.pe\/blog\/wp-json\/wp\/v2\/categories?post=1663"},{"taxonomy":"post_tag","embeddable":true,"href":"https:\/\/www.unicas.pe\/blog\/wp-json\/wp\/v2\/tags?post=1663"}],"curies":[{"name":"wp","href":"https:\/\/api.w.org\/{rel}","templated":true}]}}