{"id":1996,"date":"2013-12-03T18:19:59","date_gmt":"2013-12-03T23:19:59","guid":{"rendered":"http:\/\/209.133.219.102\/~newunicas\/blog\/2013\/12\/03\/5-prendas-denim-no-deben-faltar-closet\/"},"modified":"2019-01-10T21:36:53","modified_gmt":"2019-01-11T02:36:53","slug":"5-prendas-denim-no-deben-faltar-closet","status":"publish","type":"post","link":"https:\/\/www.unicas.pe\/blog\/5-prendas-denim-no-deben-faltar-closet\/","title":{"rendered":"5 prendas b\u00e1sicas de denim que no deben faltar en tu closet"},"content":{"rendered":"<p style=\"text-align: justify;\">El <strong>denim<\/strong> es una tela que nunca pasar\u00e1 de moda y viene reinvent\u00e1ndose cada temporada, conoce con nosotros cu\u00e1les son las prendas b\u00e1sicas que no deben faltar en tu closet.<\/p>\n<p>  <!--more-->  <\/p>\n<p style=\"text-align: justify;\">El <strong>denim<\/strong> es una tela de algod\u00f3n, entrelazado de trama blanca y te\u00f1ido de un color azul, que se ha convertido en un material para confeccionar muchas prendas entre ellas el famoso y b\u00e1sico pantal\u00f3n jean. Pero este material no se qued\u00f3 solo en los pantalones sino que sirvi\u00f3 para confeccionar casacas, faldas, camisas, shorts, vestidos y hasta accesorios.<\/p>\n<p style=\"text-align: justify;\">El denim es una tela que nunca pasa de moda y que se reinventa para nunca salir de nuestro closet. Adem\u00e1s es una tela muy vers\u00e1til, y combinable con cualquier otras prendas o estampados. Por ello te mostramos una lista de prendas que no deben faltar en tu closet.<\/p>\n<p style=\"text-align: justify;\"><strong>Pantal\u00f3n jean:<\/strong> Los jeans son la prenda por excelencia para lucir el denim. Hay muchos estilos y tendencias en jeans desde los skinny jeans hasta los boyfriend jeans.<\/p>\n<p style=\"text-align: justify;\"><strong>Chaleco:<\/strong> Otra gran prenda de jean que no puede faltar en tu closet es el chaleco. Con esta prenda le das un toque divertido a tu look y queda muy bien con faldas, vestidos o jeans. Para esta temporada de primavera-verano es una buena opci\u00f3n para tu outfit.<\/p>\n<p style=\"text-align: justify;\"><strong>Falda o short de jean:<\/strong> Esta es otra prenda f\u00e1cil de combinar. Puedes optar por camisas y blusas para ocasiones m\u00e1s formales y unos buenos tacones. De lo contrario si quieres conseguir un look m\u00e1s informal para diario, las puedes combinar con sandalias, zapatillas y un top.<\/p>\n<p style=\"text-align: justify;\"><strong>Casaca jean:<\/strong> Esta prenda es ideal como un abrigo liviano para usar con shorts, faldas, vestidos o tambi\u00e9n con jeans.<\/p>\n<p style=\"text-align: justify;\"><strong>Camisa de jean:<\/strong> La camisa de jean es una de esas prendas que se han vuelto b\u00e1sicas en los \u00faltimos tiempos, la puedes combinar con faldas, vestidos y pantalones de colores.\u00a0<\/p>\n<p style=\"text-align: justify;\"><img loading=\"lazy\" class=\" size-full wp-image-1995\" src=\"http:\/\/209.133.219.102\/~newunicas\/blog\/wp-content\/uploads\/2013\/12\/denim-001.jpg\" alt=\"5 prendas b\u00e1sicas de denim que no deben faltar en tu closet\" title=\"5 prendas b\u00e1sicas de denim que no deben faltar en tu closet\" width=\"650\" height=\"260\" srcset=\"https:\/\/www.unicas.pe\/blog\/wp-content\/uploads\/2013\/12\/denim-001.jpg 650w, https:\/\/www.unicas.pe\/blog\/wp-content\/uploads\/2013\/12\/denim-001-300x120.jpg 300w, https:\/\/www.unicas.pe\/blog\/wp-content\/uploads\/2013\/12\/denim-001-648x260.jpg 648w\" sizes=\"(max-width: 650px) 100vw, 650px\" \/><\/p>\n","protected":false},"excerpt":{"rendered":"<p>El denim es una tela que nunca pasar\u00e1 de moda y viene reinvent\u00e1ndose cada temporada, conoce con nosotros cu\u00e1les son las prendas b\u00e1sicas que no deben faltar en tu closet.<\/p>\n","protected":false},"author":1,"featured_media":1995,"comment_status":"closed","ping_status":"open","sticky":false,"template":"","format":"standard","meta":[],"categories":[4],"tags":[440,619,2394,1605,436,93,1484,452,867],"yoast_head":"<!-- This site is optimized with the Yoast SEO plugin v16.0.2 - https:\/\/yoast.com\/wordpress\/plugins\/seo\/ -->\n<link rel=\"canonical\" href=\"https:\/\/www.unicas.pe\/blog\/5-prendas-denim-no-deben-faltar-closet\/\" \/>\n<meta property=\"og:locale\" content=\"es_ES\" \/>\n<meta property=\"og:type\" content=\"article\" \/>\n<meta property=\"og:title\" content=\"5 prendas b\u00e1sicas de denim que no deben faltar en tu closet - Unicas\" \/>\n<meta property=\"og:description\" content=\"El denim es una tela que nunca pasar\u00e1 de moda y viene reinvent\u00e1ndose cada temporada, conoce con nosotros cu\u00e1les son las prendas b\u00e1sicas que no deben faltar en tu closet.\" \/>\n<meta property=\"og:url\" content=\"https:\/\/www.unicas.pe\/blog\/5-prendas-denim-no-deben-faltar-closet\/\" \/>\n<meta property=\"og:site_name\" content=\"Unicas\" \/>\n<meta property=\"article:published_time\" content=\"2013-12-03T23:19:59+00:00\" \/>\n<meta property=\"article:modified_time\" content=\"2019-01-11T02:36:53+00:00\" \/>\n<meta property=\"og:image\" content=\"https:\/\/www.unicas.pe\/blog\/wp-content\/uploads\/2013\/12\/denim-001.jpg\" \/>\n\t<meta property=\"og:image:width\" content=\"650\" \/>\n\t<meta property=\"og:image:height\" content=\"260\" \/>\n<meta name=\"twitter:card\" content=\"summary_large_image\" \/>\n<meta name=\"twitter:label1\" content=\"Tiempo de lectura\">\n\t<meta name=\"twitter:data1\" content=\"2 minutos\">\n<script type=\"application\/ld+json\" class=\"yoast-schema-graph\">{\"@context\":\"https:\/\/schema.org\",\"@graph\":[{\"@type\":\"WebSite\",\"@id\":\"https:\/\/www.unicas.pe\/blog\/#website\",\"url\":\"https:\/\/www.unicas.pe\/blog\/\",\"name\":\"Unicas\",\"description\":\"Blog sobre belleza, maquillaje, moda, y mucho m\\u00e1s.\",\"potentialAction\":[{\"@type\":\"SearchAction\",\"target\":\"https:\/\/www.unicas.pe\/blog\/?s={search_term_string}\",\"query-input\":\"required name=search_term_string\"}],\"inLanguage\":\"es\"},{\"@type\":\"ImageObject\",\"@id\":\"https:\/\/www.unicas.pe\/blog\/5-prendas-denim-no-deben-faltar-closet\/#primaryimage\",\"inLanguage\":\"es\",\"url\":\"https:\/\/www.unicas.pe\/blog\/wp-content\/uploads\/2013\/12\/denim-001.jpg\",\"width\":650,\"height\":260,\"caption\":\"5 prendas b\\u00e1sicas de denim que no deben faltar en tu closet\"},{\"@type\":\"WebPage\",\"@id\":\"https:\/\/www.unicas.pe\/blog\/5-prendas-denim-no-deben-faltar-closet\/#webpage\",\"url\":\"https:\/\/www.unicas.pe\/blog\/5-prendas-denim-no-deben-faltar-closet\/\",\"name\":\"5 prendas b\\u00e1sicas de denim que no deben faltar en tu closet - Unicas\",\"isPartOf\":{\"@id\":\"https:\/\/www.unicas.pe\/blog\/#website\"},\"primaryImageOfPage\":{\"@id\":\"https:\/\/www.unicas.pe\/blog\/5-prendas-denim-no-deben-faltar-closet\/#primaryimage\"},\"datePublished\":\"2013-12-03T23:19:59+00:00\",\"dateModified\":\"2019-01-11T02:36:53+00:00\",\"author\":{\"@id\":\"https:\/\/www.unicas.pe\/blog\/#\/schema\/person\/60053f595c6d0f3f11ed52a01c961cdb\"},\"breadcrumb\":{\"@id\":\"https:\/\/www.unicas.pe\/blog\/5-prendas-denim-no-deben-faltar-closet\/#breadcrumb\"},\"inLanguage\":\"es\",\"potentialAction\":[{\"@type\":\"ReadAction\",\"target\":[\"https:\/\/www.unicas.pe\/blog\/5-prendas-denim-no-deben-faltar-closet\/\"]}]},{\"@type\":\"BreadcrumbList\",\"@id\":\"https:\/\/www.unicas.pe\/blog\/5-prendas-denim-no-deben-faltar-closet\/#breadcrumb\",\"itemListElement\":[{\"@type\":\"ListItem\",\"position\":1,\"item\":{\"@type\":\"WebPage\",\"@id\":\"https:\/\/www.unicas.pe\/blog\/\",\"url\":\"https:\/\/www.unicas.pe\/blog\/\",\"name\":\"Portada\"}},{\"@type\":\"ListItem\",\"position\":2,\"item\":{\"@type\":\"WebPage\",\"@id\":\"https:\/\/www.unicas.pe\/blog\/5-prendas-denim-no-deben-faltar-closet\/\",\"url\":\"https:\/\/www.unicas.pe\/blog\/5-prendas-denim-no-deben-faltar-closet\/\",\"name\":\"5 prendas b\\u00e1sicas de denim que no deben faltar en tu closet\"}}]},{\"@type\":\"Person\",\"@id\":\"https:\/\/www.unicas.pe\/blog\/#\/schema\/person\/60053f595c6d0f3f11ed52a01c961cdb\",\"name\":\"Katty Gora\",\"image\":{\"@type\":\"ImageObject\",\"@id\":\"https:\/\/www.unicas.pe\/blog\/#personlogo\",\"inLanguage\":\"es\",\"url\":\"https:\/\/www.unicas.pe\/blog\/wp-content\/uploads\/2019\/01\/168392_1786370415133_366102_n-150x150.jpg\",\"caption\":\"Katty Gora\"},\"description\":\"Katty is a passionate blogger, diving into different subjects like fashion, trends, styles and news and more. Discover the great insight of a true quality blogger!\"}]}<\/script>\n<!-- \/ Yoast SEO plugin. -->","_links":{"self":[{"href":"https:\/\/www.unicas.pe\/blog\/wp-json\/wp\/v2\/posts\/1996"}],"collection":[{"href":"https:\/\/www.unicas.pe\/blog\/wp-json\/wp\/v2\/posts"}],"about":[{"href":"https:\/\/www.unicas.pe\/blog\/wp-json\/wp\/v2\/types\/post"}],"author":[{"embeddable":true,"href":"https:\/\/www.unicas.pe\/blog\/wp-json\/wp\/v2\/users\/1"}],"replies":[{"embeddable":true,"href":"https:\/\/www.unicas.pe\/blog\/wp-json\/wp\/v2\/comments?post=1996"}],"version-history":[{"count":1,"href":"https:\/\/www.unicas.pe\/blog\/wp-json\/wp\/v2\/posts\/1996\/revisions"}],"predecessor-version":[{"id":11002,"href":"https:\/\/www.unicas.pe\/blog\/wp-json\/wp\/v2\/posts\/1996\/revisions\/11002"}],"wp:featuredmedia":[{"embeddable":true,"href":"https:\/\/www.unicas.pe\/blog\/wp-json\/wp\/v2\/media\/1995"}],"wp:attachment":[{"href":"https:\/\/www.unicas.pe\/blog\/wp-json\/wp\/v2\/media?parent=1996"}],"wp:term":[{"taxonomy":"category","embeddable":true,"href":"https:\/\/www.unicas.pe\/blog\/wp-json\/wp\/v2\/categories?post=1996"},{"taxonomy":"post_tag","embeddable":true,"href":"https:\/\/www.unicas.pe\/blog\/wp-json\/wp\/v2\/tags?post=1996"}],"curies":[{"name":"wp","href":"https:\/\/api.w.org\/{rel}","templated":true}]}}