{"id":2072,"date":"2013-12-06T17:11:38","date_gmt":"2013-12-06T22:11:38","guid":{"rendered":"http:\/\/209.133.219.102\/~newunicas\/blog\/2013\/12\/06\/bisuteria-cadenas-para-cuerpo\/"},"modified":"2019-01-10T21:36:52","modified_gmt":"2019-01-11T02:36:52","slug":"bisuteria-cadenas-para-cuerpo","status":"publish","type":"post","link":"https:\/\/www.unicas.pe\/blog\/bisuteria-cadenas-para-cuerpo\/","title":{"rendered":"Cadenas para el cuerpo: descubre la nueva tendencia de bisuter\u00eda para el verano"},"content":{"rendered":"<p style=\"text-align: justify;\">Es un nuevo estilo de <strong>bisuter\u00eda<\/strong> moderna que se estren\u00f3 el septiembre pasado en el London Fashion Week. Tiene un estilo muy sexy y bohemio, ideal para el <strong>verano<\/strong>.<\/p>\n<p>  <!--more-->  <\/p>\n<p style=\"text-align: justify;\">Estos modelos, <strong>popularmente utilizados en las piernas, desde la cintura hasta el muslo<\/strong>, tienen una variedad de estilos y hay uno espec\u00edfico para cada tipo de mujer. Sin embargo, no son exclusivos para esta parte del cuerpo, <strong>se pueden usar tambi\u00e9n desde el cuello hasta la cintura, en la espalda o en los brazos<\/strong>. Quien decide llevar este dise\u00f1o de <strong>bisuter\u00eda<\/strong> debe saber que se trata de una cuesti\u00f3n de gustos y sobre todo de costumbre.<\/p>\n<p style=\"text-align: justify;\"><img class=\" size-full wp-image-2058\" src=\"http:\/\/209.133.219.102\/~newunicas\/blog\/wp-content\/uploads\/2013\/12\/cadena_1.jpg\" alt=\"Cadenas para el cuerpo: descubre la nueva tendencia de bisuter\u00eda para el verano\" title=\"Cadenas para el cuerpo: descubre la nueva tendencia de bisuter\u00eda para el verano\" width=\"600\" srcset=\"https:\/\/www.unicas.pe\/blog\/wp-content\/uploads\/2013\/12\/cadena_1.jpg 650w, https:\/\/www.unicas.pe\/blog\/wp-content\/uploads\/2013\/12\/cadena_1-200x300.jpg 200w, https:\/\/www.unicas.pe\/blog\/wp-content\/uploads\/2013\/12\/cadena_1-279x420.jpg 279w, https:\/\/www.unicas.pe\/blog\/wp-content\/uploads\/2013\/12\/cadena_1-559x840.jpg 559w\" sizes=\"(max-width: 650px) 100vw, 650px\" \/><\/p>\n<p style=\"text-align: justify;\"><img class=\" size-full wp-image-2059\" src=\"http:\/\/209.133.219.102\/~newunicas\/blog\/wp-content\/uploads\/2013\/12\/cadena_2.jpg\" alt=\"Cadenas para el cuerpo: descubre la nueva tendencia de bisuter\u00eda para el verano\" title=\"Cadenas para el cuerpo: descubre la nueva tendencia de bisuter\u00eda para el verano\" width=\"600\" srcset=\"https:\/\/www.unicas.pe\/blog\/wp-content\/uploads\/2013\/12\/cadena_2.jpg 650w, https:\/\/www.unicas.pe\/blog\/wp-content\/uploads\/2013\/12\/cadena_2-211x300.jpg 211w, https:\/\/www.unicas.pe\/blog\/wp-content\/uploads\/2013\/12\/cadena_2-296x420.jpg 296w, https:\/\/www.unicas.pe\/blog\/wp-content\/uploads\/2013\/12\/cadena_2-592x840.jpg 592w\" sizes=\"(max-width: 650px) 100vw, 650px\" \/><\/p>\n<p style=\"text-align: justify;\"><img class=\" size-full wp-image-2060\" src=\"http:\/\/209.133.219.102\/~newunicas\/blog\/wp-content\/uploads\/2013\/12\/cadena_3.jpg\" alt=\"Cadenas para el cuerpo: descubre la nueva tendencia de bisuter\u00eda para el verano\" title=\"Cadenas para el cuerpo: descubre la nueva tendencia de bisuter\u00eda para el verano\" width=\"600\" srcset=\"https:\/\/www.unicas.pe\/blog\/wp-content\/uploads\/2013\/12\/cadena_3.jpg 650w, https:\/\/www.unicas.pe\/blog\/wp-content\/uploads\/2013\/12\/cadena_3-300x225.jpg 300w, https:\/\/www.unicas.pe\/blog\/wp-content\/uploads\/2013\/12\/cadena_3-80x60.jpg 80w, https:\/\/www.unicas.pe\/blog\/wp-content\/uploads\/2013\/12\/cadena_3-160x120.jpg 160w, https:\/\/www.unicas.pe\/blog\/wp-content\/uploads\/2013\/12\/cadena_3-265x198.jpg 265w, https:\/\/www.unicas.pe\/blog\/wp-content\/uploads\/2013\/12\/cadena_3-559x420.jpg 559w\" sizes=\"(max-width: 650px) 100vw, 650px\" \/><\/p>\n<p style=\"text-align: justify;\"><img class=\" size-full wp-image-2061\" src=\"http:\/\/209.133.219.102\/~newunicas\/blog\/wp-content\/uploads\/2013\/12\/cadena_5.jpg\" alt=\"Cadenas para el cuerpo: descubre la nueva tendencia de bisuter\u00eda para el verano\" title=\"Cadenas para el cuerpo: descubre la nueva tendencia de bisuter\u00eda para el verano\" width=\"600\" srcset=\"https:\/\/www.unicas.pe\/blog\/wp-content\/uploads\/2013\/12\/cadena_5.jpg 650w, https:\/\/www.unicas.pe\/blog\/wp-content\/uploads\/2013\/12\/cadena_5-300x260.jpg 300w, https:\/\/www.unicas.pe\/blog\/wp-content\/uploads\/2013\/12\/cadena_5-534x462.jpg 534w, https:\/\/www.unicas.pe\/blog\/wp-content\/uploads\/2013\/12\/cadena_5-485x420.jpg 485w\" sizes=\"(max-width: 650px) 100vw, 650px\" \/><\/p>\n<p style=\"text-align: justify;\"><img class=\" size-full wp-image-2062\" src=\"http:\/\/209.133.219.102\/~newunicas\/blog\/wp-content\/uploads\/2013\/12\/cadena_6.jpg\" alt=\"Cadenas para el cuerpo: descubre la nueva tendencia de bisuter\u00eda para el verano\" title=\"Cadenas para el cuerpo: descubre la nueva tendencia de bisuter\u00eda para el verano\" width=\"600\" srcset=\"https:\/\/www.unicas.pe\/blog\/wp-content\/uploads\/2013\/12\/cadena_6.jpg 649w, https:\/\/www.unicas.pe\/blog\/wp-content\/uploads\/2013\/12\/cadena_6-300x169.jpg 300w, https:\/\/www.unicas.pe\/blog\/wp-content\/uploads\/2013\/12\/cadena_6-648x365.jpg 648w\" sizes=\"(max-width: 649px) 100vw, 649px\" \/><\/p>\n<p style=\"text-align: justify;\">Los materiales que se utilizan para elaborar las famosas <strong>\u201cbody chains\u201d<\/strong> van desde el acero hasta el platino y el oro. <strong>El precio m\u00e1s econ\u00f3mico es de 2.70 d\u00f3lares por eBay<\/strong>.<\/p>\n<p style=\"text-align: justify;\"><img class=\" size-full wp-image-2063\" src=\"http:\/\/209.133.219.102\/~newunicas\/blog\/wp-content\/uploads\/2013\/12\/cadena_4.jpg\" alt=\"Cadenas para el cuerpo: descubre la nueva tendencia de bisuter\u00eda para el verano\" title=\"Cadenas para el cuerpo: descubre la nueva tendencia de bisuter\u00eda para el verano\" width=\"600\" srcset=\"https:\/\/www.unicas.pe\/blog\/wp-content\/uploads\/2013\/12\/cadena_4.jpg 650w, https:\/\/www.unicas.pe\/blog\/wp-content\/uploads\/2013\/12\/cadena_4-300x260.jpg 300w, https:\/\/www.unicas.pe\/blog\/wp-content\/uploads\/2013\/12\/cadena_4-534x462.jpg 534w, https:\/\/www.unicas.pe\/blog\/wp-content\/uploads\/2013\/12\/cadena_4-485x420.jpg 485w\" sizes=\"(max-width: 650px) 100vw, 650px\" \/><\/p>\n<p style=\"text-align: justify;\"><img class=\" size-full wp-image-2064\" src=\"http:\/\/209.133.219.102\/~newunicas\/blog\/wp-content\/uploads\/2013\/12\/cadena_8.jpg\" alt=\"Cadenas para el cuerpo: descubre la nueva tendencia de bisuter\u00eda para el verano\" title=\"Cadenas para el cuerpo: descubre la nueva tendencia de bisuter\u00eda para el verano\" width=\"600\" srcset=\"https:\/\/www.unicas.pe\/blog\/wp-content\/uploads\/2013\/12\/cadena_8.jpg 650w, https:\/\/www.unicas.pe\/blog\/wp-content\/uploads\/2013\/12\/cadena_8-300x231.jpg 300w, https:\/\/www.unicas.pe\/blog\/wp-content\/uploads\/2013\/12\/cadena_8-546x420.jpg 546w\" sizes=\"(max-width: 650px) 100vw, 650px\" \/><\/p>\n<p style=\"text-align: justify;\">Las cadenas se pueden usar combinando muchos estilos. <strong>Puedes ponerlas sobre tus jeans o sobre las leggins para tener una onda m\u00e1s punk rock. Tambi\u00e9n se utilizan sobre la piel libre, en el escote y abdomen, en la pierna con un vestido corto o a lo largo del traje de ba\u00f1o<\/strong>. Hay mil maneras de lucirlas tanto para ocasiones formales como casuales.<\/p>\n<p style=\"text-align: justify;\"><img class=\" size-full wp-image-2065\" src=\"http:\/\/209.133.219.102\/~newunicas\/blog\/wp-content\/uploads\/2013\/12\/cadena_9.jpg\" alt=\"Cadenas para el cuerpo: descubre la nueva tendencia de bisuter\u00eda para el verano\" title=\"Cadenas para el cuerpo: descubre la nueva tendencia de bisuter\u00eda para el verano\" width=\"600\" srcset=\"https:\/\/www.unicas.pe\/blog\/wp-content\/uploads\/2013\/12\/cadena_9.jpg 650w, https:\/\/www.unicas.pe\/blog\/wp-content\/uploads\/2013\/12\/cadena_9-150x150.jpg 150w, https:\/\/www.unicas.pe\/blog\/wp-content\/uploads\/2013\/12\/cadena_9-300x300.jpg 300w, https:\/\/www.unicas.pe\/blog\/wp-content\/uploads\/2013\/12\/cadena_9-420x420.jpg 420w\" sizes=\"(max-width: 650px) 100vw, 650px\" \/><\/p>\n<p style=\"text-align: justify;\"><img class=\" size-full wp-image-2066\" src=\"http:\/\/209.133.219.102\/~newunicas\/blog\/wp-content\/uploads\/2013\/12\/cadena_10.jpg\" alt=\"Cadenas para el cuerpo: descubre la nueva tendencia de bisuter\u00eda para el verano\" title=\"Cadenas para el cuerpo: descubre la nueva tendencia de bisuter\u00eda para el verano\" width=\"600\" srcset=\"https:\/\/www.unicas.pe\/blog\/wp-content\/uploads\/2013\/12\/cadena_10.jpg 650w, https:\/\/www.unicas.pe\/blog\/wp-content\/uploads\/2013\/12\/cadena_10-300x231.jpg 300w, https:\/\/www.unicas.pe\/blog\/wp-content\/uploads\/2013\/12\/cadena_10-546x420.jpg 546w\" sizes=\"(max-width: 650px) 100vw, 650px\" \/><\/p>\n<p style=\"text-align: justify;\">Las cadenas para piernas puedes encontrarlas en tres modelos diferentes. Una sola cadena es dise\u00f1o m\u00e1s com\u00fan pues es muy c\u00f3moda y casi no pesa nada.<strong> Puedes usarla con pantalones cortos y por la noche con un vestido con un corte lateral en la falda<\/strong>. <strong>Tambi\u00e9n puedes encontrar estilos con m\u00faltiples cadenas que se entretejen para ocupar el muslo<\/strong>. En un principio fueron dise\u00f1adas para una onda punk, sin embargo ahora tambi\u00e9n hay algunas muy elegantes. Por \u00faltimo esta el <strong>modelo tipo cierre<\/strong>, tambi\u00e9n muy innovador y divertido.<\/p>\n<p style=\"text-align: justify;\"><img class=\" size-full wp-image-2067\" src=\"http:\/\/209.133.219.102\/~newunicas\/blog\/wp-content\/uploads\/2013\/12\/cadena_7.jpg\" alt=\"Cadenas para el cuerpo: descubre la nueva tendencia de bisuter\u00eda para el verano\" title=\"Cadenas para el cuerpo: descubre la nueva tendencia de bisuter\u00eda para el verano\" width=\"600\" srcset=\"https:\/\/www.unicas.pe\/blog\/wp-content\/uploads\/2013\/12\/cadena_7.jpg 648w, https:\/\/www.unicas.pe\/blog\/wp-content\/uploads\/2013\/12\/cadena_7-300x227.jpg 300w, https:\/\/www.unicas.pe\/blog\/wp-content\/uploads\/2013\/12\/cadena_7-80x60.jpg 80w, https:\/\/www.unicas.pe\/blog\/wp-content\/uploads\/2013\/12\/cadena_7-160x120.jpg 160w, https:\/\/www.unicas.pe\/blog\/wp-content\/uploads\/2013\/12\/cadena_7-555x420.jpg 555w\" sizes=\"(max-width: 648px) 100vw, 648px\" \/><\/p>\n<p style=\"text-align: justify;\"><img class=\" size-full wp-image-2068\" src=\"http:\/\/209.133.219.102\/~newunicas\/blog\/wp-content\/uploads\/2013\/12\/cadena_11.jpg\" alt=\"Cadenas para el cuerpo: descubre la nueva tendencia de bisuter\u00eda para el verano\" title=\"Cadenas para el cuerpo: descubre la nueva tendencia de bisuter\u00eda para el verano\" width=\"600\" srcset=\"https:\/\/www.unicas.pe\/blog\/wp-content\/uploads\/2013\/12\/cadena_11.jpg 650w, https:\/\/www.unicas.pe\/blog\/wp-content\/uploads\/2013\/12\/cadena_11-300x231.jpg 300w, https:\/\/www.unicas.pe\/blog\/wp-content\/uploads\/2013\/12\/cadena_11-546x420.jpg 546w\" sizes=\"(max-width: 650px) 100vw, 650px\" \/><\/p>\n<p style=\"text-align: justify;\">A pesar de que esta moda parece muy moderna, en el antiguo imperio romano ya exist\u00edan mujeres de clase alta que las usaban. Las princesas egipcias y las asi\u00e1ticas tambi\u00e9n las inclu\u00edan en sus atuendos. Se trataba de una distinci\u00f3n de nivel social.<\/p>\n<p style=\"text-align: justify;\">Ahora las grandes celebridades son las encargadas de popularizarlas en el siglo XXI. <strong>Rihanna, Miley Cyrus, Vanessa Hudgens y Lindsay Lohan ya est\u00e1n usando las body chains y las adoran<\/strong>.<\/p>\n<p style=\"text-align: justify;\"><img class=\" size-full wp-image-2069\" src=\"http:\/\/209.133.219.102\/~newunicas\/blog\/wp-content\/uploads\/2013\/12\/cadena_12.jpg\" alt=\"Cadenas para el cuerpo: descubre la nueva tendencia de bisuter\u00eda para el verano\" title=\"Cadenas para el cuerpo: descubre la nueva tendencia de bisuter\u00eda para el verano\" width=\"600\" srcset=\"https:\/\/www.unicas.pe\/blog\/wp-content\/uploads\/2013\/12\/cadena_12.jpg 650w, https:\/\/www.unicas.pe\/blog\/wp-content\/uploads\/2013\/12\/cadena_12-300x194.jpg 300w, https:\/\/www.unicas.pe\/blog\/wp-content\/uploads\/2013\/12\/cadena_12-648x420.jpg 648w\" sizes=\"(max-width: 650px) 100vw, 650px\" \/><\/p>\n<p style=\"text-align: justify;\"><img class=\" size-full wp-image-2070\" src=\"http:\/\/209.133.219.102\/~newunicas\/blog\/wp-content\/uploads\/2013\/12\/cadena_13.jpg\" alt=\"Cadenas para el cuerpo: descubre la nueva tendencia de bisuter\u00eda para el verano\" title=\"Cadenas para el cuerpo: descubre la nueva tendencia de bisuter\u00eda para el verano\" width=\"600\" srcset=\"https:\/\/www.unicas.pe\/blog\/wp-content\/uploads\/2013\/12\/cadena_13.jpg 650w, https:\/\/www.unicas.pe\/blog\/wp-content\/uploads\/2013\/12\/cadena_13-200x300.jpg 200w, https:\/\/www.unicas.pe\/blog\/wp-content\/uploads\/2013\/12\/cadena_13-280x420.jpg 280w, https:\/\/www.unicas.pe\/blog\/wp-content\/uploads\/2013\/12\/cadena_13-560x840.jpg 560w\" sizes=\"(max-width: 650px) 100vw, 650px\" \/><\/p>\n<p style=\"text-align: justify;\"><img class=\" size-full wp-image-2071\" src=\"http:\/\/209.133.219.102\/~newunicas\/blog\/wp-content\/uploads\/2013\/12\/cadena_14.jpg\" alt=\"Cadenas para el cuerpo: descubre la nueva tendencia de bisuter\u00eda para el verano\" title=\"Cadenas para el cuerpo: descubre la nueva tendencia de bisuter\u00eda para el verano\" width=\"600\" srcset=\"https:\/\/www.unicas.pe\/blog\/wp-content\/uploads\/2013\/12\/cadena_14.jpg 650w, https:\/\/www.unicas.pe\/blog\/wp-content\/uploads\/2013\/12\/cadena_14-216x300.jpg 216w, https:\/\/www.unicas.pe\/blog\/wp-content\/uploads\/2013\/12\/cadena_14-303x420.jpg 303w, https:\/\/www.unicas.pe\/blog\/wp-content\/uploads\/2013\/12\/cadena_14-606x840.jpg 606w\" sizes=\"(max-width: 650px) 100vw, 650px\" \/><\/p>\n<p style=\"text-align: justify;\">Atr\u00e9vete t\u00fa tambi\u00e9n a probar alg\u00fan dise\u00f1o innovador y prep\u00e1rate para lucir mucha piel en este verano con estas piezas de la <strong>bisuter\u00eda<\/strong>.<\/p>\n","protected":false},"excerpt":{"rendered":"<p>Es un nuevo estilo de bisuter\u00eda moderna que se estren\u00f3 el septiembre pasado en el London Fashion Week. Tiene un estilo muy sexy y bohemio, ideal para el verano.<\/p>\n","protected":false},"author":1,"featured_media":2058,"comment_status":"closed","ping_status":"open","sticky":false,"template":"","format":"standard","meta":[],"categories":[15],"tags":[2990,2025,2989,2993,2986,1131,2987,2988,2183,967,2991,2992,2627,1164],"yoast_head":"<!-- This site is optimized with the Yoast SEO plugin v16.0.2 - https:\/\/yoast.com\/wordpress\/plugins\/seo\/ -->\n<link rel=\"canonical\" href=\"https:\/\/www.unicas.pe\/blog\/bisuteria-cadenas-para-cuerpo\/\" \/>\n<meta property=\"og:locale\" content=\"es_ES\" \/>\n<meta property=\"og:type\" content=\"article\" \/>\n<meta property=\"og:title\" content=\"Cadenas para el cuerpo: descubre la nueva tendencia de bisuter\u00eda para el verano - Unicas\" \/>\n<meta property=\"og:description\" content=\"Es un nuevo estilo de bisuter\u00eda moderna que se estren\u00f3 el septiembre pasado en el London Fashion Week. Tiene un estilo muy sexy y bohemio, ideal para el verano.\" \/>\n<meta property=\"og:url\" content=\"https:\/\/www.unicas.pe\/blog\/bisuteria-cadenas-para-cuerpo\/\" \/>\n<meta property=\"og:site_name\" content=\"Unicas\" \/>\n<meta property=\"article:published_time\" content=\"2013-12-06T22:11:38+00:00\" \/>\n<meta property=\"article:modified_time\" content=\"2019-01-11T02:36:52+00:00\" \/>\n<meta property=\"og:image\" content=\"https:\/\/www.unicas.pe\/blog\/wp-content\/uploads\/2013\/12\/cadena_1.jpg\" \/>\n\t<meta property=\"og:image:width\" content=\"650\" \/>\n\t<meta property=\"og:image:height\" content=\"977\" \/>\n<meta name=\"twitter:card\" content=\"summary_large_image\" \/>\n<meta name=\"twitter:label1\" content=\"Tiempo de lectura\">\n\t<meta name=\"twitter:data1\" content=\"2 minutos\">\n<script type=\"application\/ld+json\" class=\"yoast-schema-graph\">{\"@context\":\"https:\/\/schema.org\",\"@graph\":[{\"@type\":\"WebSite\",\"@id\":\"https:\/\/www.unicas.pe\/blog\/#website\",\"url\":\"https:\/\/www.unicas.pe\/blog\/\",\"name\":\"Unicas\",\"description\":\"Blog sobre belleza, maquillaje, moda, y mucho m\\u00e1s.\",\"potentialAction\":[{\"@type\":\"SearchAction\",\"target\":\"https:\/\/www.unicas.pe\/blog\/?s={search_term_string}\",\"query-input\":\"required name=search_term_string\"}],\"inLanguage\":\"es\"},{\"@type\":\"ImageObject\",\"@id\":\"https:\/\/www.unicas.pe\/blog\/bisuteria-cadenas-para-cuerpo\/#primaryimage\",\"inLanguage\":\"es\",\"url\":\"https:\/\/www.unicas.pe\/blog\/wp-content\/uploads\/2013\/12\/cadena_1.jpg\",\"width\":650,\"height\":977,\"caption\":\"Cadenas para el cuerpo: descubre la nueva tendencia de bisuter\\u00eda para el verano\"},{\"@type\":\"WebPage\",\"@id\":\"https:\/\/www.unicas.pe\/blog\/bisuteria-cadenas-para-cuerpo\/#webpage\",\"url\":\"https:\/\/www.unicas.pe\/blog\/bisuteria-cadenas-para-cuerpo\/\",\"name\":\"Cadenas para el cuerpo: descubre la nueva tendencia de bisuter\\u00eda para el verano - Unicas\",\"isPartOf\":{\"@id\":\"https:\/\/www.unicas.pe\/blog\/#website\"},\"primaryImageOfPage\":{\"@id\":\"https:\/\/www.unicas.pe\/blog\/bisuteria-cadenas-para-cuerpo\/#primaryimage\"},\"datePublished\":\"2013-12-06T22:11:38+00:00\",\"dateModified\":\"2019-01-11T02:36:52+00:00\",\"author\":{\"@id\":\"https:\/\/www.unicas.pe\/blog\/#\/schema\/person\/60053f595c6d0f3f11ed52a01c961cdb\"},\"breadcrumb\":{\"@id\":\"https:\/\/www.unicas.pe\/blog\/bisuteria-cadenas-para-cuerpo\/#breadcrumb\"},\"inLanguage\":\"es\",\"potentialAction\":[{\"@type\":\"ReadAction\",\"target\":[\"https:\/\/www.unicas.pe\/blog\/bisuteria-cadenas-para-cuerpo\/\"]}]},{\"@type\":\"BreadcrumbList\",\"@id\":\"https:\/\/www.unicas.pe\/blog\/bisuteria-cadenas-para-cuerpo\/#breadcrumb\",\"itemListElement\":[{\"@type\":\"ListItem\",\"position\":1,\"item\":{\"@type\":\"WebPage\",\"@id\":\"https:\/\/www.unicas.pe\/blog\/\",\"url\":\"https:\/\/www.unicas.pe\/blog\/\",\"name\":\"Portada\"}},{\"@type\":\"ListItem\",\"position\":2,\"item\":{\"@type\":\"WebPage\",\"@id\":\"https:\/\/www.unicas.pe\/blog\/bisuteria-cadenas-para-cuerpo\/\",\"url\":\"https:\/\/www.unicas.pe\/blog\/bisuteria-cadenas-para-cuerpo\/\",\"name\":\"Cadenas para el cuerpo: descubre la nueva tendencia de bisuter\\u00eda para el verano\"}}]},{\"@type\":\"Person\",\"@id\":\"https:\/\/www.unicas.pe\/blog\/#\/schema\/person\/60053f595c6d0f3f11ed52a01c961cdb\",\"name\":\"Katty Gora\",\"image\":{\"@type\":\"ImageObject\",\"@id\":\"https:\/\/www.unicas.pe\/blog\/#personlogo\",\"inLanguage\":\"es\",\"url\":\"https:\/\/www.unicas.pe\/blog\/wp-content\/uploads\/2019\/01\/168392_1786370415133_366102_n-150x150.jpg\",\"caption\":\"Katty Gora\"},\"description\":\"Katty is a passionate blogger, diving into different subjects like fashion, trends, styles and news and more. Discover the great insight of a true quality blogger!\"}]}<\/script>\n<!-- \/ Yoast SEO plugin. -->","_links":{"self":[{"href":"https:\/\/www.unicas.pe\/blog\/wp-json\/wp\/v2\/posts\/2072"}],"collection":[{"href":"https:\/\/www.unicas.pe\/blog\/wp-json\/wp\/v2\/posts"}],"about":[{"href":"https:\/\/www.unicas.pe\/blog\/wp-json\/wp\/v2\/types\/post"}],"author":[{"embeddable":true,"href":"https:\/\/www.unicas.pe\/blog\/wp-json\/wp\/v2\/users\/1"}],"replies":[{"embeddable":true,"href":"https:\/\/www.unicas.pe\/blog\/wp-json\/wp\/v2\/comments?post=2072"}],"version-history":[{"count":1,"href":"https:\/\/www.unicas.pe\/blog\/wp-json\/wp\/v2\/posts\/2072\/revisions"}],"predecessor-version":[{"id":10984,"href":"https:\/\/www.unicas.pe\/blog\/wp-json\/wp\/v2\/posts\/2072\/revisions\/10984"}],"wp:featuredmedia":[{"embeddable":true,"href":"https:\/\/www.unicas.pe\/blog\/wp-json\/wp\/v2\/media\/2058"}],"wp:attachment":[{"href":"https:\/\/www.unicas.pe\/blog\/wp-json\/wp\/v2\/media?parent=2072"}],"wp:term":[{"taxonomy":"category","embeddable":true,"href":"https:\/\/www.unicas.pe\/blog\/wp-json\/wp\/v2\/categories?post=2072"},{"taxonomy":"post_tag","embeddable":true,"href":"https:\/\/www.unicas.pe\/blog\/wp-json\/wp\/v2\/tags?post=2072"}],"curies":[{"name":"wp","href":"https:\/\/api.w.org\/{rel}","templated":true}]}}