{"id":2159,"date":"2013-12-09T17:03:42","date_gmt":"2013-12-09T22:03:42","guid":{"rendered":"http:\/\/209.133.219.102\/~newunicas\/blog\/2013\/12\/09\/shorts-suits-para-trabajar-en-verano\/"},"modified":"2019-01-10T21:36:51","modified_gmt":"2019-01-11T02:36:51","slug":"shorts-suits-para-trabajar-en-verano","status":"publish","type":"post","link":"https:\/\/www.unicas.pe\/blog\/shorts-suits-para-trabajar-en-verano\/","title":{"rendered":"\u00bfEst\u00e1s pensando c\u00f3mo ir al trabajo este verano? Arri\u00e9sgate por los shorts suit"},"content":{"rendered":"<p style=\"text-align: justify;\">Este <strong>verano<\/strong> la temperatura sube y es casi imposible usar pantalones. Por ello, los shorts suit son ideales por su estilo formal que nos mantendr\u00e1 frescas y c\u00f3modas.\u00a0<\/p>\n<p>  <!--more-->  <\/p>\n<p style=\"text-align: justify;\">El trabajo es un espacio laboral que muchas veces te exige que asistamos a \u00e9l de una manera particular. En casi todos los casos, te piden cierto tipo de formalidad que es f\u00e1cil de llevar en invierno, cuando un saco negro, unos pantalones de vestir y zapatos de taco solucionan el asunto. Sin embargo, \u00bfqu\u00e9 hacemos en <strong>verano<\/strong> cuando el calor es insoportable y la tela se pega a las piernas?. <strong>Los shorts suit han llegado para solucionar este problema y brindarnos m\u00faltiples alternativas para todos los ambientes de trabajo<\/strong>.<\/p>\n<p style=\"text-align: justify;\">Estas prendas de vestir <strong>tienen un estilo muy fresco y a la vez profesional. Son divertidos y modernos, se pueden usar de d\u00eda, de noche, para ir de compras o para la oficina<\/strong>. Aqu\u00ed te dejamos algunos consejos para que sepas c\u00f3mo usarlos y c\u00f3mo combinarlos.<\/p>\n<p style=\"text-align: justify;\">1. No elijas unos ni muy ajustados ni muy cortos.<\/p>\n<p><img class=\" size-full wp-image-2153\" src=\"http:\/\/209.133.219.102\/~newunicas\/blog\/wp-content\/uploads\/2013\/12\/shorts7.jpg\" alt=\"\u00bfEst\u00e1s pensando c\u00f3mo ir al trabajo este verano? Arri\u00e9sgate por los shorts suit \" title=\"\u00bfEst\u00e1s pensando c\u00f3mo ir al trabajo este verano? Arri\u00e9sgate por los shorts suit \" width=\"600\" srcset=\"https:\/\/www.unicas.pe\/blog\/wp-content\/uploads\/2013\/12\/shorts7.jpg 650w, https:\/\/www.unicas.pe\/blog\/wp-content\/uploads\/2013\/12\/shorts7-183x300.jpg 183w, https:\/\/www.unicas.pe\/blog\/wp-content\/uploads\/2013\/12\/shorts7-624x1024.jpg 624w, https:\/\/www.unicas.pe\/blog\/wp-content\/uploads\/2013\/12\/shorts7-256x420.jpg 256w, https:\/\/www.unicas.pe\/blog\/wp-content\/uploads\/2013\/12\/shorts7-512x840.jpg 512w\" sizes=\"(max-width: 650px) 100vw, 650px\" \/><\/p>\n<p><strong>2. Comb\u00ednalos con camisas y blusas de manga larga o corta<\/strong>, de preferencia en telas vaporosas y elegantes como la seda.<\/p>\n<p><img class=\" size-full wp-image-2154\" src=\"http:\/\/209.133.219.102\/~newunicas\/blog\/wp-content\/uploads\/2013\/12\/shorts6.jpg\" alt=\"\u00bfEst\u00e1s pensando c\u00f3mo ir al trabajo este verano? Arri\u00e9sgate por los shorts suit \" title=\"\u00bfEst\u00e1s pensando c\u00f3mo ir al trabajo este verano? Arri\u00e9sgate por los shorts suit \" width=\"600\" srcset=\"https:\/\/www.unicas.pe\/blog\/wp-content\/uploads\/2013\/12\/shorts6.jpg 650w, https:\/\/www.unicas.pe\/blog\/wp-content\/uploads\/2013\/12\/shorts6-150x150.jpg 150w, https:\/\/www.unicas.pe\/blog\/wp-content\/uploads\/2013\/12\/shorts6-300x300.jpg 300w, https:\/\/www.unicas.pe\/blog\/wp-content\/uploads\/2013\/12\/shorts6-420x420.jpg 420w\" sizes=\"(max-width: 650px) 100vw, 650px\" \/><\/p>\n<p><strong>3. Usa un blazer, le dar\u00e1 un toque m\u00e1s chic a tu outfit<\/strong>. Si es del mismo color, mucho mejor.<\/p>\n<p><img class=\" size-full wp-image-2155\" src=\"http:\/\/209.133.219.102\/~newunicas\/blog\/wp-content\/uploads\/2013\/12\/shorts2.jpg\" alt=\"\u00bfEst\u00e1s pensando c\u00f3mo ir al trabajo este verano? Arri\u00e9sgate por los shorts suit \" title=\"\u00bfEst\u00e1s pensando c\u00f3mo ir al trabajo este verano? Arri\u00e9sgate por los shorts suit \" width=\"600\" srcset=\"https:\/\/www.unicas.pe\/blog\/wp-content\/uploads\/2013\/12\/shorts2.jpg 650w, https:\/\/www.unicas.pe\/blog\/wp-content\/uploads\/2013\/12\/shorts2-300x284.jpg 300w, https:\/\/www.unicas.pe\/blog\/wp-content\/uploads\/2013\/12\/shorts2-444x420.jpg 444w\" sizes=\"(max-width: 650px) 100vw, 650px\" \/><\/p>\n<p><strong>4. Puedes usar zapatos bajos o stilettos<\/strong>, depende de tu comodidad y del estilo que quieras lucir, si m\u00e1s relajada o m\u00e1s glamurosa.<\/p>\n<p><img class=\" size-full wp-image-2156\" src=\"http:\/\/209.133.219.102\/~newunicas\/blog\/wp-content\/uploads\/2013\/12\/shorts3.jpg\" alt=\"\u00bfEst\u00e1s pensando c\u00f3mo ir al trabajo este verano? Arri\u00e9sgate por los shorts suit \" title=\"\u00bfEst\u00e1s pensando c\u00f3mo ir al trabajo este verano? Arri\u00e9sgate por los shorts suit \" width=\"600\" srcset=\"https:\/\/www.unicas.pe\/blog\/wp-content\/uploads\/2013\/12\/shorts3.jpg 650w, https:\/\/www.unicas.pe\/blog\/wp-content\/uploads\/2013\/12\/shorts3-150x150.jpg 150w, https:\/\/www.unicas.pe\/blog\/wp-content\/uploads\/2013\/12\/shorts3-300x300.jpg 300w, https:\/\/www.unicas.pe\/blog\/wp-content\/uploads\/2013\/12\/shorts3-420x420.jpg 420w\" sizes=\"(max-width: 650px) 100vw, 650px\" \/><\/p>\n<p><strong>5. Hay algunos shorts suits que m\u00e1s bien son como bermudas, estos s\u00ed o s\u00ed tienes que usarlos con zapatos de tac\u00f3n<\/strong>, pero no exageres, no est\u00e1s yendo a una fiesta. Recuerda escoger los zapatos acordes para la ocasi\u00f3n.\u00a0<\/p>\n<p><img class=\" size-full wp-image-2157\" src=\"http:\/\/209.133.219.102\/~newunicas\/blog\/wp-content\/uploads\/2013\/12\/shorts4.jpg\" alt=\"\u00bfEst\u00e1s pensando c\u00f3mo ir al trabajo este verano? Arri\u00e9sgate por los shorts suit \" title=\"\u00bfEst\u00e1s pensando c\u00f3mo ir al trabajo este verano? Arri\u00e9sgate por los shorts suit \" width=\"600\" srcset=\"https:\/\/www.unicas.pe\/blog\/wp-content\/uploads\/2013\/12\/shorts4.jpg 650w, https:\/\/www.unicas.pe\/blog\/wp-content\/uploads\/2013\/12\/shorts4-195x300.jpg 195w, https:\/\/www.unicas.pe\/blog\/wp-content\/uploads\/2013\/12\/shorts4-273x420.jpg 273w, https:\/\/www.unicas.pe\/blog\/wp-content\/uploads\/2013\/12\/shorts4-546x840.jpg 546w\" sizes=\"(max-width: 650px) 100vw, 650px\" \/><\/p>\n<p>6. Por otro lado, si quieres usar los shorts suits para situaciones m\u00e1s casuales y lucir un poco m\u00e1s informal, puedes combinarlos con unas converse y una camiseta.<\/p>\n<p><img class=\" size-full wp-image-2158\" src=\"http:\/\/209.133.219.102\/~newunicas\/blog\/wp-content\/uploads\/2013\/12\/shorts5.jpg\" alt=\"\u00bfEst\u00e1s pensando c\u00f3mo ir al trabajo este verano? Arri\u00e9sgate por los shorts suit \" title=\"\u00bfEst\u00e1s pensando c\u00f3mo ir al trabajo este verano? Arri\u00e9sgate por los shorts suit \" width=\"600\" srcset=\"https:\/\/www.unicas.pe\/blog\/wp-content\/uploads\/2013\/12\/shorts5.jpg 650w, https:\/\/www.unicas.pe\/blog\/wp-content\/uploads\/2013\/12\/shorts5-201x300.jpg 201w, https:\/\/www.unicas.pe\/blog\/wp-content\/uploads\/2013\/12\/shorts5-282x420.jpg 282w, https:\/\/www.unicas.pe\/blog\/wp-content\/uploads\/2013\/12\/shorts5-563x840.jpg 563w\" sizes=\"(max-width: 650px) 100vw, 650px\" \/><\/p>\n<p>No te quedes atr\u00e1s y dec\u00eddete por estas c\u00f3modas, frescas y elegantes prendas de vestir para ir al trabajo en el <strong>verano<\/strong>. No te preocupes, que tambi\u00e9n puedes combinar tus shorts suit de tal manera que te sirvan tambi\u00e9n para otras ocasiones.\u00a0<\/p>\n","protected":false},"excerpt":{"rendered":"<p>Este verano la temperatura sube y es casi imposible usar pantalones. Por ello, los shorts suit son ideales por su estilo formal que nos mantendr\u00e1 frescas y c\u00f3modas.\u00a0<\/p>\n","protected":false},"author":1,"featured_media":2153,"comment_status":"closed","ping_status":"open","sticky":false,"template":"","format":"standard","meta":[],"categories":[5],"tags":[3088,440,425,1880,3089,1737,86,93,2391,3086,3085,3087,1304,447],"yoast_head":"<!-- This site is optimized with the Yoast SEO plugin v16.0.2 - https:\/\/yoast.com\/wordpress\/plugins\/seo\/ -->\n<link rel=\"canonical\" href=\"https:\/\/www.unicas.pe\/blog\/shorts-suits-para-trabajar-en-verano\/\" \/>\n<meta property=\"og:locale\" content=\"es_ES\" \/>\n<meta property=\"og:type\" content=\"article\" \/>\n<meta property=\"og:title\" content=\"\u00bfEst\u00e1s pensando c\u00f3mo ir al trabajo este verano? Arri\u00e9sgate por los shorts suit - Unicas\" \/>\n<meta property=\"og:description\" content=\"Este verano la temperatura sube y es casi imposible usar pantalones. Por ello, los shorts suit son ideales por su estilo formal que nos mantendr\u00e1 frescas y c\u00f3modas.\u00a0\" \/>\n<meta property=\"og:url\" content=\"https:\/\/www.unicas.pe\/blog\/shorts-suits-para-trabajar-en-verano\/\" \/>\n<meta property=\"og:site_name\" content=\"Unicas\" \/>\n<meta property=\"article:published_time\" content=\"2013-12-09T22:03:42+00:00\" \/>\n<meta property=\"article:modified_time\" content=\"2019-01-11T02:36:51+00:00\" \/>\n<meta property=\"og:image\" content=\"https:\/\/www.unicas.pe\/blog\/wp-content\/uploads\/2013\/12\/shorts7.jpg\" \/>\n\t<meta property=\"og:image:width\" content=\"650\" \/>\n\t<meta property=\"og:image:height\" content=\"1066\" \/>\n<meta name=\"twitter:card\" content=\"summary_large_image\" \/>\n<meta name=\"twitter:label1\" content=\"Tiempo de lectura\">\n\t<meta name=\"twitter:data1\" content=\"2 minutos\">\n<script type=\"application\/ld+json\" class=\"yoast-schema-graph\">{\"@context\":\"https:\/\/schema.org\",\"@graph\":[{\"@type\":\"WebSite\",\"@id\":\"https:\/\/www.unicas.pe\/blog\/#website\",\"url\":\"https:\/\/www.unicas.pe\/blog\/\",\"name\":\"Unicas\",\"description\":\"Blog sobre belleza, maquillaje, moda, y mucho m\\u00e1s.\",\"potentialAction\":[{\"@type\":\"SearchAction\",\"target\":\"https:\/\/www.unicas.pe\/blog\/?s={search_term_string}\",\"query-input\":\"required name=search_term_string\"}],\"inLanguage\":\"es\"},{\"@type\":\"ImageObject\",\"@id\":\"https:\/\/www.unicas.pe\/blog\/shorts-suits-para-trabajar-en-verano\/#primaryimage\",\"inLanguage\":\"es\",\"url\":\"https:\/\/www.unicas.pe\/blog\/wp-content\/uploads\/2013\/12\/shorts7.jpg\",\"width\":650,\"height\":1066,\"caption\":\"\\u00bfEst\\u00e1s pensando c\\u00f3mo ir al trabajo este verano? Arri\\u00e9sgate por los shorts suit\"},{\"@type\":\"WebPage\",\"@id\":\"https:\/\/www.unicas.pe\/blog\/shorts-suits-para-trabajar-en-verano\/#webpage\",\"url\":\"https:\/\/www.unicas.pe\/blog\/shorts-suits-para-trabajar-en-verano\/\",\"name\":\"\\u00bfEst\\u00e1s pensando c\\u00f3mo ir al trabajo este verano? Arri\\u00e9sgate por los shorts suit - Unicas\",\"isPartOf\":{\"@id\":\"https:\/\/www.unicas.pe\/blog\/#website\"},\"primaryImageOfPage\":{\"@id\":\"https:\/\/www.unicas.pe\/blog\/shorts-suits-para-trabajar-en-verano\/#primaryimage\"},\"datePublished\":\"2013-12-09T22:03:42+00:00\",\"dateModified\":\"2019-01-11T02:36:51+00:00\",\"author\":{\"@id\":\"https:\/\/www.unicas.pe\/blog\/#\/schema\/person\/60053f595c6d0f3f11ed52a01c961cdb\"},\"breadcrumb\":{\"@id\":\"https:\/\/www.unicas.pe\/blog\/shorts-suits-para-trabajar-en-verano\/#breadcrumb\"},\"inLanguage\":\"es\",\"potentialAction\":[{\"@type\":\"ReadAction\",\"target\":[\"https:\/\/www.unicas.pe\/blog\/shorts-suits-para-trabajar-en-verano\/\"]}]},{\"@type\":\"BreadcrumbList\",\"@id\":\"https:\/\/www.unicas.pe\/blog\/shorts-suits-para-trabajar-en-verano\/#breadcrumb\",\"itemListElement\":[{\"@type\":\"ListItem\",\"position\":1,\"item\":{\"@type\":\"WebPage\",\"@id\":\"https:\/\/www.unicas.pe\/blog\/\",\"url\":\"https:\/\/www.unicas.pe\/blog\/\",\"name\":\"Portada\"}},{\"@type\":\"ListItem\",\"position\":2,\"item\":{\"@type\":\"WebPage\",\"@id\":\"https:\/\/www.unicas.pe\/blog\/shorts-suits-para-trabajar-en-verano\/\",\"url\":\"https:\/\/www.unicas.pe\/blog\/shorts-suits-para-trabajar-en-verano\/\",\"name\":\"\\u00bfEst\\u00e1s pensando c\\u00f3mo ir al trabajo este verano? Arri\\u00e9sgate por los shorts suit\"}}]},{\"@type\":\"Person\",\"@id\":\"https:\/\/www.unicas.pe\/blog\/#\/schema\/person\/60053f595c6d0f3f11ed52a01c961cdb\",\"name\":\"Katty Gora\",\"image\":{\"@type\":\"ImageObject\",\"@id\":\"https:\/\/www.unicas.pe\/blog\/#personlogo\",\"inLanguage\":\"es\",\"url\":\"https:\/\/www.unicas.pe\/blog\/wp-content\/uploads\/2019\/01\/168392_1786370415133_366102_n-150x150.jpg\",\"caption\":\"Katty Gora\"},\"description\":\"Katty is a passionate blogger, diving into different subjects like fashion, trends, styles and news and more. Discover the great insight of a true quality blogger!\"}]}<\/script>\n<!-- \/ Yoast SEO plugin. -->","_links":{"self":[{"href":"https:\/\/www.unicas.pe\/blog\/wp-json\/wp\/v2\/posts\/2159"}],"collection":[{"href":"https:\/\/www.unicas.pe\/blog\/wp-json\/wp\/v2\/posts"}],"about":[{"href":"https:\/\/www.unicas.pe\/blog\/wp-json\/wp\/v2\/types\/post"}],"author":[{"embeddable":true,"href":"https:\/\/www.unicas.pe\/blog\/wp-json\/wp\/v2\/users\/1"}],"replies":[{"embeddable":true,"href":"https:\/\/www.unicas.pe\/blog\/wp-json\/wp\/v2\/comments?post=2159"}],"version-history":[{"count":1,"href":"https:\/\/www.unicas.pe\/blog\/wp-json\/wp\/v2\/posts\/2159\/revisions"}],"predecessor-version":[{"id":10973,"href":"https:\/\/www.unicas.pe\/blog\/wp-json\/wp\/v2\/posts\/2159\/revisions\/10973"}],"wp:featuredmedia":[{"embeddable":true,"href":"https:\/\/www.unicas.pe\/blog\/wp-json\/wp\/v2\/media\/2153"}],"wp:attachment":[{"href":"https:\/\/www.unicas.pe\/blog\/wp-json\/wp\/v2\/media?parent=2159"}],"wp:term":[{"taxonomy":"category","embeddable":true,"href":"https:\/\/www.unicas.pe\/blog\/wp-json\/wp\/v2\/categories?post=2159"},{"taxonomy":"post_tag","embeddable":true,"href":"https:\/\/www.unicas.pe\/blog\/wp-json\/wp\/v2\/tags?post=2159"}],"curies":[{"name":"wp","href":"https:\/\/api.w.org\/{rel}","templated":true}]}}