{"id":239,"date":"2013-09-22T14:34:07","date_gmt":"2013-09-22T19:34:07","guid":{"rendered":"http:\/\/209.133.219.102\/~newunicas\/blog\/2013\/09\/22\/jeani-jaramillo-la-blogger-experta-en-moda\/"},"modified":"2019-01-10T21:38:55","modified_gmt":"2019-01-11T02:38:55","slug":"jeani-jaramillo-la-blogger-experta-en-moda","status":"publish","type":"post","link":"https:\/\/www.unicas.pe\/blog\/jeani-jaramillo-la-blogger-experta-en-moda\/","title":{"rendered":"Jeani Jaramillo, la blogger experta en moda y tendencias"},"content":{"rendered":"<p>Gracias a su buen gusto y gran conocimiento del mundo de la <strong>moda<\/strong>, esta <strong>blogger<\/strong> es una de las referentes en cuanto a looks se trata.<\/p>\n<p>  <!--more-->  <\/p>\n<p>La moda suele ser un dolor de cabeza cuando no tenemos definido cu\u00e1l es nuestro estilo, es por eso que muchas veces necesitamos de la ayuda de expertos, como la <strong>blogger<\/strong> experta en <strong>moda<\/strong>, Jeani Jaramillo, due\u00f1a del exitoso blog <strong><em>Estilozas<\/em><\/strong>, que se ha convertido en la parada obligada para quienes, como nosotras, no sabemos qu\u00e9 ponernos.\u00a0<\/p>\n<p>\u201cLa idea de crear un blog surgi\u00f3 cuando estaba estudiando dise\u00f1o de interiores, me di cuenta de que hab\u00eda pocas p\u00e1ginas que hablen sobre temas de moda, que den consejos \u00a0adem\u00e1s sobre tendencias, ahora cada vez aparecen m\u00e1s p\u00e1ginas especializadas, y es bueno que se promueva todo esto\u201d.<\/p>\n<p>Del mismo modo Jeani coment\u00f3 que en el pa\u00eds a\u00fan hay cierta resistencia con respecto a la elecci\u00f3n de nuestro <em>look<\/em>, ya que a diferencia de otros pa\u00edses nuestra sociedad es bastante prejuiciosa y cataloga de \u2018raro\u2019 un estilo que puede ser innovador.\u00a0<\/p>\n<p><img class=\" size-full wp-image-237\" src=\"http:\/\/209.133.219.102\/~newunicas\/blog\/wp-content\/uploads\/2013\/09\/JEANI-BLOGGER-2.jpg\" width=\"600\" style=\"display: block; margin-left: auto; margin-right: auto;\" srcset=\"https:\/\/www.unicas.pe\/blog\/wp-content\/uploads\/2013\/09\/JEANI-BLOGGER-2.jpg 650w, https:\/\/www.unicas.pe\/blog\/wp-content\/uploads\/2013\/09\/JEANI-BLOGGER-2-300x185.jpg 300w, https:\/\/www.unicas.pe\/blog\/wp-content\/uploads\/2013\/09\/JEANI-BLOGGER-2-648x400.jpg 648w, https:\/\/www.unicas.pe\/blog\/wp-content\/uploads\/2013\/09\/JEANI-BLOGGER-2-356x220.jpg 356w\" sizes=\"(max-width: 650px) 100vw, 650px\" \/><\/p>\n<p>\u201cLos peruanos somos un poco m\u00e1s conservadores en cuanto al estilo que usamos, existe un miedo al qu\u00e9 dir\u00e1n, \u00a0a las miradas, en cambio en otros pa\u00edses te puedes vestir como quieras, porque sabes que nadie va a voltear a verte\u201d.<\/p>\n<p>Sin embargo resalt\u00f3 que la aparici\u00f3n de dise\u00f1adores como Gerardo Privat o Jessica Butrich, est\u00e1 \u00faltima est\u00e1 dando la hora con sus peculiares dise\u00f1os basados en gatos. Otros talentos que resalt\u00f3 son Meche Correa y Sitka Semch.<\/p>\n<p>\u201cSe podr\u00eda decir que a\u00fan estamos en una etapa donde no imponemos las tendencias, sino que estas son influenciadas desde otros pa\u00edses donde se ha desarrollado m\u00e1s la moda, pero creo que poco a poco estamos dirigi\u00e9ndonos al siguiente nivel\u201d.<\/p>\n<p>La experta en <strong>moda<\/strong> o <em>\u2018fashion <strong>blogger<\/strong>\u2019<\/em> recomend\u00f3 finalmente que no \u00a0se debe tener miedo a usar algo que nos gusta, adem\u00e1s que nuestro look debe reflejar nuestra esencia y no algo que pretendemos ser, siempre buscando la comodidad y la elegancia.<\/p>\n<p><img class=\" size-full wp-image-238\" src=\"http:\/\/209.133.219.102\/~newunicas\/blog\/wp-content\/uploads\/2013\/09\/JEANI-BLOGGER-3.jpg\" width=\"600\" style=\"display: block; margin-left: auto; margin-right: auto;\" srcset=\"https:\/\/www.unicas.pe\/blog\/wp-content\/uploads\/2013\/09\/JEANI-BLOGGER-3.jpg 650w, https:\/\/www.unicas.pe\/blog\/wp-content\/uploads\/2013\/09\/JEANI-BLOGGER-3-300x185.jpg 300w, https:\/\/www.unicas.pe\/blog\/wp-content\/uploads\/2013\/09\/JEANI-BLOGGER-3-648x400.jpg 648w, https:\/\/www.unicas.pe\/blog\/wp-content\/uploads\/2013\/09\/JEANI-BLOGGER-3-356x220.jpg 356w\" sizes=\"(max-width: 650px) 100vw, 650px\" \/><\/p>\n","protected":false},"excerpt":{"rendered":"<p>Gracias a su buen gusto y gran conocimiento del mundo de la moda, esta blogger es una de las referentes en cuanto a looks se trata.<\/p>\n","protected":false},"author":1,"featured_media":237,"comment_status":"closed","ping_status":"open","sticky":false,"template":"","format":"standard","meta":[],"categories":[4],"tags":[188,189,85,190,84,82],"yoast_head":"<!-- This site is optimized with the Yoast SEO plugin v16.0.2 - https:\/\/yoast.com\/wordpress\/plugins\/seo\/ -->\n<link rel=\"canonical\" href=\"https:\/\/www.unicas.pe\/blog\/jeani-jaramillo-la-blogger-experta-en-moda\/\" \/>\n<meta property=\"og:locale\" content=\"es_ES\" \/>\n<meta property=\"og:type\" content=\"article\" \/>\n<meta property=\"og:title\" content=\"Jeani Jaramillo, la blogger experta en moda y tendencias - Unicas\" \/>\n<meta property=\"og:description\" content=\"Gracias a su buen gusto y gran conocimiento del mundo de la moda, esta blogger es una de las referentes en cuanto a looks se trata.\" \/>\n<meta property=\"og:url\" content=\"https:\/\/www.unicas.pe\/blog\/jeani-jaramillo-la-blogger-experta-en-moda\/\" \/>\n<meta property=\"og:site_name\" content=\"Unicas\" \/>\n<meta property=\"article:published_time\" content=\"2013-09-22T19:34:07+00:00\" \/>\n<meta property=\"article:modified_time\" content=\"2019-01-11T02:38:55+00:00\" \/>\n<meta property=\"og:image\" content=\"https:\/\/www.unicas.pe\/blog\/wp-content\/uploads\/2013\/09\/JEANI-BLOGGER-2.jpg\" \/>\n\t<meta property=\"og:image:width\" content=\"650\" \/>\n\t<meta property=\"og:image:height\" content=\"400\" \/>\n<meta name=\"twitter:card\" content=\"summary_large_image\" \/>\n<meta name=\"twitter:label1\" content=\"Tiempo de lectura\">\n\t<meta name=\"twitter:data1\" content=\"2 minutos\">\n<script type=\"application\/ld+json\" class=\"yoast-schema-graph\">{\"@context\":\"https:\/\/schema.org\",\"@graph\":[{\"@type\":\"WebSite\",\"@id\":\"https:\/\/www.unicas.pe\/blog\/#website\",\"url\":\"https:\/\/www.unicas.pe\/blog\/\",\"name\":\"Unicas\",\"description\":\"Blog sobre belleza, maquillaje, moda, y mucho m\\u00e1s.\",\"potentialAction\":[{\"@type\":\"SearchAction\",\"target\":\"https:\/\/www.unicas.pe\/blog\/?s={search_term_string}\",\"query-input\":\"required name=search_term_string\"}],\"inLanguage\":\"es\"},{\"@type\":\"ImageObject\",\"@id\":\"https:\/\/www.unicas.pe\/blog\/jeani-jaramillo-la-blogger-experta-en-moda\/#primaryimage\",\"inLanguage\":\"es\",\"url\":\"https:\/\/www.unicas.pe\/blog\/wp-content\/uploads\/2013\/09\/JEANI-BLOGGER-2.jpg\",\"width\":650,\"height\":400},{\"@type\":\"WebPage\",\"@id\":\"https:\/\/www.unicas.pe\/blog\/jeani-jaramillo-la-blogger-experta-en-moda\/#webpage\",\"url\":\"https:\/\/www.unicas.pe\/blog\/jeani-jaramillo-la-blogger-experta-en-moda\/\",\"name\":\"Jeani Jaramillo, la blogger experta en moda y tendencias - Unicas\",\"isPartOf\":{\"@id\":\"https:\/\/www.unicas.pe\/blog\/#website\"},\"primaryImageOfPage\":{\"@id\":\"https:\/\/www.unicas.pe\/blog\/jeani-jaramillo-la-blogger-experta-en-moda\/#primaryimage\"},\"datePublished\":\"2013-09-22T19:34:07+00:00\",\"dateModified\":\"2019-01-11T02:38:55+00:00\",\"author\":{\"@id\":\"https:\/\/www.unicas.pe\/blog\/#\/schema\/person\/60053f595c6d0f3f11ed52a01c961cdb\"},\"breadcrumb\":{\"@id\":\"https:\/\/www.unicas.pe\/blog\/jeani-jaramillo-la-blogger-experta-en-moda\/#breadcrumb\"},\"inLanguage\":\"es\",\"potentialAction\":[{\"@type\":\"ReadAction\",\"target\":[\"https:\/\/www.unicas.pe\/blog\/jeani-jaramillo-la-blogger-experta-en-moda\/\"]}]},{\"@type\":\"BreadcrumbList\",\"@id\":\"https:\/\/www.unicas.pe\/blog\/jeani-jaramillo-la-blogger-experta-en-moda\/#breadcrumb\",\"itemListElement\":[{\"@type\":\"ListItem\",\"position\":1,\"item\":{\"@type\":\"WebPage\",\"@id\":\"https:\/\/www.unicas.pe\/blog\/\",\"url\":\"https:\/\/www.unicas.pe\/blog\/\",\"name\":\"Portada\"}},{\"@type\":\"ListItem\",\"position\":2,\"item\":{\"@type\":\"WebPage\",\"@id\":\"https:\/\/www.unicas.pe\/blog\/jeani-jaramillo-la-blogger-experta-en-moda\/\",\"url\":\"https:\/\/www.unicas.pe\/blog\/jeani-jaramillo-la-blogger-experta-en-moda\/\",\"name\":\"Jeani Jaramillo, la blogger experta en moda y tendencias\"}}]},{\"@type\":\"Person\",\"@id\":\"https:\/\/www.unicas.pe\/blog\/#\/schema\/person\/60053f595c6d0f3f11ed52a01c961cdb\",\"name\":\"Katty Gora\",\"image\":{\"@type\":\"ImageObject\",\"@id\":\"https:\/\/www.unicas.pe\/blog\/#personlogo\",\"inLanguage\":\"es\",\"url\":\"https:\/\/www.unicas.pe\/blog\/wp-content\/uploads\/2019\/01\/168392_1786370415133_366102_n-150x150.jpg\",\"caption\":\"Katty Gora\"},\"description\":\"Katty is a passionate blogger, diving into different subjects like fashion, trends, styles and news and more. Discover the great insight of a true quality blogger!\"}]}<\/script>\n<!-- \/ Yoast SEO plugin. -->","_links":{"self":[{"href":"https:\/\/www.unicas.pe\/blog\/wp-json\/wp\/v2\/posts\/239"}],"collection":[{"href":"https:\/\/www.unicas.pe\/blog\/wp-json\/wp\/v2\/posts"}],"about":[{"href":"https:\/\/www.unicas.pe\/blog\/wp-json\/wp\/v2\/types\/post"}],"author":[{"embeddable":true,"href":"https:\/\/www.unicas.pe\/blog\/wp-json\/wp\/v2\/users\/1"}],"replies":[{"embeddable":true,"href":"https:\/\/www.unicas.pe\/blog\/wp-json\/wp\/v2\/comments?post=239"}],"version-history":[{"count":1,"href":"https:\/\/www.unicas.pe\/blog\/wp-json\/wp\/v2\/posts\/239\/revisions"}],"predecessor-version":[{"id":11437,"href":"https:\/\/www.unicas.pe\/blog\/wp-json\/wp\/v2\/posts\/239\/revisions\/11437"}],"wp:featuredmedia":[{"embeddable":true,"href":"https:\/\/www.unicas.pe\/blog\/wp-json\/wp\/v2\/media\/237"}],"wp:attachment":[{"href":"https:\/\/www.unicas.pe\/blog\/wp-json\/wp\/v2\/media?parent=239"}],"wp:term":[{"taxonomy":"category","embeddable":true,"href":"https:\/\/www.unicas.pe\/blog\/wp-json\/wp\/v2\/categories?post=239"},{"taxonomy":"post_tag","embeddable":true,"href":"https:\/\/www.unicas.pe\/blog\/wp-json\/wp\/v2\/tags?post=239"}],"curies":[{"name":"wp","href":"https:\/\/api.w.org\/{rel}","templated":true}]}}