{"id":2406,"date":"2013-12-19T17:29:20","date_gmt":"2013-12-19T22:29:20","guid":{"rendered":"http:\/\/209.133.219.102\/~newunicas\/blog\/2013\/12\/19\/corte-de-pelo-estilo-midi\/"},"modified":"2019-01-10T21:36:15","modified_gmt":"2019-01-11T02:36:15","slug":"corte-de-pelo-estilo-midi","status":"publish","type":"post","link":"https:\/\/www.unicas.pe\/blog\/corte-de-pelo-estilo-midi\/","title":{"rendered":"El nuevo corte de cabello que causa furor: conoce la famosa melena midi"},"content":{"rendered":"<p style=\"text-align: justify;\">El cl\u00e1sico <strong>cabello<\/strong> largo se est\u00e1 quedando en el pasado. Lo m\u00e1s nuevo son las <strong>melenas<\/strong> midi. Se trata de un <strong>peinado<\/strong> a la altura del ment\u00f3n con m\u00faltiples variaciones.\u00a0<\/p>\n<p>  <!--more-->  <\/p>\n<p style=\"text-align: justify;\">Tiene varios nombres como corte <strong>Bob, media melena y melena midi<\/strong>. Es un corte a la altura del ment\u00f3n y que va en l\u00ednea recta. <strong>Muestra todo el cabello a la misma altura<\/strong>. Aun as\u00ed hay innumerables variaciones en tama\u00f1o, en los <strong>flequillos<\/strong> y en el <strong>volumen (liso o rizado)<\/strong>. Es ideal para esta temporada veraniega que se nos avecina pues el <strong>sol<\/strong> y la sal pueden malograr el <strong>cabello largo<\/strong>, recuerda que estos estilos tienen que cuidarse mucho m\u00e1s porque tienden a quebrarse m\u00e1s f\u00e1cilmente.\u00a0<\/p>\n<p><img class=\" size-full wp-image-2397\" style=\"display: block; margin-left: auto; margin-right: auto;\" title=\"El nuevo corte de cabello que causa furor: conoce la famosa melena midi\" src=\"http:\/\/209.133.219.102\/~newunicas\/blog\/wp-content\/uploads\/2013\/12\/midi1.jpg\" alt=\"El nuevo corte de cabello que causa furor: conoce la famosa melena midi\" width=\"600\" srcset=\"https:\/\/www.unicas.pe\/blog\/wp-content\/uploads\/2013\/12\/midi1.jpg 650w, https:\/\/www.unicas.pe\/blog\/wp-content\/uploads\/2013\/12\/midi1-200x300.jpg 200w, https:\/\/www.unicas.pe\/blog\/wp-content\/uploads\/2013\/12\/midi1-280x420.jpg 280w, https:\/\/www.unicas.pe\/blog\/wp-content\/uploads\/2013\/12\/midi1-560x840.jpg 560w\" sizes=\"(max-width: 650px) 100vw, 650px\" \/><\/p>\n<p><img class=\" size-full wp-image-2398\" style=\"display: block; margin-left: auto; margin-right: auto;\" title=\"El nuevo corte de cabello que causa furor: conoce la famosa melena midi\" src=\"http:\/\/209.133.219.102\/~newunicas\/blog\/wp-content\/uploads\/2013\/12\/midi2.jpg\" alt=\"El nuevo corte de cabello que causa furor: conoce la famosa melena midi\" width=\"600\" srcset=\"https:\/\/www.unicas.pe\/blog\/wp-content\/uploads\/2013\/12\/midi2.jpg 650w, https:\/\/www.unicas.pe\/blog\/wp-content\/uploads\/2013\/12\/midi2-200x300.jpg 200w, https:\/\/www.unicas.pe\/blog\/wp-content\/uploads\/2013\/12\/midi2-280x420.jpg 280w, https:\/\/www.unicas.pe\/blog\/wp-content\/uploads\/2013\/12\/midi2-560x840.jpg 560w\" sizes=\"(max-width: 650px) 100vw, 650px\" \/><\/p>\n<p style=\"text-align: justify;\"><strong>\u00bfC\u00f3mo peinar un corte midi para el d\u00eda a d\u00eda?<\/strong><\/p>\n<p style=\"text-align: justify;\">Este estilo es muy f\u00e1cil de peinar, manejar y secar. Si eres de las que no le gusta dedicar mucho tiempo a peinarse y al mismo tiempo lucir impecable, esta es una buena alternativa para ti.<\/p>\n<p style=\"text-align: justify;\">1. Lava tu cabello y s\u00e9calo con una toalla. No uses <strong>secadora<\/strong> porque tiene que estar algo h\u00famedo.<\/p>\n<p style=\"text-align: justify;\">2. Apl\u00edcate <strong>aceite para cabello<\/strong> con la finalidad de suavizarlo un poco.<\/p>\n<p style=\"text-align: justify;\">3. Tira el cabello hacia abajo y s\u00e9calo muy bien con la secadora.<\/p>\n<p style=\"text-align: justify;\">4. Cuando ya est\u00e9 casi seco utiliza un <strong>cepillo de rulo<\/strong> y p\u00e1salo junto con la secadora, especialmente en las puntas para que queden lisas y algo redondeadas.<\/p>\n<p style=\"text-align: justify;\">5. Finalmente aplica <strong>laca<\/strong> para fijar tu <strong>peinado<\/strong>.<\/p>\n<p><img class=\" size-full wp-image-2399\" style=\"display: block; margin-left: auto; margin-right: auto;\" title=\"El nuevo corte de cabello que causa furor: conoce la famosa melena midi\" src=\"http:\/\/209.133.219.102\/~newunicas\/blog\/wp-content\/uploads\/2013\/12\/midi3.jpg\" alt=\"El nuevo corte de cabello que causa furor: conoce la famosa melena midi\" width=\"600\" srcset=\"https:\/\/www.unicas.pe\/blog\/wp-content\/uploads\/2013\/12\/midi3.jpg 650w, https:\/\/www.unicas.pe\/blog\/wp-content\/uploads\/2013\/12\/midi3-200x300.jpg 200w, https:\/\/www.unicas.pe\/blog\/wp-content\/uploads\/2013\/12\/midi3-280x420.jpg 280w, https:\/\/www.unicas.pe\/blog\/wp-content\/uploads\/2013\/12\/midi3-560x840.jpg 560w\" sizes=\"(max-width: 650px) 100vw, 650px\" \/><\/p>\n<p><img class=\" size-full wp-image-2400\" style=\"display: block; margin-left: auto; margin-right: auto;\" title=\"El nuevo corte de cabello que causa furor: conoce la famosa melena midi\" src=\"http:\/\/209.133.219.102\/~newunicas\/blog\/wp-content\/uploads\/2013\/12\/midi4.jpg\" alt=\"El nuevo corte de cabello que causa furor: conoce la famosa melena midi\" width=\"600\" srcset=\"https:\/\/www.unicas.pe\/blog\/wp-content\/uploads\/2013\/12\/midi4.jpg 650w, https:\/\/www.unicas.pe\/blog\/wp-content\/uploads\/2013\/12\/midi4-223x300.jpg 223w, https:\/\/www.unicas.pe\/blog\/wp-content\/uploads\/2013\/12\/midi4-313x420.jpg 313w, https:\/\/www.unicas.pe\/blog\/wp-content\/uploads\/2013\/12\/midi4-625x840.jpg 625w\" sizes=\"(max-width: 650px) 100vw, 650px\" \/><\/p>\n<p style=\"text-align: justify;\"><strong>\u00bfC\u00f3mo peinar una melena midi para una ocasi\u00f3n formal?<\/strong><\/p>\n<p style=\"text-align: justify;\">Puedes escoger la alternativa de las <strong>ondas<\/strong> sublimes y muy marcadas.<\/p>\n<p style=\"text-align: justify;\">1. Lava el cabello y s\u00e9calo de tal manera que crees mucho volumen.\u00a0<\/p>\n<p style=\"text-align: justify;\">2. Usa la <strong>plancha<\/strong> o las <strong>tenacillas<\/strong> para hacer bucles muy marcados en <strong>mechones<\/strong> peque\u00f1os de cabello. Empieza desde el <strong>cuero cabelludo<\/strong> hasta las puntas, si crees que est\u00e1n muy tiesas, \u00e1brelas con los dedos para que se suavicen y parezcan m\u00e1s naturales.\u00a0<\/p>\n<p><img class=\" size-full wp-image-2401\" style=\"display: block; margin-left: auto; margin-right: auto;\" title=\"El nuevo corte de cabello que causa furor: conoce la famosa melena midi\" src=\"http:\/\/209.133.219.102\/~newunicas\/blog\/wp-content\/uploads\/2013\/12\/midi5.jpg\" alt=\"El nuevo corte de cabello que causa furor: conoce la famosa melena midi\" width=\"600\" srcset=\"https:\/\/www.unicas.pe\/blog\/wp-content\/uploads\/2013\/12\/midi5.jpg 650w, https:\/\/www.unicas.pe\/blog\/wp-content\/uploads\/2013\/12\/midi5-225x300.jpg 225w, https:\/\/www.unicas.pe\/blog\/wp-content\/uploads\/2013\/12\/midi5-315x420.jpg 315w, https:\/\/www.unicas.pe\/blog\/wp-content\/uploads\/2013\/12\/midi5-630x840.jpg 630w\" sizes=\"(max-width: 650px) 100vw, 650px\" \/><\/p>\n<p><img class=\" size-full wp-image-2402\" style=\"display: block; margin-left: auto; margin-right: auto;\" title=\"El nuevo corte de cabello que causa furor: conoce la famosa melena midi\" src=\"http:\/\/209.133.219.102\/~newunicas\/blog\/wp-content\/uploads\/2013\/12\/midi6.jpg\" alt=\"El nuevo corte de cabello que causa furor: conoce la famosa melena midi\" width=\"600\" srcset=\"https:\/\/www.unicas.pe\/blog\/wp-content\/uploads\/2013\/12\/midi6.jpg 650w, https:\/\/www.unicas.pe\/blog\/wp-content\/uploads\/2013\/12\/midi6-200x300.jpg 200w, https:\/\/www.unicas.pe\/blog\/wp-content\/uploads\/2013\/12\/midi6-280x420.jpg 280w, https:\/\/www.unicas.pe\/blog\/wp-content\/uploads\/2013\/12\/midi6-560x840.jpg 560w\" sizes=\"(max-width: 650px) 100vw, 650px\" \/><\/p>\n<p style=\"text-align: justify;\">Pero \u00bfc\u00f3mo se instaur\u00f3 esta moda? Pues como todas las tendencias, las celebridades m\u00e1s afamadas del mundo de la moda, belleza y cine fueron las primeras en usar el midi para hacerlo popular. <strong>La actriz de Juegos del Hambre, Jennifer Lawrence hasta hace poco se luc\u00eda con su melena midi antes de mudarse al pixie<\/strong>. De igual manera, <strong>Olivia Palermo, Alexa Chung, Kate Moss, la DJ Leigh Lezark, Anja Rubik, Hanne Gaby, Alice Weber<\/strong>, entre otras famosas ya se han decidido por probar el pr\u00e1ctico corte midi para transformar sus looks.\u00a0<\/p>\n<p><img class=\" size-full wp-image-2403\" style=\"display: block; margin-left: auto; margin-right: auto;\" title=\"El nuevo corte de cabello que causa furor: conoce la famosa melena midi\" src=\"http:\/\/209.133.219.102\/~newunicas\/blog\/wp-content\/uploads\/2013\/12\/midi7.jpg\" alt=\"El nuevo corte de cabello que causa furor: conoce la famosa melena midi\" width=\"600\" srcset=\"https:\/\/www.unicas.pe\/blog\/wp-content\/uploads\/2013\/12\/midi7.jpg 650w, https:\/\/www.unicas.pe\/blog\/wp-content\/uploads\/2013\/12\/midi7-150x150.jpg 150w, https:\/\/www.unicas.pe\/blog\/wp-content\/uploads\/2013\/12\/midi7-300x300.jpg 300w, https:\/\/www.unicas.pe\/blog\/wp-content\/uploads\/2013\/12\/midi7-420x420.jpg 420w\" sizes=\"(max-width: 650px) 100vw, 650px\" \/><\/p>\n<p><img class=\" size-full wp-image-2404\" style=\"display: block; margin-left: auto; margin-right: auto;\" title=\"El nuevo corte de cabello que causa furor: conoce la famosa melena midi\" src=\"http:\/\/209.133.219.102\/~newunicas\/blog\/wp-content\/uploads\/2013\/12\/midi8.jpg\" alt=\"El nuevo corte de cabello que causa furor: conoce la famosa melena midi\" width=\"600\" srcset=\"https:\/\/www.unicas.pe\/blog\/wp-content\/uploads\/2013\/12\/midi8.jpg 650w, https:\/\/www.unicas.pe\/blog\/wp-content\/uploads\/2013\/12\/midi8-150x150.jpg 150w, https:\/\/www.unicas.pe\/blog\/wp-content\/uploads\/2013\/12\/midi8-300x300.jpg 300w, https:\/\/www.unicas.pe\/blog\/wp-content\/uploads\/2013\/12\/midi8-420x420.jpg 420w\" sizes=\"(max-width: 650px) 100vw, 650px\" \/><\/p>\n<p><img class=\" size-full wp-image-2405\" style=\"display: block; margin-left: auto; margin-right: auto;\" title=\"El nuevo corte de cabello que causa furor: conoce la famosa melena midi\" src=\"http:\/\/209.133.219.102\/~newunicas\/blog\/wp-content\/uploads\/2013\/12\/midi9.jpg\" alt=\"El nuevo corte de cabello que causa furor: conoce la famosa melena midi\" width=\"600\" srcset=\"https:\/\/www.unicas.pe\/blog\/wp-content\/uploads\/2013\/12\/midi9.jpg 650w, https:\/\/www.unicas.pe\/blog\/wp-content\/uploads\/2013\/12\/midi9-150x150.jpg 150w, https:\/\/www.unicas.pe\/blog\/wp-content\/uploads\/2013\/12\/midi9-300x297.jpg 300w, https:\/\/www.unicas.pe\/blog\/wp-content\/uploads\/2013\/12\/midi9-424x420.jpg 424w\" sizes=\"(max-width: 650px) 100vw, 650px\" \/><\/p>\n<p style=\"text-align: justify;\">\u00a1Qu\u00e9 esperas! El verano se acerca y tienes que lucir un estilo de <strong>cabello<\/strong> renovado, pr\u00e1ctico y original.<\/p>\n","protected":false},"excerpt":{"rendered":"<p>El cl\u00e1sico cabello largo se est\u00e1 quedando en el pasado. Lo m\u00e1s nuevo son las melenas midi. Se trata de un peinado a la altura del ment\u00f3n con m\u00faltiples variaciones.\u00a0<\/p>\n","protected":false},"author":1,"featured_media":2397,"comment_status":"closed","ping_status":"open","sticky":false,"template":"","format":"standard","meta":[],"categories":[29],"tags":[3581,1962,3590,3588,2526,63,2399,3582,3574,1078,3579,3589,3586,3585,1963,1654,3587,956,3584,3575,3576,3577,3578,1936,1614,850,3023,1599,1106,1639,1569,3583,3580],"yoast_head":"<!-- This site is optimized with the Yoast SEO plugin v16.0.2 - https:\/\/yoast.com\/wordpress\/plugins\/seo\/ -->\n<link rel=\"canonical\" href=\"https:\/\/www.unicas.pe\/blog\/corte-de-pelo-estilo-midi\/\" \/>\n<meta property=\"og:locale\" content=\"es_ES\" \/>\n<meta property=\"og:type\" content=\"article\" \/>\n<meta property=\"og:title\" content=\"El nuevo corte de cabello que causa furor: conoce la famosa melena midi - Unicas\" \/>\n<meta property=\"og:description\" content=\"El cl\u00e1sico cabello largo se est\u00e1 quedando en el pasado. Lo m\u00e1s nuevo son las melenas midi. Se trata de un peinado a la altura del ment\u00f3n con m\u00faltiples variaciones.\u00a0\" \/>\n<meta property=\"og:url\" content=\"https:\/\/www.unicas.pe\/blog\/corte-de-pelo-estilo-midi\/\" \/>\n<meta property=\"og:site_name\" content=\"Unicas\" \/>\n<meta property=\"article:published_time\" content=\"2013-12-19T22:29:20+00:00\" \/>\n<meta property=\"article:modified_time\" content=\"2019-01-11T02:36:15+00:00\" \/>\n<meta property=\"og:image\" content=\"https:\/\/www.unicas.pe\/blog\/wp-content\/uploads\/2013\/12\/midi1.jpg\" \/>\n\t<meta property=\"og:image:width\" content=\"650\" \/>\n\t<meta property=\"og:image:height\" content=\"975\" \/>\n<meta name=\"twitter:card\" content=\"summary_large_image\" \/>\n<meta name=\"twitter:label1\" content=\"Tiempo de lectura\">\n\t<meta name=\"twitter:data1\" content=\"2 minutos\">\n<script type=\"application\/ld+json\" class=\"yoast-schema-graph\">{\"@context\":\"https:\/\/schema.org\",\"@graph\":[{\"@type\":\"WebSite\",\"@id\":\"https:\/\/www.unicas.pe\/blog\/#website\",\"url\":\"https:\/\/www.unicas.pe\/blog\/\",\"name\":\"Unicas\",\"description\":\"Blog sobre belleza, maquillaje, moda, y mucho m\\u00e1s.\",\"potentialAction\":[{\"@type\":\"SearchAction\",\"target\":\"https:\/\/www.unicas.pe\/blog\/?s={search_term_string}\",\"query-input\":\"required name=search_term_string\"}],\"inLanguage\":\"es\"},{\"@type\":\"ImageObject\",\"@id\":\"https:\/\/www.unicas.pe\/blog\/corte-de-pelo-estilo-midi\/#primaryimage\",\"inLanguage\":\"es\",\"url\":\"https:\/\/www.unicas.pe\/blog\/wp-content\/uploads\/2013\/12\/midi1.jpg\",\"width\":650,\"height\":975,\"caption\":\"El nuevo corte de cabello que causa furor: conoce la famosa melena midi\"},{\"@type\":\"WebPage\",\"@id\":\"https:\/\/www.unicas.pe\/blog\/corte-de-pelo-estilo-midi\/#webpage\",\"url\":\"https:\/\/www.unicas.pe\/blog\/corte-de-pelo-estilo-midi\/\",\"name\":\"El nuevo corte de cabello que causa furor: conoce la famosa melena midi - Unicas\",\"isPartOf\":{\"@id\":\"https:\/\/www.unicas.pe\/blog\/#website\"},\"primaryImageOfPage\":{\"@id\":\"https:\/\/www.unicas.pe\/blog\/corte-de-pelo-estilo-midi\/#primaryimage\"},\"datePublished\":\"2013-12-19T22:29:20+00:00\",\"dateModified\":\"2019-01-11T02:36:15+00:00\",\"author\":{\"@id\":\"https:\/\/www.unicas.pe\/blog\/#\/schema\/person\/60053f595c6d0f3f11ed52a01c961cdb\"},\"breadcrumb\":{\"@id\":\"https:\/\/www.unicas.pe\/blog\/corte-de-pelo-estilo-midi\/#breadcrumb\"},\"inLanguage\":\"es\",\"potentialAction\":[{\"@type\":\"ReadAction\",\"target\":[\"https:\/\/www.unicas.pe\/blog\/corte-de-pelo-estilo-midi\/\"]}]},{\"@type\":\"BreadcrumbList\",\"@id\":\"https:\/\/www.unicas.pe\/blog\/corte-de-pelo-estilo-midi\/#breadcrumb\",\"itemListElement\":[{\"@type\":\"ListItem\",\"position\":1,\"item\":{\"@type\":\"WebPage\",\"@id\":\"https:\/\/www.unicas.pe\/blog\/\",\"url\":\"https:\/\/www.unicas.pe\/blog\/\",\"name\":\"Portada\"}},{\"@type\":\"ListItem\",\"position\":2,\"item\":{\"@type\":\"WebPage\",\"@id\":\"https:\/\/www.unicas.pe\/blog\/corte-de-pelo-estilo-midi\/\",\"url\":\"https:\/\/www.unicas.pe\/blog\/corte-de-pelo-estilo-midi\/\",\"name\":\"El nuevo corte de cabello que causa furor: conoce la famosa melena midi\"}}]},{\"@type\":\"Person\",\"@id\":\"https:\/\/www.unicas.pe\/blog\/#\/schema\/person\/60053f595c6d0f3f11ed52a01c961cdb\",\"name\":\"Katty Gora\",\"image\":{\"@type\":\"ImageObject\",\"@id\":\"https:\/\/www.unicas.pe\/blog\/#personlogo\",\"inLanguage\":\"es\",\"url\":\"https:\/\/www.unicas.pe\/blog\/wp-content\/uploads\/2019\/01\/168392_1786370415133_366102_n-150x150.jpg\",\"caption\":\"Katty Gora\"},\"description\":\"Katty is a passionate blogger, diving into different subjects like fashion, trends, styles and news and more. Discover the great insight of a true quality blogger!\"}]}<\/script>\n<!-- \/ Yoast SEO plugin. -->","_links":{"self":[{"href":"https:\/\/www.unicas.pe\/blog\/wp-json\/wp\/v2\/posts\/2406"}],"collection":[{"href":"https:\/\/www.unicas.pe\/blog\/wp-json\/wp\/v2\/posts"}],"about":[{"href":"https:\/\/www.unicas.pe\/blog\/wp-json\/wp\/v2\/types\/post"}],"author":[{"embeddable":true,"href":"https:\/\/www.unicas.pe\/blog\/wp-json\/wp\/v2\/users\/1"}],"replies":[{"embeddable":true,"href":"https:\/\/www.unicas.pe\/blog\/wp-json\/wp\/v2\/comments?post=2406"}],"version-history":[{"count":1,"href":"https:\/\/www.unicas.pe\/blog\/wp-json\/wp\/v2\/posts\/2406\/revisions"}],"predecessor-version":[{"id":10914,"href":"https:\/\/www.unicas.pe\/blog\/wp-json\/wp\/v2\/posts\/2406\/revisions\/10914"}],"wp:featuredmedia":[{"embeddable":true,"href":"https:\/\/www.unicas.pe\/blog\/wp-json\/wp\/v2\/media\/2397"}],"wp:attachment":[{"href":"https:\/\/www.unicas.pe\/blog\/wp-json\/wp\/v2\/media?parent=2406"}],"wp:term":[{"taxonomy":"category","embeddable":true,"href":"https:\/\/www.unicas.pe\/blog\/wp-json\/wp\/v2\/categories?post=2406"},{"taxonomy":"post_tag","embeddable":true,"href":"https:\/\/www.unicas.pe\/blog\/wp-json\/wp\/v2\/tags?post=2406"}],"curies":[{"name":"wp","href":"https:\/\/api.w.org\/{rel}","templated":true}]}}