{"id":2608,"date":"2014-01-07T15:13:20","date_gmt":"2014-01-07T20:13:20","guid":{"rendered":"http:\/\/209.133.219.102\/~newunicas\/blog\/2014\/01\/07\/danos-al-cabello-en-verano\/"},"modified":"2019-01-10T21:36:12","modified_gmt":"2019-01-11T02:36:12","slug":"danos-al-cabello-en-verano","status":"publish","type":"post","link":"https:\/\/www.unicas.pe\/blog\/danos-al-cabello-en-verano\/","title":{"rendered":"Conoce a los peores enemigos de tu cabello en este verano y aprende a enfrentarlos"},"content":{"rendered":"<p style=\"text-align: justify;\">As\u00ed como la piel es m\u00e1s propensa a da\u00f1arse en verano, el <strong>cabello<\/strong> padece igual. Los motivos son diversos, van desde el cloro y la sal hasta los efectos de los rayos UV.\u00a0<\/p>\n<p>  <!--more-->  <\/p>\n<p style=\"text-align: justify;\">Siempre que vemos a las modelos publicitando productos veraniegos como bikinis, protectores solares, cervezas, entre otros, nos percatamos de su cabellera hermosa y saludable. Sin embargo, cuando nosotras vamos a la playa quedamos como espantap\u00e1jaros con el cabello pajoso, reseco, aplastado y con mucho frizz. Conoce que hace que se produzcan estos efectos y c\u00f3mo combatirlos de la mejor manera.\u00a0<\/p>\n<p><img class=\" size-full wp-image-2601\" style=\"display: block; margin-left: auto; margin-right: auto;\" title=\"Conoce a los peores enemigos de tu cabello en este verano y aprende a enfrentarlos\" src=\"http:\/\/209.133.219.102\/~newunicas\/blog\/wp-content\/uploads\/2014\/01\/cabello1.jpg\" alt=\"Conoce a los peores enemigos de tu cabello en este verano y aprende a enfrentarlos\" width=\"600\" srcset=\"https:\/\/www.unicas.pe\/blog\/wp-content\/uploads\/2014\/01\/cabello1.jpg 650w, https:\/\/www.unicas.pe\/blog\/wp-content\/uploads\/2014\/01\/cabello1-300x200.jpg 300w, https:\/\/www.unicas.pe\/blog\/wp-content\/uploads\/2014\/01\/cabello1-648x433.jpg 648w, https:\/\/www.unicas.pe\/blog\/wp-content\/uploads\/2014\/01\/cabello1-630x420.jpg 630w\" sizes=\"(max-width: 650px) 100vw, 650px\" \/><\/p>\n<h2 style=\"text-align: justify;\"><strong>El cloro de las piscinas y la sal del mar<\/strong><\/h2>\n<p><img class=\" size-full wp-image-2602\" style=\"display: block; margin-left: auto; margin-right: auto;\" title=\"Conoce a los peores enemigos de tu cabello en este verano y aprende a enfrentarlos\" src=\"http:\/\/209.133.219.102\/~newunicas\/blog\/wp-content\/uploads\/2014\/01\/cabello2.jpg\" alt=\"Conoce a los peores enemigos de tu cabello en este verano y aprende a enfrentarlos\" width=\"600\" srcset=\"https:\/\/www.unicas.pe\/blog\/wp-content\/uploads\/2014\/01\/cabello2.jpg 650w, https:\/\/www.unicas.pe\/blog\/wp-content\/uploads\/2014\/01\/cabello2-300x174.jpg 300w, https:\/\/www.unicas.pe\/blog\/wp-content\/uploads\/2014\/01\/cabello2-648x377.jpg 648w\" sizes=\"(max-width: 650px) 100vw, 650px\" \/><\/p>\n<p style=\"text-align: justify;\"><span style=\"line-height: 1.3em;\">El cloro es malo para el cabello porque lo da\u00f1a y debilita su color. Por otro lado, el agua salada altera la carga est\u00e1tica de la cabellera haciendo que pierda su elasticidad. Por estos motivos es m\u00e1s dif\u00edcil de peinar y se rompe con m\u00e1s facilidad.<\/span><\/p>\n<p><img class=\" size-full wp-image-2603\" style=\"display: block; margin-left: auto; margin-right: auto;\" title=\"Conoce a los peores enemigos de tu cabello en este verano y aprende a enfrentarlos\" src=\"http:\/\/209.133.219.102\/~newunicas\/blog\/wp-content\/uploads\/2014\/01\/cabello3.jpg\" alt=\"Conoce a los peores enemigos de tu cabello en este verano y aprende a enfrentarlos\" width=\"600\" srcset=\"https:\/\/www.unicas.pe\/blog\/wp-content\/uploads\/2014\/01\/cabello3.jpg 650w, https:\/\/www.unicas.pe\/blog\/wp-content\/uploads\/2014\/01\/cabello3-300x236.jpg 300w, https:\/\/www.unicas.pe\/blog\/wp-content\/uploads\/2014\/01\/cabello3-533x420.jpg 533w\" sizes=\"(max-width: 650px) 100vw, 650px\" \/><\/p>\n<p style=\"text-align: justify;\"><span style=\"line-height: 1.3em;\">Lo que debes hacer en estos casos es enjuagar inmediatamente tu cabello con agua dulce y aplicar un acondicionador en spray que no requiera enjuague.<\/span><\/p>\n<h2 style=\"text-align: justify;\"><strong>Rayos UV<\/strong><\/h2>\n<p><img class=\" size-full wp-image-2604\" style=\"display: block; margin-left: auto; margin-right: auto;\" title=\"Conoce a los peores enemigos de tu cabello en este verano y aprende a enfrentarlos\" src=\"http:\/\/209.133.219.102\/~newunicas\/blog\/wp-content\/uploads\/2014\/01\/cabello4.jpg\" alt=\"Conoce a los peores enemigos de tu cabello en este verano y aprende a enfrentarlos\" width=\"600\" srcset=\"https:\/\/www.unicas.pe\/blog\/wp-content\/uploads\/2014\/01\/cabello4.jpg 650w, https:\/\/www.unicas.pe\/blog\/wp-content\/uploads\/2014\/01\/cabello4-300x200.jpg 300w, https:\/\/www.unicas.pe\/blog\/wp-content\/uploads\/2014\/01\/cabello4-648x433.jpg 648w, https:\/\/www.unicas.pe\/blog\/wp-content\/uploads\/2014\/01\/cabello4-630x420.jpg 630w\" sizes=\"(max-width: 650px) 100vw, 650px\" \/><\/p>\n<p style=\"text-align: justify;\"><span style=\"line-height: 1.3em;\">As\u00ed como son muy perjudiciales para nuestra piel, tambi\u00e9n nuestro cabello sufre sus efectos da\u00f1inos. La sequedad, fragilidad capilar y deterioro del color de forma suave (nunca al extremo de la oxigenta) son consecuencias tangibles de las secuelas del sol en nuestro cabello. Por otro lado, el cuero cabelludo tambi\u00e9n se afecta pues puede sufrir quemaduras directas. \u00bfAlguna vez te has querido peinar despu\u00e9s de un d\u00eda de sol en la playa y te ha ardido mucho la cabeza? pues ese es el efecto del sol.\u00a0<\/span><\/p>\n<p><img class=\" size-full wp-image-2605\" style=\"display: block; margin-left: auto; margin-right: auto;\" title=\"Conoce a los peores enemigos de tu cabello en este verano y aprende a enfrentarlos\" src=\"http:\/\/209.133.219.102\/~newunicas\/blog\/wp-content\/uploads\/2014\/01\/cabello5.jpg\" alt=\"Conoce a los peores enemigos de tu cabello en este verano y aprende a enfrentarlos\" width=\"600\" srcset=\"https:\/\/www.unicas.pe\/blog\/wp-content\/uploads\/2014\/01\/cabello5.jpg 650w, https:\/\/www.unicas.pe\/blog\/wp-content\/uploads\/2014\/01\/cabello5-300x269.jpg 300w, https:\/\/www.unicas.pe\/blog\/wp-content\/uploads\/2014\/01\/cabello5-469x420.jpg 469w\" sizes=\"(max-width: 650px) 100vw, 650px\" \/><\/p>\n<p style=\"text-align: justify;\"><span style=\"line-height: 1.3em;\">Para ello debemos usar protector solar para el cabello y champ\u00fas especiales para revitalizarlo (nunca champ\u00fa de manzanilla pues lo decolora de forma artificial a\u00fan m\u00e1s en verano). Adem\u00e1s podemos ayudarnos de gorros, sombreros y pa\u00f1uelos para evitar que el da\u00f1o sea directo hacia nuestro cuero cabelludo. Si no quieres usarlos todo el tiempo, apl\u00edcate un poco de protector solar, eso s\u00ed luego l\u00e1vate bien pues te quedar\u00e1 muy grasoso.\u00a0<\/span><\/p>\n<h2 style=\"text-align: justify;\"><strong>Grasitud<\/strong><\/h2>\n<p style=\"text-align: justify;\">Precisamente el contacto del cabello con el protector solar de la espalda y hombros, la arena y el sudor puede causar un efecto grasoso y est\u00e1tico muy desagradable.\u00a0<\/p>\n<p><img class=\" size-full wp-image-2606\" style=\"display: block; margin-left: auto; margin-right: auto;\" title=\"Conoce a los peores enemigos de tu cabello en este verano y aprende a enfrentarlos\" src=\"http:\/\/209.133.219.102\/~newunicas\/blog\/wp-content\/uploads\/2014\/01\/cabello6.jpg\" alt=\"Conoce a los peores enemigos de tu cabello en este verano y aprende a enfrentarlos\" width=\"600\" srcset=\"https:\/\/www.unicas.pe\/blog\/wp-content\/uploads\/2014\/01\/cabello6.jpg 650w, https:\/\/www.unicas.pe\/blog\/wp-content\/uploads\/2014\/01\/cabello6-300x201.jpg 300w, https:\/\/www.unicas.pe\/blog\/wp-content\/uploads\/2014\/01\/cabello6-648x436.jpg 648w, https:\/\/www.unicas.pe\/blog\/wp-content\/uploads\/2014\/01\/cabello6-626x420.jpg 626w\" sizes=\"(max-width: 650px) 100vw, 650px\" \/><\/p>\n<p style=\"text-align: justify;\">Para evitar esto debes lavarte el cabello con m\u00e1s regularidad y usar productos que ayuden a protegerlo y darle m\u00e1s brillo y vida.\u00a0<\/p>\n<h2 style=\"text-align: justify;\"><strong>Frizz<\/strong><\/h2>\n<p style=\"text-align: justify;\">La est\u00e1tica y los ambientes secos hacen que el cabello se encrespe f\u00e1cilmente, y esto es muy propicio en verano.\u00a0<\/p>\n<p><img class=\" size-full wp-image-2607\" style=\"display: block; margin-left: auto; margin-right: auto;\" title=\"Conoce a los peores enemigos de tu cabello en este verano y aprende a enfrentarlos\" src=\"http:\/\/209.133.219.102\/~newunicas\/blog\/wp-content\/uploads\/2014\/01\/cabello7.jpg\" alt=\"Conoce a los peores enemigos de tu cabello en este verano y aprende a enfrentarlos\" width=\"600\" srcset=\"https:\/\/www.unicas.pe\/blog\/wp-content\/uploads\/2014\/01\/cabello7.jpg 650w, https:\/\/www.unicas.pe\/blog\/wp-content\/uploads\/2014\/01\/cabello7-300x171.jpg 300w, https:\/\/www.unicas.pe\/blog\/wp-content\/uploads\/2014\/01\/cabello7-648x371.jpg 648w\" sizes=\"(max-width: 650px) 100vw, 650px\" \/><\/p>\n<p style=\"text-align: justify;\"><span style=\"line-height: 1.3em;\">Para combatirlo adquiere un producto para el frizz con textura muy ligera para evitar el efecto graso.\u00a0<\/span><\/p>\n<p style=\"text-align: justify;\">Sigue estos \u00fatiles consejos y lucir\u00e1s un <strong>cabello<\/strong> de revista.<\/p>\n","protected":false},"excerpt":{"rendered":"<p>As\u00ed como la piel es m\u00e1s propensa a da\u00f1arse en verano, el cabello padece igual. Los motivos son diversos, van desde el cloro y la sal hasta los efectos de los rayos UV.\u00a0<\/p>\n","protected":false},"author":1,"featured_media":2601,"comment_status":"closed","ping_status":"open","sticky":false,"template":"","format":"standard","meta":[],"categories":[29],"tags":[2281,63,3846,1078,3845,1511,1250,1965],"yoast_head":"<!-- This site is optimized with the Yoast SEO plugin v16.0.2 - https:\/\/yoast.com\/wordpress\/plugins\/seo\/ -->\n<link rel=\"canonical\" href=\"https:\/\/www.unicas.pe\/blog\/danos-al-cabello-en-verano\/\" \/>\n<meta property=\"og:locale\" content=\"es_ES\" \/>\n<meta property=\"og:type\" content=\"article\" \/>\n<meta property=\"og:title\" content=\"Conoce a los peores enemigos de tu cabello en este verano y aprende a enfrentarlos - Unicas\" \/>\n<meta property=\"og:description\" content=\"As\u00ed como la piel es m\u00e1s propensa a da\u00f1arse en verano, el cabello padece igual. Los motivos son diversos, van desde el cloro y la sal hasta los efectos de los rayos UV.\u00a0\" \/>\n<meta property=\"og:url\" content=\"https:\/\/www.unicas.pe\/blog\/danos-al-cabello-en-verano\/\" \/>\n<meta property=\"og:site_name\" content=\"Unicas\" \/>\n<meta property=\"article:published_time\" content=\"2014-01-07T20:13:20+00:00\" \/>\n<meta property=\"article:modified_time\" content=\"2019-01-11T02:36:12+00:00\" \/>\n<meta property=\"og:image\" content=\"https:\/\/www.unicas.pe\/blog\/wp-content\/uploads\/2014\/01\/cabello1.jpg\" \/>\n\t<meta property=\"og:image:width\" content=\"650\" \/>\n\t<meta property=\"og:image:height\" content=\"433\" \/>\n<meta name=\"twitter:card\" content=\"summary_large_image\" \/>\n<meta name=\"twitter:label1\" content=\"Tiempo de lectura\">\n\t<meta name=\"twitter:data1\" content=\"2 minutos\">\n<script type=\"application\/ld+json\" class=\"yoast-schema-graph\">{\"@context\":\"https:\/\/schema.org\",\"@graph\":[{\"@type\":\"WebSite\",\"@id\":\"https:\/\/www.unicas.pe\/blog\/#website\",\"url\":\"https:\/\/www.unicas.pe\/blog\/\",\"name\":\"Unicas\",\"description\":\"Blog sobre belleza, maquillaje, moda, y mucho m\\u00e1s.\",\"potentialAction\":[{\"@type\":\"SearchAction\",\"target\":\"https:\/\/www.unicas.pe\/blog\/?s={search_term_string}\",\"query-input\":\"required name=search_term_string\"}],\"inLanguage\":\"es\"},{\"@type\":\"ImageObject\",\"@id\":\"https:\/\/www.unicas.pe\/blog\/danos-al-cabello-en-verano\/#primaryimage\",\"inLanguage\":\"es\",\"url\":\"https:\/\/www.unicas.pe\/blog\/wp-content\/uploads\/2014\/01\/cabello1.jpg\",\"width\":650,\"height\":433,\"caption\":\"Conoce a los peores enemigos de tu cabello en este verano y aprende a enfrentarlos\"},{\"@type\":\"WebPage\",\"@id\":\"https:\/\/www.unicas.pe\/blog\/danos-al-cabello-en-verano\/#webpage\",\"url\":\"https:\/\/www.unicas.pe\/blog\/danos-al-cabello-en-verano\/\",\"name\":\"Conoce a los peores enemigos de tu cabello en este verano y aprende a enfrentarlos - Unicas\",\"isPartOf\":{\"@id\":\"https:\/\/www.unicas.pe\/blog\/#website\"},\"primaryImageOfPage\":{\"@id\":\"https:\/\/www.unicas.pe\/blog\/danos-al-cabello-en-verano\/#primaryimage\"},\"datePublished\":\"2014-01-07T20:13:20+00:00\",\"dateModified\":\"2019-01-11T02:36:12+00:00\",\"author\":{\"@id\":\"https:\/\/www.unicas.pe\/blog\/#\/schema\/person\/60053f595c6d0f3f11ed52a01c961cdb\"},\"breadcrumb\":{\"@id\":\"https:\/\/www.unicas.pe\/blog\/danos-al-cabello-en-verano\/#breadcrumb\"},\"inLanguage\":\"es\",\"potentialAction\":[{\"@type\":\"ReadAction\",\"target\":[\"https:\/\/www.unicas.pe\/blog\/danos-al-cabello-en-verano\/\"]}]},{\"@type\":\"BreadcrumbList\",\"@id\":\"https:\/\/www.unicas.pe\/blog\/danos-al-cabello-en-verano\/#breadcrumb\",\"itemListElement\":[{\"@type\":\"ListItem\",\"position\":1,\"item\":{\"@type\":\"WebPage\",\"@id\":\"https:\/\/www.unicas.pe\/blog\/\",\"url\":\"https:\/\/www.unicas.pe\/blog\/\",\"name\":\"Portada\"}},{\"@type\":\"ListItem\",\"position\":2,\"item\":{\"@type\":\"WebPage\",\"@id\":\"https:\/\/www.unicas.pe\/blog\/danos-al-cabello-en-verano\/\",\"url\":\"https:\/\/www.unicas.pe\/blog\/danos-al-cabello-en-verano\/\",\"name\":\"Conoce a los peores enemigos de tu cabello en este verano y aprende a enfrentarlos\"}}]},{\"@type\":\"Person\",\"@id\":\"https:\/\/www.unicas.pe\/blog\/#\/schema\/person\/60053f595c6d0f3f11ed52a01c961cdb\",\"name\":\"Katty Gora\",\"image\":{\"@type\":\"ImageObject\",\"@id\":\"https:\/\/www.unicas.pe\/blog\/#personlogo\",\"inLanguage\":\"es\",\"url\":\"https:\/\/www.unicas.pe\/blog\/wp-content\/uploads\/2019\/01\/168392_1786370415133_366102_n-150x150.jpg\",\"caption\":\"Katty Gora\"},\"description\":\"Katty is a passionate blogger, diving into different subjects like fashion, trends, styles and news and more. Discover the great insight of a true quality blogger!\"}]}<\/script>\n<!-- \/ Yoast SEO plugin. -->","_links":{"self":[{"href":"https:\/\/www.unicas.pe\/blog\/wp-json\/wp\/v2\/posts\/2608"}],"collection":[{"href":"https:\/\/www.unicas.pe\/blog\/wp-json\/wp\/v2\/posts"}],"about":[{"href":"https:\/\/www.unicas.pe\/blog\/wp-json\/wp\/v2\/types\/post"}],"author":[{"embeddable":true,"href":"https:\/\/www.unicas.pe\/blog\/wp-json\/wp\/v2\/users\/1"}],"replies":[{"embeddable":true,"href":"https:\/\/www.unicas.pe\/blog\/wp-json\/wp\/v2\/comments?post=2608"}],"version-history":[{"count":1,"href":"https:\/\/www.unicas.pe\/blog\/wp-json\/wp\/v2\/posts\/2608\/revisions"}],"predecessor-version":[{"id":10869,"href":"https:\/\/www.unicas.pe\/blog\/wp-json\/wp\/v2\/posts\/2608\/revisions\/10869"}],"wp:featuredmedia":[{"embeddable":true,"href":"https:\/\/www.unicas.pe\/blog\/wp-json\/wp\/v2\/media\/2601"}],"wp:attachment":[{"href":"https:\/\/www.unicas.pe\/blog\/wp-json\/wp\/v2\/media?parent=2608"}],"wp:term":[{"taxonomy":"category","embeddable":true,"href":"https:\/\/www.unicas.pe\/blog\/wp-json\/wp\/v2\/categories?post=2608"},{"taxonomy":"post_tag","embeddable":true,"href":"https:\/\/www.unicas.pe\/blog\/wp-json\/wp\/v2\/tags?post=2608"}],"curies":[{"name":"wp","href":"https:\/\/api.w.org\/{rel}","templated":true}]}}