{"id":2709,"date":"2014-01-10T18:03:05","date_gmt":"2014-01-10T23:03:05","guid":{"rendered":"http:\/\/209.133.219.102\/~newunicas\/blog\/2014\/01\/10\/maquillaje-de-noche-para-cena-de-verano\/"},"modified":"2019-01-10T21:36:10","modified_gmt":"2019-01-11T02:36:10","slug":"maquillaje-de-noche-para-cena-de-verano","status":"publish","type":"post","link":"https:\/\/www.unicas.pe\/blog\/maquillaje-de-noche-para-cena-de-verano\/","title":{"rendered":"Aprende a preparar un maquillaje de noche para una cena casual de verano"},"content":{"rendered":"<p style=\"text-align: justify;\">Es importante hidratarse y usar un producto que reduzca dr\u00e1sticamente el brillo pues el sudor y las altas temperaturas podr\u00edan arruinar el <strong>maquillaje de noche<\/strong>.<\/p>\n<p>  <!--more-->  <\/p>\n<p style=\"text-align: justify;\">Una cena informal no es excusa para no arreglarse y salir desali\u00f1ada. Al contrario, es la ocasi\u00f3n perfecta para lucir bella, natural y sencilla. Adem\u00e1s, el verano tambi\u00e9n es ideal para usar colores vivos que realcen mejor el bronceado y te creen un <strong>efecto muy playero<\/strong> y lleno de vida. A continuaci\u00f3n te damos algunos consejos para que puedas hacer tu <strong>maquillaje de noche<\/strong> con los tonos de moda del verano y salir perfecta en una circunstancia casual.<\/p>\n<h2 style=\"text-align: justify;\"><strong>Base<\/strong><\/h2>\n<p><img class=\" size-full wp-image-2703\" style=\"display: block; margin-left: auto; margin-right: auto;\" title=\"Aprende a preparar un maquillaje de noche para una cena casual de verano \" src=\"http:\/\/209.133.219.102\/~newunicas\/blog\/wp-content\/uploads\/2014\/01\/verano1.jpg\" alt=\"Aprende a preparar un maquillaje de noche \" width=\"600\" srcset=\"https:\/\/www.unicas.pe\/blog\/wp-content\/uploads\/2014\/01\/verano1.jpg 650w, https:\/\/www.unicas.pe\/blog\/wp-content\/uploads\/2014\/01\/verano1-300x191.jpg 300w, https:\/\/www.unicas.pe\/blog\/wp-content\/uploads\/2014\/01\/verano1-648x413.jpg 648w\" sizes=\"(max-width: 650px) 100vw, 650px\" \/><\/p>\n<p style=\"text-align: justify;\">Se pueden usar las famosas <strong>BB cream<\/strong> que protegen la piel de los rayos del sol, la hidratan, le dan mucho color y acent\u00faan tu bronceado en verano. Adem\u00e1s son muy ligeras y tienen un efecto de ocultamiento de imperfecciones ideal para rostros cansados. Su aporte en nutrientes tambi\u00e9n es beneficioso pues poseen varias vitaminas que tu rostro necesita.<\/p>\n<h2 style=\"text-align: justify;\"><strong>Corrector<\/strong><\/h2>\n<p><img class=\" size-full wp-image-2704\" style=\"display: block; margin-left: auto; margin-right: auto;\" title=\"Aprende a preparar un maquillaje de noche para una cena casual de verano \" src=\"http:\/\/209.133.219.102\/~newunicas\/blog\/wp-content\/uploads\/2014\/01\/verano2.jpg\" alt=\"Aprende a preparar un maquillaje de noche \" width=\"600\" srcset=\"https:\/\/www.unicas.pe\/blog\/wp-content\/uploads\/2014\/01\/verano2.jpg 650w, https:\/\/www.unicas.pe\/blog\/wp-content\/uploads\/2014\/01\/verano2-282x300.jpg 282w, https:\/\/www.unicas.pe\/blog\/wp-content\/uploads\/2014\/01\/verano2-395x420.jpg 395w\" sizes=\"(max-width: 650px) 100vw, 650px\" \/><\/p>\n<p style=\"text-align: justify;\">A continuaci\u00f3n necesitas aplicar el corrector de ojeras para ocultar algunas imperfecciones m\u00e1s acentuadas. Se coloca en el contorno de los ojos y se difumina hacia los lados y hasta el borde del cabello. Debes hacerlo de forma muy delicada para evitar estirar la piel y solo debes dejar una capa muy delgada para no sufrir luego de descascaramientos de maquillaje.<\/p>\n<h2 style=\"text-align: justify;\"><strong>Polvo transl\u00facido<\/strong><\/h2>\n<p><img class=\" size-full wp-image-2705\" style=\"display: block; margin-left: auto; margin-right: auto;\" title=\"Aprende a preparar un maquillaje de noche para una cena casual de verano \" src=\"http:\/\/209.133.219.102\/~newunicas\/blog\/wp-content\/uploads\/2014\/01\/verano3.jpg\" alt=\"Aprende a preparar un maquillaje de noche \" width=\"600\" srcset=\"https:\/\/www.unicas.pe\/blog\/wp-content\/uploads\/2014\/01\/verano3.jpg 650w, https:\/\/www.unicas.pe\/blog\/wp-content\/uploads\/2014\/01\/verano3-300x178.jpg 300w, https:\/\/www.unicas.pe\/blog\/wp-content\/uploads\/2014\/01\/verano3-648x385.jpg 648w\" sizes=\"(max-width: 650px) 100vw, 650px\" \/><\/p>\n<p style=\"text-align: justify;\">Es ideal para terminar de sellar el maquillaje, ayuda a dar un acabado uniforme y adem\u00e1s elimina el brillo y evita que se forme de nuevo. Puedes usar tonos terracota seg\u00fan el tono de tu piel. Para aplicarlo, primero pasa una brocha gruesa por el producto, luego sopla la brocha y finalmente exti\u00e9ndelo por todo el rostro.<\/p>\n<h2 style=\"text-align: justify;\"><strong>Ojos<\/strong><\/h2>\n<p><img class=\" size-full wp-image-2706\" style=\"display: block; margin-left: auto; margin-right: auto;\" title=\"Aprende a preparar un maquillaje de noche para una cena casual de verano \" src=\"http:\/\/209.133.219.102\/~newunicas\/blog\/wp-content\/uploads\/2014\/01\/verano4.jpg\" alt=\"Aprende a preparar un maquillaje de noche \" width=\"600\" srcset=\"https:\/\/www.unicas.pe\/blog\/wp-content\/uploads\/2014\/01\/verano4.jpg 650w, https:\/\/www.unicas.pe\/blog\/wp-content\/uploads\/2014\/01\/verano4-300x226.jpg 300w, https:\/\/www.unicas.pe\/blog\/wp-content\/uploads\/2014\/01\/verano4-80x60.jpg 80w, https:\/\/www.unicas.pe\/blog\/wp-content\/uploads\/2014\/01\/verano4-160x120.jpg 160w, https:\/\/www.unicas.pe\/blog\/wp-content\/uploads\/2014\/01\/verano4-265x198.jpg 265w, https:\/\/www.unicas.pe\/blog\/wp-content\/uploads\/2014\/01\/verano4-558x420.jpg 558w\" sizes=\"(max-width: 650px) 100vw, 650px\" \/><\/p>\n<p style=\"text-align: justify;\">Si estamos en la temporada de verano, lo mejor ser\u00e1 usar tonos suaves. Tienes que probar cu\u00e1les le dan a tu tipo de piel, pero aqu\u00ed te damos una recomendaci\u00f3n para que tengas m\u00e1s alternativas. Puedes aplicar sombras de color dorado en el p\u00e1rpado m\u00f3vil y debajo de las cejas. Las puedes complementar con un l\u00e1piz perfilador de color marr\u00f3n, azul o verde, prueba cu\u00e1l te queda mejor. Finalmente ponte rimel para remarcar la mirada.<\/p>\n<h2 style=\"text-align: justify;\"><strong>Rubor<\/strong><\/h2>\n<p><img class=\" size-full wp-image-2707\" style=\"display: block; margin-left: auto; margin-right: auto;\" title=\"Aprende a preparar un maquillaje de noche para una cena casual de verano \" src=\"http:\/\/209.133.219.102\/~newunicas\/blog\/wp-content\/uploads\/2014\/01\/verano5.jpg\" alt=\"Aprende a preparar un maquillaje de noche \" width=\"600\" srcset=\"https:\/\/www.unicas.pe\/blog\/wp-content\/uploads\/2014\/01\/verano5.jpg 650w, https:\/\/www.unicas.pe\/blog\/wp-content\/uploads\/2014\/01\/verano5-300x189.jpg 300w, https:\/\/www.unicas.pe\/blog\/wp-content\/uploads\/2014\/01\/verano5-648x409.jpg 648w\" sizes=\"(max-width: 650px) 100vw, 650px\" \/><\/p>\n<p style=\"text-align: justify;\">Los tonos rosas son muy beneficiosos si lo que quieres es resaltar tu bronceado. Por el contrario, si no has tenido tiempo de tomar sol y est\u00e1s muy p\u00e1lida utiliza colores tierra o anaranjados.<\/p>\n<h2 style=\"text-align: justify;\"><strong>Labios<\/strong><\/h2>\n<p><img class=\" size-full wp-image-2708\" style=\"display: block; margin-left: auto; margin-right: auto;\" title=\"Aprende a preparar un maquillaje de noche para una cena casual de verano \" src=\"http:\/\/209.133.219.102\/~newunicas\/blog\/wp-content\/uploads\/2014\/01\/verano6.jpg\" alt=\"Aprende a preparar un maquillaje de noche \" width=\"600\" srcset=\"https:\/\/www.unicas.pe\/blog\/wp-content\/uploads\/2014\/01\/verano6.jpg 650w, https:\/\/www.unicas.pe\/blog\/wp-content\/uploads\/2014\/01\/verano6-300x200.jpg 300w, https:\/\/www.unicas.pe\/blog\/wp-content\/uploads\/2014\/01\/verano6-648x433.jpg 648w, https:\/\/www.unicas.pe\/blog\/wp-content\/uploads\/2014\/01\/verano6-630x420.jpg 630w\" sizes=\"(max-width: 650px) 100vw, 650px\" \/><\/p>\n<p style=\"text-align: justify;\">Lo mejor para el verano es usar mucho gloss en los labios y colores como fucsia y coral. Te dar\u00e1n un estilo muy veraniego y frutal.<\/p>\n<p style=\"text-align: justify;\">Ya sabes, si tienes una cena casual, esta puede ser una sencilla alternativa de <strong>maquillaje de noche<\/strong> de verano.\u00a0<\/p>\n","protected":false},"excerpt":{"rendered":"<p>Es importante hidratarse y usar un producto que reduzca dr\u00e1sticamente el brillo pues el sudor y las altas temperaturas podr\u00edan arruinar el maquillaje de noche.<\/p>\n","protected":false},"author":1,"featured_media":2703,"comment_status":"closed","ping_status":"open","sticky":false,"template":"","format":"standard","meta":[],"categories":[30],"tags":[109,3926,3925,3923,1638,3924,111],"yoast_head":"<!-- This site is optimized with the Yoast SEO plugin v16.0.2 - https:\/\/yoast.com\/wordpress\/plugins\/seo\/ -->\n<link rel=\"canonical\" href=\"https:\/\/www.unicas.pe\/blog\/maquillaje-de-noche-para-cena-de-verano\/\" \/>\n<meta property=\"og:locale\" content=\"es_ES\" \/>\n<meta property=\"og:type\" content=\"article\" \/>\n<meta property=\"og:title\" content=\"Aprende a preparar un maquillaje de noche para una cena casual de verano - Unicas\" \/>\n<meta property=\"og:description\" content=\"Es importante hidratarse y usar un producto que reduzca dr\u00e1sticamente el brillo pues el sudor y las altas temperaturas podr\u00edan arruinar el maquillaje de noche.\" \/>\n<meta property=\"og:url\" content=\"https:\/\/www.unicas.pe\/blog\/maquillaje-de-noche-para-cena-de-verano\/\" \/>\n<meta property=\"og:site_name\" content=\"Unicas\" \/>\n<meta property=\"article:published_time\" content=\"2014-01-10T23:03:05+00:00\" \/>\n<meta property=\"article:modified_time\" content=\"2019-01-11T02:36:10+00:00\" \/>\n<meta property=\"og:image\" content=\"https:\/\/www.unicas.pe\/blog\/wp-content\/uploads\/2014\/01\/verano1.jpg\" \/>\n\t<meta property=\"og:image:width\" content=\"650\" \/>\n\t<meta property=\"og:image:height\" content=\"413\" \/>\n<meta name=\"twitter:card\" content=\"summary_large_image\" \/>\n<meta name=\"twitter:label1\" content=\"Tiempo de lectura\">\n\t<meta name=\"twitter:data1\" content=\"2 minutos\">\n<script type=\"application\/ld+json\" class=\"yoast-schema-graph\">{\"@context\":\"https:\/\/schema.org\",\"@graph\":[{\"@type\":\"WebSite\",\"@id\":\"https:\/\/www.unicas.pe\/blog\/#website\",\"url\":\"https:\/\/www.unicas.pe\/blog\/\",\"name\":\"Unicas\",\"description\":\"Blog sobre belleza, maquillaje, moda, y mucho m\\u00e1s.\",\"potentialAction\":[{\"@type\":\"SearchAction\",\"target\":\"https:\/\/www.unicas.pe\/blog\/?s={search_term_string}\",\"query-input\":\"required name=search_term_string\"}],\"inLanguage\":\"es\"},{\"@type\":\"ImageObject\",\"@id\":\"https:\/\/www.unicas.pe\/blog\/maquillaje-de-noche-para-cena-de-verano\/#primaryimage\",\"inLanguage\":\"es\",\"url\":\"https:\/\/www.unicas.pe\/blog\/wp-content\/uploads\/2014\/01\/verano1.jpg\",\"width\":650,\"height\":413,\"caption\":\"Aprende a preparar un maquillaje de noche para una cena casual de verano\"},{\"@type\":\"WebPage\",\"@id\":\"https:\/\/www.unicas.pe\/blog\/maquillaje-de-noche-para-cena-de-verano\/#webpage\",\"url\":\"https:\/\/www.unicas.pe\/blog\/maquillaje-de-noche-para-cena-de-verano\/\",\"name\":\"Aprende a preparar un maquillaje de noche para una cena casual de verano - Unicas\",\"isPartOf\":{\"@id\":\"https:\/\/www.unicas.pe\/blog\/#website\"},\"primaryImageOfPage\":{\"@id\":\"https:\/\/www.unicas.pe\/blog\/maquillaje-de-noche-para-cena-de-verano\/#primaryimage\"},\"datePublished\":\"2014-01-10T23:03:05+00:00\",\"dateModified\":\"2019-01-11T02:36:10+00:00\",\"author\":{\"@id\":\"https:\/\/www.unicas.pe\/blog\/#\/schema\/person\/60053f595c6d0f3f11ed52a01c961cdb\"},\"breadcrumb\":{\"@id\":\"https:\/\/www.unicas.pe\/blog\/maquillaje-de-noche-para-cena-de-verano\/#breadcrumb\"},\"inLanguage\":\"es\",\"potentialAction\":[{\"@type\":\"ReadAction\",\"target\":[\"https:\/\/www.unicas.pe\/blog\/maquillaje-de-noche-para-cena-de-verano\/\"]}]},{\"@type\":\"BreadcrumbList\",\"@id\":\"https:\/\/www.unicas.pe\/blog\/maquillaje-de-noche-para-cena-de-verano\/#breadcrumb\",\"itemListElement\":[{\"@type\":\"ListItem\",\"position\":1,\"item\":{\"@type\":\"WebPage\",\"@id\":\"https:\/\/www.unicas.pe\/blog\/\",\"url\":\"https:\/\/www.unicas.pe\/blog\/\",\"name\":\"Portada\"}},{\"@type\":\"ListItem\",\"position\":2,\"item\":{\"@type\":\"WebPage\",\"@id\":\"https:\/\/www.unicas.pe\/blog\/maquillaje-de-noche-para-cena-de-verano\/\",\"url\":\"https:\/\/www.unicas.pe\/blog\/maquillaje-de-noche-para-cena-de-verano\/\",\"name\":\"Aprende a preparar un maquillaje de noche para una cena casual de verano\"}}]},{\"@type\":\"Person\",\"@id\":\"https:\/\/www.unicas.pe\/blog\/#\/schema\/person\/60053f595c6d0f3f11ed52a01c961cdb\",\"name\":\"Katty Gora\",\"image\":{\"@type\":\"ImageObject\",\"@id\":\"https:\/\/www.unicas.pe\/blog\/#personlogo\",\"inLanguage\":\"es\",\"url\":\"https:\/\/www.unicas.pe\/blog\/wp-content\/uploads\/2019\/01\/168392_1786370415133_366102_n-150x150.jpg\",\"caption\":\"Katty Gora\"},\"description\":\"Katty is a passionate blogger, diving into different subjects like fashion, trends, styles and news and more. Discover the great insight of a true quality blogger!\"}]}<\/script>\n<!-- \/ Yoast SEO plugin. -->","_links":{"self":[{"href":"https:\/\/www.unicas.pe\/blog\/wp-json\/wp\/v2\/posts\/2709"}],"collection":[{"href":"https:\/\/www.unicas.pe\/blog\/wp-json\/wp\/v2\/posts"}],"about":[{"href":"https:\/\/www.unicas.pe\/blog\/wp-json\/wp\/v2\/types\/post"}],"author":[{"embeddable":true,"href":"https:\/\/www.unicas.pe\/blog\/wp-json\/wp\/v2\/users\/1"}],"replies":[{"embeddable":true,"href":"https:\/\/www.unicas.pe\/blog\/wp-json\/wp\/v2\/comments?post=2709"}],"version-history":[{"count":1,"href":"https:\/\/www.unicas.pe\/blog\/wp-json\/wp\/v2\/posts\/2709\/revisions"}],"predecessor-version":[{"id":10847,"href":"https:\/\/www.unicas.pe\/blog\/wp-json\/wp\/v2\/posts\/2709\/revisions\/10847"}],"wp:featuredmedia":[{"embeddable":true,"href":"https:\/\/www.unicas.pe\/blog\/wp-json\/wp\/v2\/media\/2703"}],"wp:attachment":[{"href":"https:\/\/www.unicas.pe\/blog\/wp-json\/wp\/v2\/media?parent=2709"}],"wp:term":[{"taxonomy":"category","embeddable":true,"href":"https:\/\/www.unicas.pe\/blog\/wp-json\/wp\/v2\/categories?post=2709"},{"taxonomy":"post_tag","embeddable":true,"href":"https:\/\/www.unicas.pe\/blog\/wp-json\/wp\/v2\/tags?post=2709"}],"curies":[{"name":"wp","href":"https:\/\/api.w.org\/{rel}","templated":true}]}}