{"id":3092,"date":"2014-02-03T20:58:17","date_gmt":"2014-02-04T01:58:17","guid":{"rendered":"http:\/\/209.133.219.102\/~newunicas\/blog\/2014\/02\/03\/origen-de-la-historia-de-san-valentin\/"},"modified":"2019-01-10T21:36:03","modified_gmt":"2019-01-11T02:36:03","slug":"origen-de-la-historia-de-san-valentin","status":"publish","type":"post","link":"https:\/\/www.unicas.pe\/blog\/origen-de-la-historia-de-san-valentin\/","title":{"rendered":"\u00bfConoces la historia de de San Valent\u00edn? Ent\u00e9rate c\u00f3mo naci\u00f3 esta celebraci\u00f3n"},"content":{"rendered":"<p style=\"text-align: justify;\">El origen de<strong> la historia de San Valent\u00edn<\/strong> se remonta a la antigua Roma. El nombre le viene de un sacerdote cristiano del siglo III quien abog\u00f3 por los j\u00f3venes enamorados.<\/p>\n<p>  <!--more-->  <\/p>\n<p style=\"text-align: justify;\">Si bien es cierto, San Valent\u00edn se ha convertido en una celebraci\u00f3n muy comercializada en las sociedades modernas, su origen data de \u00e9pocas muy antiguas, casi inicios del milenio pasado. A pesar de que en muchos pa\u00edses esta fecha tiene diferentes connotaciones como \u201cEl d\u00eda de los enamorados\u201d o \u201cEl d\u00eda del amor y la amistad\u201d , el fundamento inicial es el mismo: el amor de las parejas j\u00f3venes. No es casualidad que el enamoramiento m\u00e1s apasionado e intenso se da en las personas m\u00e1s novatas. La <strong>historia de San Valent\u00edn<\/strong> se da as\u00ed, entre sentimientos apasionados, sufrimientos y sacrificios.<\/p>\n<p><img class=\" size-full wp-image-3088\" style=\"display: block; margin-left: auto; margin-right: auto;\" title=\"\u00bfConoces la historia de de San Valent\u00edn? Ent\u00e9rate c\u00f3mo naci\u00f3 esta celebraci\u00f3n\" src=\"http:\/\/209.133.219.102\/~newunicas\/blog\/wp-content\/uploads\/2014\/02\/historia1.jpg\" alt=\"\u00bfConoces la historia de de San Valent\u00edn? Ent\u00e9rate c\u00f3mo naci\u00f3 esta celebraci\u00f3n\" width=\"600\" srcset=\"https:\/\/www.unicas.pe\/blog\/wp-content\/uploads\/2014\/02\/historia1.jpg 650w, https:\/\/www.unicas.pe\/blog\/wp-content\/uploads\/2014\/02\/historia1-300x193.jpg 300w, https:\/\/www.unicas.pe\/blog\/wp-content\/uploads\/2014\/02\/historia1-648x419.jpg 648w\" sizes=\"(max-width: 650px) 100vw, 650px\" \/><\/p>\n<p style=\"text-align: justify;\">Valent\u00edn era un m\u00e9dico que vivi\u00f3 en Roma durante el siglo III, y que decidi\u00f3 convertirse en sacerdote. En esa \u00e9poca gobernaba el emperador Claudio II quien lideraba una guerra contra los alemanes durante su estancia en el poder. Es as\u00ed que ten\u00eda mucha necesidad de soldados disponibles y en condiciones aptas para formar las filas en sus ej\u00e9rcitos. Tomando en cuenta esto, decidi\u00f3 prohibir los matrimonios entre los j\u00f3venes para que los muchachos no tuvieran ninguna atadura amorosa y pudieran rendir adecuadamente en las batallas. El emperador consideraba que los soldados solteros eran m\u00e1s eficaces que aquellos que no ten\u00edan familia.<\/p>\n<p><img class=\" size-full wp-image-3089\" style=\"display: block; margin-left: auto; margin-right: auto;\" title=\"\u00bfConoces la historia de de San Valent\u00edn? Ent\u00e9rate c\u00f3mo naci\u00f3 esta celebraci\u00f3n\" src=\"http:\/\/209.133.219.102\/~newunicas\/blog\/wp-content\/uploads\/2014\/02\/historia2.jpg\" alt=\"\u00bfConoces la historia de de San Valent\u00edn? Ent\u00e9rate c\u00f3mo naci\u00f3 esta celebraci\u00f3n\" width=\"600\" srcset=\"https:\/\/www.unicas.pe\/blog\/wp-content\/uploads\/2014\/02\/historia2.jpg 650w, https:\/\/www.unicas.pe\/blog\/wp-content\/uploads\/2014\/02\/historia2-182x300.jpg 182w, https:\/\/www.unicas.pe\/blog\/wp-content\/uploads\/2014\/02\/historia2-622x1024.jpg 622w, https:\/\/www.unicas.pe\/blog\/wp-content\/uploads\/2014\/02\/historia2-255x420.jpg 255w, https:\/\/www.unicas.pe\/blog\/wp-content\/uploads\/2014\/02\/historia2-510x840.jpg 510w\" sizes=\"(max-width: 650px) 100vw, 650px\" \/><\/p>\n<p style=\"text-align: justify;\">El religioso consider\u00f3 la medida como injusta y decidi\u00f3 ponerse en contra de Claudio. Empez\u00f3 a celebrar clandestinamente los matrimonios de los j\u00f3venes enamorados que deseaban juntarse a toda costa. Cuando el emperador se dio cuenta de los casamientos furtivos llam\u00f3 al sacerdote a su palacio para interrogarlo. San Valent\u00edn ya gozaba una gran reputaci\u00f3n entre la plebe y aprovech\u00f3 para predicar ante las autoridades. En un primer momento Claudio se mostr\u00f3 interesado, sin embargo se dej\u00f3 influenciar por las cabezas del ej\u00e9rcito y el Gobernador de Roma y tom\u00f3 la decisi\u00f3n de encarcelarlo.<\/p>\n<p style=\"text-align: justify;\">Es aqu\u00ed cuando el santo hizo su primer milagro. Un oficial que lo custodiaba quiso burlarse de \u00e9l y darle un desaf\u00edo que probar\u00eda su cercan\u00eda a Dios. Le trajo a una de sus hijas que era ciega de nacimiento y le pidi\u00f3 que le devolviera la vista. San Valent\u00edn acept\u00f3 el reto y cur\u00f3 a Julia instant\u00e1neamente. El oficial y su familia se convirtieron al cristianismo pero de todas formas el emperador no cambi\u00f3 su decisi\u00f3n. La muerte del sacerdote se dio el <strong>14 de Febrero<\/strong> del a\u00f1o 270 despu\u00e9s de que Claudio lo ordenara. Julia en homenaje a su sanador, plant\u00f3 un almendro rosado en su tumba y as\u00ed se asocia a estas plantas como las flores del amor.<\/p>\n<p><img class=\" size-full wp-image-3090\" style=\"display: block; margin-left: auto; margin-right: auto;\" title=\"\u00bfConoces la historia de de San Valent\u00edn? Ent\u00e9rate c\u00f3mo naci\u00f3 esta celebraci\u00f3n\" src=\"http:\/\/209.133.219.102\/~newunicas\/blog\/wp-content\/uploads\/2014\/02\/historia3.jpg\" alt=\"\u00bfConoces la historia de de San Valent\u00edn? Ent\u00e9rate c\u00f3mo naci\u00f3 esta celebraci\u00f3n\" width=\"600\" srcset=\"https:\/\/www.unicas.pe\/blog\/wp-content\/uploads\/2014\/02\/historia3.jpg 650w, https:\/\/www.unicas.pe\/blog\/wp-content\/uploads\/2014\/02\/historia3-203x300.jpg 203w, https:\/\/www.unicas.pe\/blog\/wp-content\/uploads\/2014\/02\/historia3-284x420.jpg 284w, https:\/\/www.unicas.pe\/blog\/wp-content\/uploads\/2014\/02\/historia3-569x840.jpg 569w\" sizes=\"(max-width: 650px) 100vw, 650px\" \/><\/p>\n<p style=\"text-align: justify;\">Esta leyenda tiene or\u00edgenes europeos, sin embargos existen otras culturas anglosajonas que tratan de explicar el <strong>fundamento del d\u00eda del amor<\/strong>. Por ejemplo en los pa\u00edses n\u00f3rdicos se asocia la fecha con la etapa de apareamiento de los p\u00e1jaros. Se considera una met\u00e1fora del amor. Por otro lado, algunos consideran esta celebraci\u00f3n no como <strong>cat\u00f3lica<\/strong> sino como pagana. De aqu\u00ed la cl\u00e1sica imagen de Cupido, el dios romano del amor que antes, en la antigua Grecia, era conocido como Eros. Las personas les daban ofrendas para pedirle lograr encontrar el amor ideal.<\/p>\n<p><img class=\" size-full wp-image-3091\" style=\"display: block; margin-left: auto; margin-right: auto;\" title=\"\u00bfConoces la historia de de San Valent\u00edn? Ent\u00e9rate c\u00f3mo naci\u00f3 esta celebraci\u00f3n\" src=\"http:\/\/209.133.219.102\/~newunicas\/blog\/wp-content\/uploads\/2014\/02\/historia4.jpg\" alt=\"\u00bfConoces la historia de de San Valent\u00edn? Ent\u00e9rate c\u00f3mo naci\u00f3 esta celebraci\u00f3n\" width=\"600\" srcset=\"https:\/\/www.unicas.pe\/blog\/wp-content\/uploads\/2014\/02\/historia4.jpg 650w, https:\/\/www.unicas.pe\/blog\/wp-content\/uploads\/2014\/02\/historia4-300x230.jpg 300w, https:\/\/www.unicas.pe\/blog\/wp-content\/uploads\/2014\/02\/historia4-80x60.jpg 80w, https:\/\/www.unicas.pe\/blog\/wp-content\/uploads\/2014\/02\/historia4-547x420.jpg 547w\" sizes=\"(max-width: 650px) 100vw, 650px\" \/><\/p>\n<p style=\"text-align: justify;\">Ahora que ya conoces un poco m\u00e1s sobre los or\u00edgenes de <strong>la historia de San Valent\u00edn<\/strong>, cu\u00e9ntanos cu\u00e1l versi\u00f3n te gusta m\u00e1s y comparte la experiencia del amor.<\/p>\n","protected":false},"excerpt":{"rendered":"<p>El origen de la historia de San Valent\u00edn se remonta a la antigua Roma. El nombre le viene de un sacerdote cristiano del siglo III quien abog\u00f3 por los j\u00f3venes enamorados.<\/p>\n","protected":false},"author":1,"featured_media":3088,"comment_status":"closed","ping_status":"open","sticky":false,"template":"","format":"standard","meta":[],"categories":[39],"tags":[4162,192,4323,4321,4324,4319,4320,4325,4318,2962,4322,4211],"yoast_head":"<!-- This site is optimized with the Yoast SEO plugin v16.0.2 - https:\/\/yoast.com\/wordpress\/plugins\/seo\/ -->\n<link rel=\"canonical\" href=\"https:\/\/www.unicas.pe\/blog\/origen-de-la-historia-de-san-valentin\/\" \/>\n<meta property=\"og:locale\" content=\"es_ES\" \/>\n<meta property=\"og:type\" content=\"article\" \/>\n<meta property=\"og:title\" content=\"\u00bfConoces la historia de de San Valent\u00edn? Ent\u00e9rate c\u00f3mo naci\u00f3 esta celebraci\u00f3n - Unicas\" \/>\n<meta property=\"og:description\" content=\"El origen de la historia de San Valent\u00edn se remonta a la antigua Roma. El nombre le viene de un sacerdote cristiano del siglo III quien abog\u00f3 por los j\u00f3venes enamorados.\" \/>\n<meta property=\"og:url\" content=\"https:\/\/www.unicas.pe\/blog\/origen-de-la-historia-de-san-valentin\/\" \/>\n<meta property=\"og:site_name\" content=\"Unicas\" \/>\n<meta property=\"article:published_time\" content=\"2014-02-04T01:58:17+00:00\" \/>\n<meta property=\"article:modified_time\" content=\"2019-01-11T02:36:03+00:00\" \/>\n<meta property=\"og:image\" content=\"https:\/\/www.unicas.pe\/blog\/wp-content\/uploads\/2014\/02\/historia1.jpg\" \/>\n\t<meta property=\"og:image:width\" content=\"650\" \/>\n\t<meta property=\"og:image:height\" content=\"419\" \/>\n<meta name=\"twitter:card\" content=\"summary_large_image\" \/>\n<meta name=\"twitter:label1\" content=\"Tiempo de lectura\">\n\t<meta name=\"twitter:data1\" content=\"3 minutos\">\n<script type=\"application\/ld+json\" class=\"yoast-schema-graph\">{\"@context\":\"https:\/\/schema.org\",\"@graph\":[{\"@type\":\"WebSite\",\"@id\":\"https:\/\/www.unicas.pe\/blog\/#website\",\"url\":\"https:\/\/www.unicas.pe\/blog\/\",\"name\":\"Unicas\",\"description\":\"Blog sobre belleza, maquillaje, moda, y mucho m\\u00e1s.\",\"potentialAction\":[{\"@type\":\"SearchAction\",\"target\":\"https:\/\/www.unicas.pe\/blog\/?s={search_term_string}\",\"query-input\":\"required name=search_term_string\"}],\"inLanguage\":\"es\"},{\"@type\":\"ImageObject\",\"@id\":\"https:\/\/www.unicas.pe\/blog\/origen-de-la-historia-de-san-valentin\/#primaryimage\",\"inLanguage\":\"es\",\"url\":\"https:\/\/www.unicas.pe\/blog\/wp-content\/uploads\/2014\/02\/historia1.jpg\",\"width\":650,\"height\":419,\"caption\":\"\\u00bfConoces la historia de de San Valent\\u00edn? Ent\\u00e9rate c\\u00f3mo naci\\u00f3 esta celebraci\\u00f3n\"},{\"@type\":\"WebPage\",\"@id\":\"https:\/\/www.unicas.pe\/blog\/origen-de-la-historia-de-san-valentin\/#webpage\",\"url\":\"https:\/\/www.unicas.pe\/blog\/origen-de-la-historia-de-san-valentin\/\",\"name\":\"\\u00bfConoces la historia de de San Valent\\u00edn? Ent\\u00e9rate c\\u00f3mo naci\\u00f3 esta celebraci\\u00f3n - Unicas\",\"isPartOf\":{\"@id\":\"https:\/\/www.unicas.pe\/blog\/#website\"},\"primaryImageOfPage\":{\"@id\":\"https:\/\/www.unicas.pe\/blog\/origen-de-la-historia-de-san-valentin\/#primaryimage\"},\"datePublished\":\"2014-02-04T01:58:17+00:00\",\"dateModified\":\"2019-01-11T02:36:03+00:00\",\"author\":{\"@id\":\"https:\/\/www.unicas.pe\/blog\/#\/schema\/person\/60053f595c6d0f3f11ed52a01c961cdb\"},\"breadcrumb\":{\"@id\":\"https:\/\/www.unicas.pe\/blog\/origen-de-la-historia-de-san-valentin\/#breadcrumb\"},\"inLanguage\":\"es\",\"potentialAction\":[{\"@type\":\"ReadAction\",\"target\":[\"https:\/\/www.unicas.pe\/blog\/origen-de-la-historia-de-san-valentin\/\"]}]},{\"@type\":\"BreadcrumbList\",\"@id\":\"https:\/\/www.unicas.pe\/blog\/origen-de-la-historia-de-san-valentin\/#breadcrumb\",\"itemListElement\":[{\"@type\":\"ListItem\",\"position\":1,\"item\":{\"@type\":\"WebPage\",\"@id\":\"https:\/\/www.unicas.pe\/blog\/\",\"url\":\"https:\/\/www.unicas.pe\/blog\/\",\"name\":\"Portada\"}},{\"@type\":\"ListItem\",\"position\":2,\"item\":{\"@type\":\"WebPage\",\"@id\":\"https:\/\/www.unicas.pe\/blog\/origen-de-la-historia-de-san-valentin\/\",\"url\":\"https:\/\/www.unicas.pe\/blog\/origen-de-la-historia-de-san-valentin\/\",\"name\":\"\\u00bfConoces la historia de de San Valent\\u00edn? Ent\\u00e9rate c\\u00f3mo naci\\u00f3 esta celebraci\\u00f3n\"}}]},{\"@type\":\"Person\",\"@id\":\"https:\/\/www.unicas.pe\/blog\/#\/schema\/person\/60053f595c6d0f3f11ed52a01c961cdb\",\"name\":\"Katty Gora\",\"image\":{\"@type\":\"ImageObject\",\"@id\":\"https:\/\/www.unicas.pe\/blog\/#personlogo\",\"inLanguage\":\"es\",\"url\":\"https:\/\/www.unicas.pe\/blog\/wp-content\/uploads\/2019\/01\/168392_1786370415133_366102_n-150x150.jpg\",\"caption\":\"Katty Gora\"},\"description\":\"Katty is a passionate blogger, diving into different subjects like fashion, trends, styles and news and more. Discover the great insight of a true quality blogger!\"}]}<\/script>\n<!-- \/ Yoast SEO plugin. -->","_links":{"self":[{"href":"https:\/\/www.unicas.pe\/blog\/wp-json\/wp\/v2\/posts\/3092"}],"collection":[{"href":"https:\/\/www.unicas.pe\/blog\/wp-json\/wp\/v2\/posts"}],"about":[{"href":"https:\/\/www.unicas.pe\/blog\/wp-json\/wp\/v2\/types\/post"}],"author":[{"embeddable":true,"href":"https:\/\/www.unicas.pe\/blog\/wp-json\/wp\/v2\/users\/1"}],"replies":[{"embeddable":true,"href":"https:\/\/www.unicas.pe\/blog\/wp-json\/wp\/v2\/comments?post=3092"}],"version-history":[{"count":1,"href":"https:\/\/www.unicas.pe\/blog\/wp-json\/wp\/v2\/posts\/3092\/revisions"}],"predecessor-version":[{"id":10759,"href":"https:\/\/www.unicas.pe\/blog\/wp-json\/wp\/v2\/posts\/3092\/revisions\/10759"}],"wp:featuredmedia":[{"embeddable":true,"href":"https:\/\/www.unicas.pe\/blog\/wp-json\/wp\/v2\/media\/3088"}],"wp:attachment":[{"href":"https:\/\/www.unicas.pe\/blog\/wp-json\/wp\/v2\/media?parent=3092"}],"wp:term":[{"taxonomy":"category","embeddable":true,"href":"https:\/\/www.unicas.pe\/blog\/wp-json\/wp\/v2\/categories?post=3092"},{"taxonomy":"post_tag","embeddable":true,"href":"https:\/\/www.unicas.pe\/blog\/wp-json\/wp\/v2\/tags?post=3092"}],"curies":[{"name":"wp","href":"https:\/\/api.w.org\/{rel}","templated":true}]}}