{"id":321,"date":"2013-08-27T11:39:15","date_gmt":"2013-08-27T16:39:15","guid":{"rendered":"http:\/\/209.133.219.102\/~newunicas\/blog\/2013\/08\/27\/entre-las-piezas-a-interpretarse-estaran-la-centerola-la-picara-molinera-los-gavilanes-jeruslamen-je-veux-encore-entendre-ta-voix-entre-otras-para-esa-fecha-otra-nueva-novela-del-escritor-ganador-del\/"},"modified":"2019-01-10T21:39:00","modified_gmt":"2019-01-11T02:39:00","slug":"entre-las-piezas-a-interpretarse-estaran-la-centerola-la-picara-molinera-los-gavilanes-jeruslamen-je-veux-encore-entendre-ta-voix-entre-otras-para-esa-fecha-otra-nueva-novela-del-escritor-ganador-del","status":"publish","type":"post","link":"https:\/\/www.unicas.pe\/blog\/entre-las-piezas-a-interpretarse-estaran-la-centerola-la-picara-molinera-los-gavilanes-jeruslamen-je-veux-encore-entendre-ta-voix-entre-otras-para-esa-fecha-otra-nueva-novela-del-escritor-ganador-del\/","title":{"rendered":"Juan Diego Florez brindar\u00e1 un concierto en homenaje a Mario Vargas Llosa"},"content":{"rendered":"<p style=\"text-align: justify;\">Tenor nacional brindar\u00e1 su <strong>concierto<\/strong> en el Auditorio Nacional de Madrid.<\/p>\n<p>  <!--more-->  <\/p>\n<p style=\"text-align: justify;\">Alguna vez Juan Diego Florez y Mario Vargas Llosa se encontraron en Espa\u00f1a y hablaron hasta de c\u00f3mo enamorar a las chicas. Pero en esta ocasi\u00f3n, el tenor de talla mundial le brindar\u00e1 un homenaje al famoso escritor. El <strong>concierto<\/strong> ser\u00e1 el 21 de noviembre en el Auditorio Nacional de Madrid.<\/p>\n<p>Entre los grandes autores presentes en el repertorio de Florez se encuentran G. Rossini, G.F. Handel, G. Verdi, G. Donizetti. El evento, que se dar\u00e1 dentro del Ciclo de Conciertos y Solistas Extraordinarios, es organizado Juventudes Musicales de Madrid. El director del mismo ser\u00e1 Miguel-Harth Bedoya.<\/p>\n<p><img class=\" size-full wp-image-320\" src=\"http:\/\/209.133.219.102\/~newunicas\/blog\/wp-content\/uploads\/2013\/08\/JuanDiego_Florez.jpg\" alt=\"Juan Diego Florez brindar\u00e1 un concierto en homenaje a Mario Vargas Llosa\" title=\"Juan Diego Florez brindar\u00e1 un concierto en homenaje a Mario Vargas Llosa\" width=\"600\" style=\"display: block; margin-left: auto; margin-right: auto;\" srcset=\"https:\/\/www.unicas.pe\/blog\/wp-content\/uploads\/2013\/08\/JuanDiego_Florez.jpg 650w, https:\/\/www.unicas.pe\/blog\/wp-content\/uploads\/2013\/08\/JuanDiego_Florez-300x187.jpg 300w, https:\/\/www.unicas.pe\/blog\/wp-content\/uploads\/2013\/08\/JuanDiego_Florez-648x405.jpg 648w\" sizes=\"(max-width: 650px) 100vw, 650px\" \/><\/p>\n<p style=\"text-align: justify;\">Entre las piezas a interpretarse estar\u00e1n \u201cLa Centerola\u201d, \u201cLa p\u00edcara Molinera, \u201cLos Gavilanes\u201d, \u201cJeruslamen, Je veux encor\u00e9 entendre ta voix\u201d, entre otras. Para esa fecha, otra nueva novela del escritor ganador del N\u00f3bel estar\u00e1 en venta. Se trata de \u201c\u00c9l h\u00e9roe discreto\u201d, que se publicar\u00e1 el 12 de setiembre. Por su parte, el tenor cantar\u00e1 en dicho mes al lado Andrea Bocelli, otro tenor de gran trayectoria que brindar\u00e1 un show en Per\u00fa.<\/p>\n<p style=\"text-align: justify;\">En cuanto a <strong>conciertos<\/strong> se trata, Florez ya tiene un buen recuerdo del p\u00fablico madrile\u00f1o. As\u00ed, hace tres a\u00f1os, los asistentes al Teatro Real de Madrid que disfrutaron de su virtuosa voz le gritaron elogios como \u201c\u00a1Qu\u00e9 majo eres!\u201d. Por su parte, aquella vez la cr\u00edtica calific\u00f3 su desempe\u00f1o como \u201cprimoroso\u201d y \u201cestratosf\u00e9rico\u201d.<\/p>\n","protected":false},"excerpt":{"rendered":"<p>Tenor nacional brindar\u00e1 su concierto en el Auditorio Nacional de Madrid.<\/p>\n","protected":false},"author":1,"featured_media":320,"comment_status":"closed","ping_status":"open","sticky":false,"template":"","format":"standard","meta":[],"categories":[33],"tags":[346,343,345,344],"yoast_head":"<!-- This site is optimized with the Yoast SEO plugin v16.0.2 - https:\/\/yoast.com\/wordpress\/plugins\/seo\/ -->\n<link rel=\"canonical\" href=\"https:\/\/www.unicas.pe\/blog\/entre-las-piezas-a-interpretarse-estaran-la-centerola-la-picara-molinera-los-gavilanes-jeruslamen-je-veux-encore-entendre-ta-voix-entre-otras-para-esa-fecha-otra-nueva-novela-del-escritor-ganador-del\/\" \/>\n<meta property=\"og:locale\" content=\"es_ES\" \/>\n<meta property=\"og:type\" content=\"article\" \/>\n<meta property=\"og:title\" content=\"Juan Diego Florez brindar\u00e1 un concierto en homenaje a Mario Vargas Llosa - Unicas\" \/>\n<meta property=\"og:description\" content=\"Tenor nacional brindar\u00e1 su concierto en el Auditorio Nacional de Madrid.\" \/>\n<meta property=\"og:url\" content=\"https:\/\/www.unicas.pe\/blog\/entre-las-piezas-a-interpretarse-estaran-la-centerola-la-picara-molinera-los-gavilanes-jeruslamen-je-veux-encore-entendre-ta-voix-entre-otras-para-esa-fecha-otra-nueva-novela-del-escritor-ganador-del\/\" \/>\n<meta property=\"og:site_name\" content=\"Unicas\" \/>\n<meta property=\"article:published_time\" content=\"2013-08-27T16:39:15+00:00\" \/>\n<meta property=\"article:modified_time\" content=\"2019-01-11T02:39:00+00:00\" \/>\n<meta property=\"og:image\" content=\"https:\/\/www.unicas.pe\/blog\/wp-content\/uploads\/2013\/08\/JuanDiego_Florez.jpg\" \/>\n\t<meta property=\"og:image:width\" content=\"650\" \/>\n\t<meta property=\"og:image:height\" content=\"405\" \/>\n<meta name=\"twitter:card\" content=\"summary_large_image\" \/>\n<meta name=\"twitter:label1\" content=\"Tiempo de lectura\">\n\t<meta name=\"twitter:data1\" content=\"1 minuto\">\n<script type=\"application\/ld+json\" class=\"yoast-schema-graph\">{\"@context\":\"https:\/\/schema.org\",\"@graph\":[{\"@type\":\"WebSite\",\"@id\":\"https:\/\/www.unicas.pe\/blog\/#website\",\"url\":\"https:\/\/www.unicas.pe\/blog\/\",\"name\":\"Unicas\",\"description\":\"Blog sobre belleza, maquillaje, moda, y mucho m\\u00e1s.\",\"potentialAction\":[{\"@type\":\"SearchAction\",\"target\":\"https:\/\/www.unicas.pe\/blog\/?s={search_term_string}\",\"query-input\":\"required name=search_term_string\"}],\"inLanguage\":\"es\"},{\"@type\":\"ImageObject\",\"@id\":\"https:\/\/www.unicas.pe\/blog\/entre-las-piezas-a-interpretarse-estaran-la-centerola-la-picara-molinera-los-gavilanes-jeruslamen-je-veux-encore-entendre-ta-voix-entre-otras-para-esa-fecha-otra-nueva-novela-del-escritor-ganador-del\/#primaryimage\",\"inLanguage\":\"es\",\"url\":\"https:\/\/www.unicas.pe\/blog\/wp-content\/uploads\/2013\/08\/JuanDiego_Florez.jpg\",\"width\":650,\"height\":405,\"caption\":\"Juan Diego Florez brindar\\u00e1 un concierto en homenaje a Mario Vargas Llosa\"},{\"@type\":\"WebPage\",\"@id\":\"https:\/\/www.unicas.pe\/blog\/entre-las-piezas-a-interpretarse-estaran-la-centerola-la-picara-molinera-los-gavilanes-jeruslamen-je-veux-encore-entendre-ta-voix-entre-otras-para-esa-fecha-otra-nueva-novela-del-escritor-ganador-del\/#webpage\",\"url\":\"https:\/\/www.unicas.pe\/blog\/entre-las-piezas-a-interpretarse-estaran-la-centerola-la-picara-molinera-los-gavilanes-jeruslamen-je-veux-encore-entendre-ta-voix-entre-otras-para-esa-fecha-otra-nueva-novela-del-escritor-ganador-del\/\",\"name\":\"Juan Diego Florez brindar\\u00e1 un concierto en homenaje a Mario Vargas Llosa - Unicas\",\"isPartOf\":{\"@id\":\"https:\/\/www.unicas.pe\/blog\/#website\"},\"primaryImageOfPage\":{\"@id\":\"https:\/\/www.unicas.pe\/blog\/entre-las-piezas-a-interpretarse-estaran-la-centerola-la-picara-molinera-los-gavilanes-jeruslamen-je-veux-encore-entendre-ta-voix-entre-otras-para-esa-fecha-otra-nueva-novela-del-escritor-ganador-del\/#primaryimage\"},\"datePublished\":\"2013-08-27T16:39:15+00:00\",\"dateModified\":\"2019-01-11T02:39:00+00:00\",\"author\":{\"@id\":\"https:\/\/www.unicas.pe\/blog\/#\/schema\/person\/60053f595c6d0f3f11ed52a01c961cdb\"},\"breadcrumb\":{\"@id\":\"https:\/\/www.unicas.pe\/blog\/entre-las-piezas-a-interpretarse-estaran-la-centerola-la-picara-molinera-los-gavilanes-jeruslamen-je-veux-encore-entendre-ta-voix-entre-otras-para-esa-fecha-otra-nueva-novela-del-escritor-ganador-del\/#breadcrumb\"},\"inLanguage\":\"es\",\"potentialAction\":[{\"@type\":\"ReadAction\",\"target\":[\"https:\/\/www.unicas.pe\/blog\/entre-las-piezas-a-interpretarse-estaran-la-centerola-la-picara-molinera-los-gavilanes-jeruslamen-je-veux-encore-entendre-ta-voix-entre-otras-para-esa-fecha-otra-nueva-novela-del-escritor-ganador-del\/\"]}]},{\"@type\":\"BreadcrumbList\",\"@id\":\"https:\/\/www.unicas.pe\/blog\/entre-las-piezas-a-interpretarse-estaran-la-centerola-la-picara-molinera-los-gavilanes-jeruslamen-je-veux-encore-entendre-ta-voix-entre-otras-para-esa-fecha-otra-nueva-novela-del-escritor-ganador-del\/#breadcrumb\",\"itemListElement\":[{\"@type\":\"ListItem\",\"position\":1,\"item\":{\"@type\":\"WebPage\",\"@id\":\"https:\/\/www.unicas.pe\/blog\/\",\"url\":\"https:\/\/www.unicas.pe\/blog\/\",\"name\":\"Portada\"}},{\"@type\":\"ListItem\",\"position\":2,\"item\":{\"@type\":\"WebPage\",\"@id\":\"https:\/\/www.unicas.pe\/blog\/entre-las-piezas-a-interpretarse-estaran-la-centerola-la-picara-molinera-los-gavilanes-jeruslamen-je-veux-encore-entendre-ta-voix-entre-otras-para-esa-fecha-otra-nueva-novela-del-escritor-ganador-del\/\",\"url\":\"https:\/\/www.unicas.pe\/blog\/entre-las-piezas-a-interpretarse-estaran-la-centerola-la-picara-molinera-los-gavilanes-jeruslamen-je-veux-encore-entendre-ta-voix-entre-otras-para-esa-fecha-otra-nueva-novela-del-escritor-ganador-del\/\",\"name\":\"Juan Diego Florez brindar\\u00e1 un concierto en homenaje a Mario Vargas Llosa\"}}]},{\"@type\":\"Person\",\"@id\":\"https:\/\/www.unicas.pe\/blog\/#\/schema\/person\/60053f595c6d0f3f11ed52a01c961cdb\",\"name\":\"Katty Gora\",\"image\":{\"@type\":\"ImageObject\",\"@id\":\"https:\/\/www.unicas.pe\/blog\/#personlogo\",\"inLanguage\":\"es\",\"url\":\"https:\/\/www.unicas.pe\/blog\/wp-content\/uploads\/2019\/01\/168392_1786370415133_366102_n-150x150.jpg\",\"caption\":\"Katty Gora\"},\"description\":\"Katty is a passionate blogger, diving into different subjects like fashion, trends, styles and news and more. Discover the great insight of a true quality blogger!\"}]}<\/script>\n<!-- \/ Yoast SEO plugin. -->","_links":{"self":[{"href":"https:\/\/www.unicas.pe\/blog\/wp-json\/wp\/v2\/posts\/321"}],"collection":[{"href":"https:\/\/www.unicas.pe\/blog\/wp-json\/wp\/v2\/posts"}],"about":[{"href":"https:\/\/www.unicas.pe\/blog\/wp-json\/wp\/v2\/types\/post"}],"author":[{"embeddable":true,"href":"https:\/\/www.unicas.pe\/blog\/wp-json\/wp\/v2\/users\/1"}],"replies":[{"embeddable":true,"href":"https:\/\/www.unicas.pe\/blog\/wp-json\/wp\/v2\/comments?post=321"}],"version-history":[{"count":1,"href":"https:\/\/www.unicas.pe\/blog\/wp-json\/wp\/v2\/posts\/321\/revisions"}],"predecessor-version":[{"id":11515,"href":"https:\/\/www.unicas.pe\/blog\/wp-json\/wp\/v2\/posts\/321\/revisions\/11515"}],"wp:featuredmedia":[{"embeddable":true,"href":"https:\/\/www.unicas.pe\/blog\/wp-json\/wp\/v2\/media\/320"}],"wp:attachment":[{"href":"https:\/\/www.unicas.pe\/blog\/wp-json\/wp\/v2\/media?parent=321"}],"wp:term":[{"taxonomy":"category","embeddable":true,"href":"https:\/\/www.unicas.pe\/blog\/wp-json\/wp\/v2\/categories?post=321"},{"taxonomy":"post_tag","embeddable":true,"href":"https:\/\/www.unicas.pe\/blog\/wp-json\/wp\/v2\/tags?post=321"}],"curies":[{"name":"wp","href":"https:\/\/api.w.org\/{rel}","templated":true}]}}