{"id":3263,"date":"2014-02-12T17:05:00","date_gmt":"2014-02-12T22:05:00","guid":{"rendered":"http:\/\/209.133.219.102\/~newunicas\/blog\/2014\/02\/12\/gafas-de-sol-san-valentin-marc-by-marc-jacobs\/"},"modified":"2019-01-10T21:35:35","modified_gmt":"2019-01-11T02:35:35","slug":"gafas-de-sol-san-valentin-marc-by-marc-jacobs","status":"publish","type":"post","link":"https:\/\/www.unicas.pe\/blog\/gafas-de-sol-san-valentin-marc-by-marc-jacobs\/","title":{"rendered":"Marc By Marc Jacobs presenta nueva colecci\u00f3n de gafas de sol para San Valent\u00edn"},"content":{"rendered":"<p>\u00bfTe encuentras buscando el regalo ideal por San Valent\u00edn? Te presentamos una serie especial de gafas de sol decorados especialmente para esta fecha.\u00a0<\/p>\n<p>  <!--more-->  <\/p>\n<p><strong>Marc by Marc Jacobs<\/strong> presenta una nueva <strong>edici\u00f3n limitada de gafas de sol para el d\u00eda de San Valent\u00edn.<\/strong> Concebidas para la ocasi\u00f3n m\u00e1s rom\u00e1ntica, estas nuevas gafas de sol de acetato negro y forma cuadrada se inspiran en los a\u00f1os ochenta con un toque de pasi\u00f3n en la montura que se expresa con corazones rojos y un embellecedor de metal rojo en el centro de las varillas.<\/p>\n<p>Estas gafas de sol (modelo MMJ 361\/N\/S) se presentan en un estuche y una bolsita estampada con el mismo motivo. El modelo estar\u00e1 disponible en las boutiques Marc Jacobs, \u00f3pticas exclusivas y comercios especializados a partir de enero de este \u00a02014.<\/p>\n<p>La colecci\u00f3n de gafas de sol y monturas para gafas graduadas Marc by Marc Jacobs es producida y distribuida por Safilo Group.<\/p>\n<p>El mes del amor y la amistad es propicio para regalarle a las personas que quieres, la protecci\u00f3n y el estilo perfecto, y qu\u00e9 mejor opci\u00f3n que estas preciosas gafas de sol.<\/p>\n<p><img class=\" size-full wp-image-3259\" style=\"display: block; margin-left: auto; margin-right: auto;\" src=\"http:\/\/209.133.219.102\/~newunicas\/blog\/wp-content\/uploads\/2014\/02\/gafas1marc.jpg\" alt=\"\" width=\"600\" srcset=\"https:\/\/www.unicas.pe\/blog\/wp-content\/uploads\/2014\/02\/gafas1marc.jpg 650w, https:\/\/www.unicas.pe\/blog\/wp-content\/uploads\/2014\/02\/gafas1marc-300x225.jpg 300w, https:\/\/www.unicas.pe\/blog\/wp-content\/uploads\/2014\/02\/gafas1marc-80x60.jpg 80w, https:\/\/www.unicas.pe\/blog\/wp-content\/uploads\/2014\/02\/gafas1marc-160x120.jpg 160w, https:\/\/www.unicas.pe\/blog\/wp-content\/uploads\/2014\/02\/gafas1marc-265x198.jpg 265w, https:\/\/www.unicas.pe\/blog\/wp-content\/uploads\/2014\/02\/gafas1marc-559x420.jpg 559w\" sizes=\"(max-width: 650px) 100vw, 650px\" \/><\/p>\n<p><img class=\" size-full wp-image-3260\" style=\"display: block; margin-left: auto; margin-right: auto;\" src=\"http:\/\/209.133.219.102\/~newunicas\/blog\/wp-content\/uploads\/2014\/02\/gafas2marc.jpg\" alt=\"\" width=\"600\" srcset=\"https:\/\/www.unicas.pe\/blog\/wp-content\/uploads\/2014\/02\/gafas2marc.jpg 650w, https:\/\/www.unicas.pe\/blog\/wp-content\/uploads\/2014\/02\/gafas2marc-300x107.jpg 300w, https:\/\/www.unicas.pe\/blog\/wp-content\/uploads\/2014\/02\/gafas2marc-648x232.jpg 648w\" sizes=\"(max-width: 650px) 100vw, 650px\" \/><\/p>\n<p><img class=\" size-full wp-image-3261\" style=\"display: block; margin-left: auto; margin-right: auto;\" src=\"http:\/\/209.133.219.102\/~newunicas\/blog\/wp-content\/uploads\/2014\/02\/gafas3marc.jpg\" alt=\"\" width=\"600\" srcset=\"https:\/\/www.unicas.pe\/blog\/wp-content\/uploads\/2014\/02\/gafas3marc.jpg 650w, https:\/\/www.unicas.pe\/blog\/wp-content\/uploads\/2014\/02\/gafas3marc-300x151.jpg 300w, https:\/\/www.unicas.pe\/blog\/wp-content\/uploads\/2014\/02\/gafas3marc-648x327.jpg 648w\" sizes=\"(max-width: 650px) 100vw, 650px\" \/><\/p>\n<p><img class=\" size-full wp-image-3262\" style=\"display: block; margin-left: auto; margin-right: auto;\" src=\"http:\/\/209.133.219.102\/~newunicas\/blog\/wp-content\/uploads\/2014\/02\/gafas4marc.jpg\" alt=\"\" width=\"600\" srcset=\"https:\/\/www.unicas.pe\/blog\/wp-content\/uploads\/2014\/02\/gafas4marc.jpg 650w, https:\/\/www.unicas.pe\/blog\/wp-content\/uploads\/2014\/02\/gafas4marc-300x134.jpg 300w, https:\/\/www.unicas.pe\/blog\/wp-content\/uploads\/2014\/02\/gafas4marc-648x290.jpg 648w\" sizes=\"(max-width: 650px) 100vw, 650px\" \/><\/p>\n","protected":false},"excerpt":{"rendered":"<p>\u00bfTe encuentras buscando el regalo ideal por San Valent\u00edn? Te presentamos una serie especial de gafas de sol decorados especialmente para esta fecha.\u00a0<\/p>\n","protected":false},"author":1,"featured_media":3259,"comment_status":"closed","ping_status":"open","sticky":false,"template":"","format":"standard","meta":[],"categories":[5],"tags":[4510,1245,4512,4511,1734,4211],"yoast_head":"<!-- This site is optimized with the Yoast SEO plugin v16.0.2 - https:\/\/yoast.com\/wordpress\/plugins\/seo\/ -->\n<link rel=\"canonical\" href=\"https:\/\/www.unicas.pe\/blog\/gafas-de-sol-san-valentin-marc-by-marc-jacobs\/\" \/>\n<meta property=\"og:locale\" content=\"es_ES\" \/>\n<meta property=\"og:type\" content=\"article\" \/>\n<meta property=\"og:title\" content=\"Marc By Marc Jacobs presenta nueva colecci\u00f3n de gafas de sol para San Valent\u00edn - Unicas\" \/>\n<meta property=\"og:description\" content=\"\u00bfTe encuentras buscando el regalo ideal por San Valent\u00edn? Te presentamos una serie especial de gafas de sol decorados especialmente para esta fecha.\u00a0\" \/>\n<meta property=\"og:url\" content=\"https:\/\/www.unicas.pe\/blog\/gafas-de-sol-san-valentin-marc-by-marc-jacobs\/\" \/>\n<meta property=\"og:site_name\" content=\"Unicas\" \/>\n<meta property=\"article:published_time\" content=\"2014-02-12T22:05:00+00:00\" \/>\n<meta property=\"article:modified_time\" content=\"2019-01-11T02:35:35+00:00\" \/>\n<meta property=\"og:image\" content=\"https:\/\/www.unicas.pe\/blog\/wp-content\/uploads\/2014\/02\/gafas1marc.jpg\" \/>\n\t<meta property=\"og:image:width\" content=\"650\" \/>\n\t<meta property=\"og:image:height\" content=\"488\" \/>\n<meta name=\"twitter:card\" content=\"summary_large_image\" \/>\n<meta name=\"twitter:label1\" content=\"Tiempo de lectura\">\n\t<meta name=\"twitter:data1\" content=\"1 minuto\">\n<script type=\"application\/ld+json\" class=\"yoast-schema-graph\">{\"@context\":\"https:\/\/schema.org\",\"@graph\":[{\"@type\":\"WebSite\",\"@id\":\"https:\/\/www.unicas.pe\/blog\/#website\",\"url\":\"https:\/\/www.unicas.pe\/blog\/\",\"name\":\"Unicas\",\"description\":\"Blog sobre belleza, maquillaje, moda, y mucho m\\u00e1s.\",\"potentialAction\":[{\"@type\":\"SearchAction\",\"target\":\"https:\/\/www.unicas.pe\/blog\/?s={search_term_string}\",\"query-input\":\"required name=search_term_string\"}],\"inLanguage\":\"es\"},{\"@type\":\"ImageObject\",\"@id\":\"https:\/\/www.unicas.pe\/blog\/gafas-de-sol-san-valentin-marc-by-marc-jacobs\/#primaryimage\",\"inLanguage\":\"es\",\"url\":\"https:\/\/www.unicas.pe\/blog\/wp-content\/uploads\/2014\/02\/gafas1marc.jpg\",\"width\":650,\"height\":488},{\"@type\":\"WebPage\",\"@id\":\"https:\/\/www.unicas.pe\/blog\/gafas-de-sol-san-valentin-marc-by-marc-jacobs\/#webpage\",\"url\":\"https:\/\/www.unicas.pe\/blog\/gafas-de-sol-san-valentin-marc-by-marc-jacobs\/\",\"name\":\"Marc By Marc Jacobs presenta nueva colecci\\u00f3n de gafas de sol para San Valent\\u00edn - Unicas\",\"isPartOf\":{\"@id\":\"https:\/\/www.unicas.pe\/blog\/#website\"},\"primaryImageOfPage\":{\"@id\":\"https:\/\/www.unicas.pe\/blog\/gafas-de-sol-san-valentin-marc-by-marc-jacobs\/#primaryimage\"},\"datePublished\":\"2014-02-12T22:05:00+00:00\",\"dateModified\":\"2019-01-11T02:35:35+00:00\",\"author\":{\"@id\":\"https:\/\/www.unicas.pe\/blog\/#\/schema\/person\/60053f595c6d0f3f11ed52a01c961cdb\"},\"breadcrumb\":{\"@id\":\"https:\/\/www.unicas.pe\/blog\/gafas-de-sol-san-valentin-marc-by-marc-jacobs\/#breadcrumb\"},\"inLanguage\":\"es\",\"potentialAction\":[{\"@type\":\"ReadAction\",\"target\":[\"https:\/\/www.unicas.pe\/blog\/gafas-de-sol-san-valentin-marc-by-marc-jacobs\/\"]}]},{\"@type\":\"BreadcrumbList\",\"@id\":\"https:\/\/www.unicas.pe\/blog\/gafas-de-sol-san-valentin-marc-by-marc-jacobs\/#breadcrumb\",\"itemListElement\":[{\"@type\":\"ListItem\",\"position\":1,\"item\":{\"@type\":\"WebPage\",\"@id\":\"https:\/\/www.unicas.pe\/blog\/\",\"url\":\"https:\/\/www.unicas.pe\/blog\/\",\"name\":\"Portada\"}},{\"@type\":\"ListItem\",\"position\":2,\"item\":{\"@type\":\"WebPage\",\"@id\":\"https:\/\/www.unicas.pe\/blog\/gafas-de-sol-san-valentin-marc-by-marc-jacobs\/\",\"url\":\"https:\/\/www.unicas.pe\/blog\/gafas-de-sol-san-valentin-marc-by-marc-jacobs\/\",\"name\":\"Marc By Marc Jacobs presenta nueva colecci\\u00f3n de gafas de sol para San Valent\\u00edn\"}}]},{\"@type\":\"Person\",\"@id\":\"https:\/\/www.unicas.pe\/blog\/#\/schema\/person\/60053f595c6d0f3f11ed52a01c961cdb\",\"name\":\"Katty Gora\",\"image\":{\"@type\":\"ImageObject\",\"@id\":\"https:\/\/www.unicas.pe\/blog\/#personlogo\",\"inLanguage\":\"es\",\"url\":\"https:\/\/www.unicas.pe\/blog\/wp-content\/uploads\/2019\/01\/168392_1786370415133_366102_n-150x150.jpg\",\"caption\":\"Katty Gora\"},\"description\":\"Katty is a passionate blogger, diving into different subjects like fashion, trends, styles and news and more. Discover the great insight of a true quality blogger!\"}]}<\/script>\n<!-- \/ Yoast SEO plugin. -->","_links":{"self":[{"href":"https:\/\/www.unicas.pe\/blog\/wp-json\/wp\/v2\/posts\/3263"}],"collection":[{"href":"https:\/\/www.unicas.pe\/blog\/wp-json\/wp\/v2\/posts"}],"about":[{"href":"https:\/\/www.unicas.pe\/blog\/wp-json\/wp\/v2\/types\/post"}],"author":[{"embeddable":true,"href":"https:\/\/www.unicas.pe\/blog\/wp-json\/wp\/v2\/users\/1"}],"replies":[{"embeddable":true,"href":"https:\/\/www.unicas.pe\/blog\/wp-json\/wp\/v2\/comments?post=3263"}],"version-history":[{"count":1,"href":"https:\/\/www.unicas.pe\/blog\/wp-json\/wp\/v2\/posts\/3263\/revisions"}],"predecessor-version":[{"id":10724,"href":"https:\/\/www.unicas.pe\/blog\/wp-json\/wp\/v2\/posts\/3263\/revisions\/10724"}],"wp:featuredmedia":[{"embeddable":true,"href":"https:\/\/www.unicas.pe\/blog\/wp-json\/wp\/v2\/media\/3259"}],"wp:attachment":[{"href":"https:\/\/www.unicas.pe\/blog\/wp-json\/wp\/v2\/media?parent=3263"}],"wp:term":[{"taxonomy":"category","embeddable":true,"href":"https:\/\/www.unicas.pe\/blog\/wp-json\/wp\/v2\/categories?post=3263"},{"taxonomy":"post_tag","embeddable":true,"href":"https:\/\/www.unicas.pe\/blog\/wp-json\/wp\/v2\/tags?post=3263"}],"curies":[{"name":"wp","href":"https:\/\/api.w.org\/{rel}","templated":true}]}}