{"id":327,"date":"2013-08-27T20:51:51","date_gmt":"2013-08-28T01:51:51","guid":{"rendered":"http:\/\/209.133.219.102\/~newunicas\/blog\/2013\/08\/27\/famosos-colaboran-cancion-teleton\/"},"modified":"2019-01-10T21:39:00","modified_gmt":"2019-01-11T02:39:00","slug":"famosos-colaboran-cancion-teleton","status":"publish","type":"post","link":"https:\/\/www.unicas.pe\/blog\/famosos-colaboran-cancion-teleton\/","title":{"rendered":"Famosos colaboran con la canci\u00f3n de la Telet\u00f3n 2013"},"content":{"rendered":"<p>Varios <strong>famosos<\/strong> colaboraron prestando su voz para el tema de la colecta por los ni\u00f1os del Hogar Cl\u00ednica San Juan de Dios<\/p>\n<p>  <!--more-->  <\/p>\n<p>La Telet\u00f3n 2013 ya tiene canci\u00f3n oficial. Se llama \u201cS\u00famate a la Telet\u00f3n\u201d y es interpretada por Erick Elera, Adolfo Aguilar, Aldo Miyashiro, Maricarmen Marin, Michelle Soifer, Rossana Fern\u00e1ndez, entre otros <strong>famosos<\/strong>.<\/p>\n<p>Aunque algunos de los mencionados ya ten\u00edan experiencia en canto, fue distinto para otros. As\u00ed por ejemplo, el conductor de Yo Soy, Adolfo Aguilar, coment\u00f3 que estuvo recibiendo lecciones. Agreg\u00f3 tambi\u00e9n que le daba mucho emoci\u00f3n participar en dicha colecta.<\/p>\n<p>El ritmo del tema es bastante pegajoso y, con tantas caras conocidas, se espera que mueva la empat\u00eda de la gente para este 4 y 5 de octubre. El evento ser\u00e1 en las instalaciones del Jockey Club del Per\u00fa. En ambos d\u00edas, personas de apoyo recolectar\u00e1n dinero por las calles con alcanc\u00edas dise\u00f1adas especialmente para dicha actividad.<\/p>\n<p><img class=\" size-full wp-image-325\" src=\"http:\/\/209.133.219.102\/~newunicas\/blog\/wp-content\/uploads\/2013\/08\/teleton-grupal.jpg\" width=\"600\" style=\"display: block; margin-left: auto; margin-right: auto;\" srcset=\"https:\/\/www.unicas.pe\/blog\/wp-content\/uploads\/2013\/08\/teleton-grupal.jpg 700w, https:\/\/www.unicas.pe\/blog\/wp-content\/uploads\/2013\/08\/teleton-grupal-300x199.jpg 300w, https:\/\/www.unicas.pe\/blog\/wp-content\/uploads\/2013\/08\/teleton-grupal-696x462.jpg 696w, https:\/\/www.unicas.pe\/blog\/wp-content\/uploads\/2013\/08\/teleton-grupal-632x420.jpg 632w\" sizes=\"(max-width: 700px) 100vw, 700px\" \/><\/p>\n<p>Por su parte, Rossana Fern\u00e1ndez, otra de la que prestaron su voz a la grabaci\u00f3n del jingle, coment\u00f3 que este a\u00f1o todo ser\u00e1 muy controlado.<\/p>\n<p>Cabe destacar que, m\u00e1s all\u00e1 del canto, otro tipo de ayudas no se ha hecho esperar. As\u00ed, por ejemplo, la obra del <strong>famoso<\/strong> actor Marco Zunino, El Chico de Oz, se present\u00f3 el domingo 25 de agosto en el Teatro Municipal a beneficio de la colecta por los ni\u00f1os y j\u00f3venes discapacitados del Hogar Cl\u00ednica San Juan de Dios.<\/p>\n<p><img class=\" size-full wp-image-326\" src=\"http:\/\/209.133.219.102\/~newunicas\/blog\/wp-content\/uploads\/2013\/08\/teleton-3.jpg\" width=\"600\" style=\"display: block; margin-left: auto; margin-right: auto;\" srcset=\"https:\/\/www.unicas.pe\/blog\/wp-content\/uploads\/2013\/08\/teleton-3.jpg 650w, https:\/\/www.unicas.pe\/blog\/wp-content\/uploads\/2013\/08\/teleton-3-300x180.jpg 300w, https:\/\/www.unicas.pe\/blog\/wp-content\/uploads\/2013\/08\/teleton-3-648x390.jpg 648w\" sizes=\"(max-width: 650px) 100vw, 650px\" \/><\/p>\n","protected":false},"excerpt":{"rendered":"<p>Varios famosos colaboraron prestando su voz para el tema de la colecta por los ni\u00f1os del Hogar Cl\u00ednica San Juan de Dios<\/p>\n","protected":false},"author":1,"featured_media":325,"comment_status":"closed","ping_status":"open","sticky":false,"template":"","format":"standard","meta":[],"categories":[22],"tags":[357,322,356,333,362,364,361,358,359,360,363],"yoast_head":"<!-- This site is optimized with the Yoast SEO plugin v16.0.2 - https:\/\/yoast.com\/wordpress\/plugins\/seo\/ -->\n<link rel=\"canonical\" href=\"https:\/\/www.unicas.pe\/blog\/famosos-colaboran-cancion-teleton\/\" \/>\n<meta property=\"og:locale\" content=\"es_ES\" \/>\n<meta property=\"og:type\" content=\"article\" \/>\n<meta property=\"og:title\" content=\"Famosos colaboran con la canci\u00f3n de la Telet\u00f3n 2013 - Unicas\" \/>\n<meta property=\"og:description\" content=\"Varios famosos colaboraron prestando su voz para el tema de la colecta por los ni\u00f1os del Hogar Cl\u00ednica San Juan de Dios\" \/>\n<meta property=\"og:url\" content=\"https:\/\/www.unicas.pe\/blog\/famosos-colaboran-cancion-teleton\/\" \/>\n<meta property=\"og:site_name\" content=\"Unicas\" \/>\n<meta property=\"article:published_time\" content=\"2013-08-28T01:51:51+00:00\" \/>\n<meta property=\"article:modified_time\" content=\"2019-01-11T02:39:00+00:00\" \/>\n<meta property=\"og:image\" content=\"https:\/\/www.unicas.pe\/blog\/wp-content\/uploads\/2013\/08\/teleton-grupal.jpg\" \/>\n\t<meta property=\"og:image:width\" content=\"700\" \/>\n\t<meta property=\"og:image:height\" content=\"465\" \/>\n<meta name=\"twitter:card\" content=\"summary_large_image\" \/>\n<meta name=\"twitter:label1\" content=\"Tiempo de lectura\">\n\t<meta name=\"twitter:data1\" content=\"1 minuto\">\n<script type=\"application\/ld+json\" class=\"yoast-schema-graph\">{\"@context\":\"https:\/\/schema.org\",\"@graph\":[{\"@type\":\"WebSite\",\"@id\":\"https:\/\/www.unicas.pe\/blog\/#website\",\"url\":\"https:\/\/www.unicas.pe\/blog\/\",\"name\":\"Unicas\",\"description\":\"Blog sobre belleza, maquillaje, moda, y mucho m\\u00e1s.\",\"potentialAction\":[{\"@type\":\"SearchAction\",\"target\":\"https:\/\/www.unicas.pe\/blog\/?s={search_term_string}\",\"query-input\":\"required name=search_term_string\"}],\"inLanguage\":\"es\"},{\"@type\":\"ImageObject\",\"@id\":\"https:\/\/www.unicas.pe\/blog\/famosos-colaboran-cancion-teleton\/#primaryimage\",\"inLanguage\":\"es\",\"url\":\"https:\/\/www.unicas.pe\/blog\/wp-content\/uploads\/2013\/08\/teleton-grupal.jpg\",\"width\":700,\"height\":465},{\"@type\":\"WebPage\",\"@id\":\"https:\/\/www.unicas.pe\/blog\/famosos-colaboran-cancion-teleton\/#webpage\",\"url\":\"https:\/\/www.unicas.pe\/blog\/famosos-colaboran-cancion-teleton\/\",\"name\":\"Famosos colaboran con la canci\\u00f3n de la Telet\\u00f3n 2013 - Unicas\",\"isPartOf\":{\"@id\":\"https:\/\/www.unicas.pe\/blog\/#website\"},\"primaryImageOfPage\":{\"@id\":\"https:\/\/www.unicas.pe\/blog\/famosos-colaboran-cancion-teleton\/#primaryimage\"},\"datePublished\":\"2013-08-28T01:51:51+00:00\",\"dateModified\":\"2019-01-11T02:39:00+00:00\",\"author\":{\"@id\":\"https:\/\/www.unicas.pe\/blog\/#\/schema\/person\/60053f595c6d0f3f11ed52a01c961cdb\"},\"breadcrumb\":{\"@id\":\"https:\/\/www.unicas.pe\/blog\/famosos-colaboran-cancion-teleton\/#breadcrumb\"},\"inLanguage\":\"es\",\"potentialAction\":[{\"@type\":\"ReadAction\",\"target\":[\"https:\/\/www.unicas.pe\/blog\/famosos-colaboran-cancion-teleton\/\"]}]},{\"@type\":\"BreadcrumbList\",\"@id\":\"https:\/\/www.unicas.pe\/blog\/famosos-colaboran-cancion-teleton\/#breadcrumb\",\"itemListElement\":[{\"@type\":\"ListItem\",\"position\":1,\"item\":{\"@type\":\"WebPage\",\"@id\":\"https:\/\/www.unicas.pe\/blog\/\",\"url\":\"https:\/\/www.unicas.pe\/blog\/\",\"name\":\"Portada\"}},{\"@type\":\"ListItem\",\"position\":2,\"item\":{\"@type\":\"WebPage\",\"@id\":\"https:\/\/www.unicas.pe\/blog\/famosos-colaboran-cancion-teleton\/\",\"url\":\"https:\/\/www.unicas.pe\/blog\/famosos-colaboran-cancion-teleton\/\",\"name\":\"Famosos colaboran con la canci\\u00f3n de la Telet\\u00f3n 2013\"}}]},{\"@type\":\"Person\",\"@id\":\"https:\/\/www.unicas.pe\/blog\/#\/schema\/person\/60053f595c6d0f3f11ed52a01c961cdb\",\"name\":\"Katty Gora\",\"image\":{\"@type\":\"ImageObject\",\"@id\":\"https:\/\/www.unicas.pe\/blog\/#personlogo\",\"inLanguage\":\"es\",\"url\":\"https:\/\/www.unicas.pe\/blog\/wp-content\/uploads\/2019\/01\/168392_1786370415133_366102_n-150x150.jpg\",\"caption\":\"Katty Gora\"},\"description\":\"Katty is a passionate blogger, diving into different subjects like fashion, trends, styles and news and more. Discover the great insight of a true quality blogger!\"}]}<\/script>\n<!-- \/ Yoast SEO plugin. -->","_links":{"self":[{"href":"https:\/\/www.unicas.pe\/blog\/wp-json\/wp\/v2\/posts\/327"}],"collection":[{"href":"https:\/\/www.unicas.pe\/blog\/wp-json\/wp\/v2\/posts"}],"about":[{"href":"https:\/\/www.unicas.pe\/blog\/wp-json\/wp\/v2\/types\/post"}],"author":[{"embeddable":true,"href":"https:\/\/www.unicas.pe\/blog\/wp-json\/wp\/v2\/users\/1"}],"replies":[{"embeddable":true,"href":"https:\/\/www.unicas.pe\/blog\/wp-json\/wp\/v2\/comments?post=327"}],"version-history":[{"count":1,"href":"https:\/\/www.unicas.pe\/blog\/wp-json\/wp\/v2\/posts\/327\/revisions"}],"predecessor-version":[{"id":11511,"href":"https:\/\/www.unicas.pe\/blog\/wp-json\/wp\/v2\/posts\/327\/revisions\/11511"}],"wp:featuredmedia":[{"embeddable":true,"href":"https:\/\/www.unicas.pe\/blog\/wp-json\/wp\/v2\/media\/325"}],"wp:attachment":[{"href":"https:\/\/www.unicas.pe\/blog\/wp-json\/wp\/v2\/media?parent=327"}],"wp:term":[{"taxonomy":"category","embeddable":true,"href":"https:\/\/www.unicas.pe\/blog\/wp-json\/wp\/v2\/categories?post=327"},{"taxonomy":"post_tag","embeddable":true,"href":"https:\/\/www.unicas.pe\/blog\/wp-json\/wp\/v2\/tags?post=327"}],"curies":[{"name":"wp","href":"https:\/\/api.w.org\/{rel}","templated":true}]}}