{"id":3347,"date":"2014-02-14T21:42:17","date_gmt":"2014-02-15T02:42:17","guid":{"rendered":"http:\/\/209.133.219.102\/~newunicas\/blog\/2014\/02\/14\/luis-fonsi-corazon-en-maleta-lanzamiento\/"},"modified":"2019-01-10T21:35:33","modified_gmt":"2019-01-11T02:35:33","slug":"luis-fonsi-corazon-en-maleta-lanzamiento","status":"publish","type":"post","link":"https:\/\/www.unicas.pe\/blog\/luis-fonsi-corazon-en-maleta-lanzamiento\/","title":{"rendered":"Luis Fonsi anuncia fecha de lanzamiento de \u201cCoraz\u00f3n en la Maleta\u201d"},"content":{"rendered":"<p>Sigue cosechando \u00e9xitos. El cantante \u00a0puertorrique\u00f1o, Luis Fonsi, lanzar\u00e1 este 17 de febrero su pr\u00f3ximo sencillo <strong>\u201cCoraz\u00f3n en la Maleta\u201d<\/strong><\/p>\n<p>  <!--more-->  <\/p>\n<p>El conocido cantante puertorrique\u00f1o, <strong>Luis Fonsi<\/strong>, anunci\u00f3 la fecha del lanzamiento del esperado sencillo <strong>\u201cCoraz\u00f3n en la Maleta\u201d<\/strong>, el cual se estrenar\u00e1 el pr\u00f3ximo <strong>17 de febrero en exclusiva en \u00a0Estados Unidos<\/strong>. Este anuncio fue realizado a trav\u00e9s de su p\u00e1gina principal y redes sociales. El lanzamiento ser\u00e1 transmitido en todos las emisoras de radio a nivel mundial. Seg\u00fan se ha informado, al d\u00eda siguiente de su lanzamiento, se vender\u00e1 su disco en todas las tiendas digitales.<\/p>\n<p>Como para darle m\u00e1s fuerza a su nuevo \u00e9xito, el cantante interpretar\u00e1 <strong>\u201cCoraz\u00f3n En La Maleta\u201d<\/strong> en la ceremonia del \u201cPremio Lo Nuestro 2014\u201d, la cual se celebrar\u00e1 el 20 de febrero en la ciudad de Miami y ser\u00e1 transmitida por la cadena Univision.<\/p>\n<p>Miles de fans \u00a0ya esperan con ansias el lanzamiento de esta producci\u00f3n, donde la canci\u00f3n ha sido compuesta por el propio Fonsi y la compositora \u00a0Claudia Brant.<strong>\u201cCoraz\u00f3n En La Maleta\u201d<\/strong> tiene un sonido mucho m\u00e1s org\u00e1nico y maduro. Rompe un poco con la melancol\u00eda ya que su letra, melod\u00eda y ritmo crean un ambiente alegre, divertido y vivo\u201d , seg\u00fan explic\u00f3 Luis Fonsi.<\/p>\n<p><img class=\" size-full wp-image-3345\" style=\"display: block; margin-left: auto; margin-right: auto;\" src=\"http:\/\/209.133.219.102\/~newunicas\/blog\/wp-content\/uploads\/2014\/02\/luis-fonsi1.jpg\" alt=\"\" width=\"600\" srcset=\"https:\/\/www.unicas.pe\/blog\/wp-content\/uploads\/2014\/02\/luis-fonsi1.jpg 650w, https:\/\/www.unicas.pe\/blog\/wp-content\/uploads\/2014\/02\/luis-fonsi1-300x157.jpg 300w, https:\/\/www.unicas.pe\/blog\/wp-content\/uploads\/2014\/02\/luis-fonsi1-648x341.jpg 648w\" sizes=\"(max-width: 650px) 100vw, 650px\" \/><\/p>\n<p>En los 15 a\u00f1os de trayectoria musical, Luis Fonsi, ha ganado fama \u00a0mundial como el artista latino. \u00a0En su trayectoria como cantante, ha obtenido importantes reconocimientos por las ventas de oro y platino de sus discos en pa\u00edses como M\u00e9xico, Espa\u00f1a, Estados Unidos, Puerto Rico, Argentina, Colombia, Venezuela y Centroam\u00e9rica.<\/p>\n<p>En su primer sencillo como su octavo \u00e1lbum in\u00e9dito, han sido esperados por la industria musical. Estos fueron grabados en vivo en el famoso estudio de Kensaltown (Londres), bajo la producci\u00f3n del productor y compositor Mart\u00edn Terefe, ganador de m\u00faltiples Grammy.<\/p>\n<p>Adicionalmente a sus grandes logros en el mundo de la m\u00fasica, Luis Fonsi cumpli\u00f3 otro sue\u00f1o al presentarse con rotundo \u00e9xito en Broadway a mediados del 2013, donde mostr\u00f3 su genial talento y su pasi\u00f3n por cantarle al amor.<\/p>\n<p><img class=\" size-full wp-image-3346\" style=\"display: block; margin-left: auto; margin-right: auto;\" src=\"http:\/\/209.133.219.102\/~newunicas\/blog\/wp-content\/uploads\/2014\/02\/luis-fonsi2.jpg\" alt=\"\" width=\"600\" srcset=\"https:\/\/www.unicas.pe\/blog\/wp-content\/uploads\/2014\/02\/luis-fonsi2.jpg 650w, https:\/\/www.unicas.pe\/blog\/wp-content\/uploads\/2014\/02\/luis-fonsi2-300x111.jpg 300w, https:\/\/www.unicas.pe\/blog\/wp-content\/uploads\/2014\/02\/luis-fonsi2-648x241.jpg 648w\" sizes=\"(max-width: 650px) 100vw, 650px\" \/><\/p>\n<p>Si eres fan de Luis Fonsi, entonces no te pierdas este pr\u00f3ximo lanzamiento, que ser\u00e1 en pocos d\u00edas. <strong>\u201cCoraz\u00f3n En La Maleta\u201d<\/strong> , ser\u00e1 un nuevo \u00e9xito \u00a0que muchos cantar\u00e1n al amor a parte de las ya conocidas canciones de Luis Fonsi.<\/p>\n","protected":false},"excerpt":{"rendered":"<p>Sigue cosechando \u00e9xitos. El cantante \u00a0puertorrique\u00f1o, Luis Fonsi, lanzar\u00e1 este 17 de febrero su pr\u00f3ximo sencillo \u201cCoraz\u00f3n en la Maleta\u201d<\/p>\n","protected":false},"author":1,"featured_media":3345,"comment_status":"closed","ping_status":"open","sticky":false,"template":"","format":"standard","meta":[],"categories":[33],"tags":[4651,4650,4652,4649,4653],"yoast_head":"<!-- This site is optimized with the Yoast SEO plugin v16.0.2 - https:\/\/yoast.com\/wordpress\/plugins\/seo\/ -->\n<link rel=\"canonical\" href=\"https:\/\/www.unicas.pe\/blog\/luis-fonsi-corazon-en-maleta-lanzamiento\/\" \/>\n<meta property=\"og:locale\" content=\"es_ES\" \/>\n<meta property=\"og:type\" content=\"article\" \/>\n<meta property=\"og:title\" content=\"Luis Fonsi anuncia fecha de lanzamiento de \u201cCoraz\u00f3n en la Maleta\u201d - Unicas\" \/>\n<meta property=\"og:description\" content=\"Sigue cosechando \u00e9xitos. El cantante \u00a0puertorrique\u00f1o, Luis Fonsi, lanzar\u00e1 este 17 de febrero su pr\u00f3ximo sencillo \u201cCoraz\u00f3n en la Maleta\u201d\" \/>\n<meta property=\"og:url\" content=\"https:\/\/www.unicas.pe\/blog\/luis-fonsi-corazon-en-maleta-lanzamiento\/\" \/>\n<meta property=\"og:site_name\" content=\"Unicas\" \/>\n<meta property=\"article:published_time\" content=\"2014-02-15T02:42:17+00:00\" \/>\n<meta property=\"article:modified_time\" content=\"2019-01-11T02:35:33+00:00\" \/>\n<meta property=\"og:image\" content=\"https:\/\/www.unicas.pe\/blog\/wp-content\/uploads\/2014\/02\/luis-fonsi1.jpg\" \/>\n\t<meta property=\"og:image:width\" content=\"650\" \/>\n\t<meta property=\"og:image:height\" content=\"341\" \/>\n<meta name=\"twitter:card\" content=\"summary_large_image\" \/>\n<meta name=\"twitter:label1\" content=\"Tiempo de lectura\">\n\t<meta name=\"twitter:data1\" content=\"2 minutos\">\n<script type=\"application\/ld+json\" class=\"yoast-schema-graph\">{\"@context\":\"https:\/\/schema.org\",\"@graph\":[{\"@type\":\"WebSite\",\"@id\":\"https:\/\/www.unicas.pe\/blog\/#website\",\"url\":\"https:\/\/www.unicas.pe\/blog\/\",\"name\":\"Unicas\",\"description\":\"Blog sobre belleza, maquillaje, moda, y mucho m\\u00e1s.\",\"potentialAction\":[{\"@type\":\"SearchAction\",\"target\":\"https:\/\/www.unicas.pe\/blog\/?s={search_term_string}\",\"query-input\":\"required name=search_term_string\"}],\"inLanguage\":\"es\"},{\"@type\":\"ImageObject\",\"@id\":\"https:\/\/www.unicas.pe\/blog\/luis-fonsi-corazon-en-maleta-lanzamiento\/#primaryimage\",\"inLanguage\":\"es\",\"url\":\"https:\/\/www.unicas.pe\/blog\/wp-content\/uploads\/2014\/02\/luis-fonsi1.jpg\",\"width\":650,\"height\":341},{\"@type\":\"WebPage\",\"@id\":\"https:\/\/www.unicas.pe\/blog\/luis-fonsi-corazon-en-maleta-lanzamiento\/#webpage\",\"url\":\"https:\/\/www.unicas.pe\/blog\/luis-fonsi-corazon-en-maleta-lanzamiento\/\",\"name\":\"Luis Fonsi anuncia fecha de lanzamiento de \\u201cCoraz\\u00f3n en la Maleta\\u201d - Unicas\",\"isPartOf\":{\"@id\":\"https:\/\/www.unicas.pe\/blog\/#website\"},\"primaryImageOfPage\":{\"@id\":\"https:\/\/www.unicas.pe\/blog\/luis-fonsi-corazon-en-maleta-lanzamiento\/#primaryimage\"},\"datePublished\":\"2014-02-15T02:42:17+00:00\",\"dateModified\":\"2019-01-11T02:35:33+00:00\",\"author\":{\"@id\":\"https:\/\/www.unicas.pe\/blog\/#\/schema\/person\/60053f595c6d0f3f11ed52a01c961cdb\"},\"breadcrumb\":{\"@id\":\"https:\/\/www.unicas.pe\/blog\/luis-fonsi-corazon-en-maleta-lanzamiento\/#breadcrumb\"},\"inLanguage\":\"es\",\"potentialAction\":[{\"@type\":\"ReadAction\",\"target\":[\"https:\/\/www.unicas.pe\/blog\/luis-fonsi-corazon-en-maleta-lanzamiento\/\"]}]},{\"@type\":\"BreadcrumbList\",\"@id\":\"https:\/\/www.unicas.pe\/blog\/luis-fonsi-corazon-en-maleta-lanzamiento\/#breadcrumb\",\"itemListElement\":[{\"@type\":\"ListItem\",\"position\":1,\"item\":{\"@type\":\"WebPage\",\"@id\":\"https:\/\/www.unicas.pe\/blog\/\",\"url\":\"https:\/\/www.unicas.pe\/blog\/\",\"name\":\"Portada\"}},{\"@type\":\"ListItem\",\"position\":2,\"item\":{\"@type\":\"WebPage\",\"@id\":\"https:\/\/www.unicas.pe\/blog\/luis-fonsi-corazon-en-maleta-lanzamiento\/\",\"url\":\"https:\/\/www.unicas.pe\/blog\/luis-fonsi-corazon-en-maleta-lanzamiento\/\",\"name\":\"Luis Fonsi anuncia fecha de lanzamiento de \\u201cCoraz\\u00f3n en la Maleta\\u201d\"}}]},{\"@type\":\"Person\",\"@id\":\"https:\/\/www.unicas.pe\/blog\/#\/schema\/person\/60053f595c6d0f3f11ed52a01c961cdb\",\"name\":\"Katty Gora\",\"image\":{\"@type\":\"ImageObject\",\"@id\":\"https:\/\/www.unicas.pe\/blog\/#personlogo\",\"inLanguage\":\"es\",\"url\":\"https:\/\/www.unicas.pe\/blog\/wp-content\/uploads\/2019\/01\/168392_1786370415133_366102_n-150x150.jpg\",\"caption\":\"Katty Gora\"},\"description\":\"Katty is a passionate blogger, diving into different subjects like fashion, trends, styles and news and more. Discover the great insight of a true quality blogger!\"}]}<\/script>\n<!-- \/ Yoast SEO plugin. -->","_links":{"self":[{"href":"https:\/\/www.unicas.pe\/blog\/wp-json\/wp\/v2\/posts\/3347"}],"collection":[{"href":"https:\/\/www.unicas.pe\/blog\/wp-json\/wp\/v2\/posts"}],"about":[{"href":"https:\/\/www.unicas.pe\/blog\/wp-json\/wp\/v2\/types\/post"}],"author":[{"embeddable":true,"href":"https:\/\/www.unicas.pe\/blog\/wp-json\/wp\/v2\/users\/1"}],"replies":[{"embeddable":true,"href":"https:\/\/www.unicas.pe\/blog\/wp-json\/wp\/v2\/comments?post=3347"}],"version-history":[{"count":1,"href":"https:\/\/www.unicas.pe\/blog\/wp-json\/wp\/v2\/posts\/3347\/revisions"}],"predecessor-version":[{"id":10704,"href":"https:\/\/www.unicas.pe\/blog\/wp-json\/wp\/v2\/posts\/3347\/revisions\/10704"}],"wp:featuredmedia":[{"embeddable":true,"href":"https:\/\/www.unicas.pe\/blog\/wp-json\/wp\/v2\/media\/3345"}],"wp:attachment":[{"href":"https:\/\/www.unicas.pe\/blog\/wp-json\/wp\/v2\/media?parent=3347"}],"wp:term":[{"taxonomy":"category","embeddable":true,"href":"https:\/\/www.unicas.pe\/blog\/wp-json\/wp\/v2\/categories?post=3347"},{"taxonomy":"post_tag","embeddable":true,"href":"https:\/\/www.unicas.pe\/blog\/wp-json\/wp\/v2\/tags?post=3347"}],"curies":[{"name":"wp","href":"https:\/\/api.w.org\/{rel}","templated":true}]}}