{"id":3351,"date":"2014-02-14T21:56:04","date_gmt":"2014-02-15T02:56:04","guid":{"rendered":"http:\/\/209.133.219.102\/~newunicas\/blog\/2014\/02\/14\/daniel-lazo-grabo-con-gianmarco\/"},"modified":"2019-01-10T21:35:33","modified_gmt":"2019-01-11T02:35:33","slug":"daniel-lazo-grabo-con-gianmarco","status":"publish","type":"post","link":"https:\/\/www.unicas.pe\/blog\/daniel-lazo-grabo-con-gianmarco\/","title":{"rendered":"Daniel Lazo grab\u00f3 su primer sencillo al lado de Gianmarco"},"content":{"rendered":"<p>Ternura, amor y pasi\u00f3n, es lo que inspira Daniel Lazo cuando interpreta una canci\u00f3n. Su gran talento estar\u00e1 acompa\u00f1ado por Gianmarco. Ambos artistas unen sus voces.<\/p>\n<p>  <!--more-->  <\/p>\n<p>\u00a0<\/p>\n<p>Dos talentos de la m\u00fasica se unen. Daniel Lazo, ganador de la primera temporada de la Voz Per\u00fa, grab\u00f3 su primer sencillo al lado del cantautor peruano Gianmarco. Esta nueva producci\u00f3n fue compuesta \u00a0y producida por el \u00a0mismo ganador del Grammy Latino.<\/p>\n<p>Sobre la canci\u00f3n, Daniel Lazo indic\u00f3: \u201cDesde que la escuch\u00e9 supe que era la adecuada, la historia es de un amor ideal, con la que todos podemos identificarnos f\u00e1cilmente\u201d, afirm\u00f3.<\/p>\n<p><img class=\" size-full wp-image-3348\" style=\"display: block; margin-left: auto; margin-right: auto;\" src=\"http:\/\/209.133.219.102\/~newunicas\/blog\/wp-content\/uploads\/2014\/02\/daniel-lazo-01.jpg\" alt=\"\" width=\"600\" srcset=\"https:\/\/www.unicas.pe\/blog\/wp-content\/uploads\/2014\/02\/daniel-lazo-01.jpg 650w, https:\/\/www.unicas.pe\/blog\/wp-content\/uploads\/2014\/02\/daniel-lazo-01-300x211.jpg 300w, https:\/\/www.unicas.pe\/blog\/wp-content\/uploads\/2014\/02\/daniel-lazo-01-100x70.jpg 100w, https:\/\/www.unicas.pe\/blog\/wp-content\/uploads\/2014\/02\/daniel-lazo-01-200x140.jpg 200w, https:\/\/www.unicas.pe\/blog\/wp-content\/uploads\/2014\/02\/daniel-lazo-01-648x457.jpg 648w, https:\/\/www.unicas.pe\/blog\/wp-content\/uploads\/2014\/02\/daniel-lazo-01-597x420.jpg 597w\" sizes=\"(max-width: 650px) 100vw, 650px\" \/><\/p>\n<p>Desde que supo de la noticia, la alegr\u00eda y la emoci\u00f3n se apoder\u00f3 del cantante ayacuchano. Daniel afirm\u00f3 que uno de los sue\u00f1os de su madre fue que alg\u00fan d\u00eda pueda unir su voz con nuestro cr\u00e9dito nacional. \u201cAl enterarme que grabar\u00eda con Gianmarco record\u00e9 de inmediato el sue\u00f1o de mi mam\u00e1\u201d. \u201cEs m\u00e1s, ella fue la primera persona a la que le envi\u00e9 las fotos que nos tomamos\u201d indic\u00f3 \u00a0Lazo.<\/p>\n<p><img class=\" size-full wp-image-3349\" style=\"display: block; margin-left: auto; margin-right: auto;\" src=\"http:\/\/209.133.219.102\/~newunicas\/blog\/wp-content\/uploads\/2014\/02\/daniel-lazo-02.jpg\" alt=\"\" width=\"600\" srcset=\"https:\/\/www.unicas.pe\/blog\/wp-content\/uploads\/2014\/02\/daniel-lazo-02.jpg 650w, https:\/\/www.unicas.pe\/blog\/wp-content\/uploads\/2014\/02\/daniel-lazo-02-300x229.jpg 300w, https:\/\/www.unicas.pe\/blog\/wp-content\/uploads\/2014\/02\/daniel-lazo-02-80x60.jpg 80w, https:\/\/www.unicas.pe\/blog\/wp-content\/uploads\/2014\/02\/daniel-lazo-02-550x420.jpg 550w\" sizes=\"(max-width: 650px) 100vw, 650px\" \/><\/p>\n<p>Para la carrera musical \u00a0de este joven int\u00e9rprete, cantar al lado de Gianmarco es una gran motivaci\u00f3n profesional. Ya lo hab\u00edan se\u00f1alado \u00a0\u201cEl Puma\u201d, Jos\u00e9 Luis Rodr\u00edguez, el \u00e9xito que tendr\u00eda Lazo. \u201cSe nace para ser alguien y para ser algo\u201d dijo alguna vez el Puma, luego de escuchar una de las mejores interpretaciones de Daniel Lazo, en \u201cLa Voz Per\u00fa\u201d. Cabe destacar que Universal Music es el sello discogr\u00e1fico de Daniel Lazo. Seg\u00fan se\u00f1alaron muy pronto se anunciar\u00e1 la fecha de estreno de su nuevo sencillo.<\/p>\n<p>Estaremos atentos para el estreno de su primera canci\u00f3n. Por ahora solo podremos disfrutar de sus mejores interpretaciones en las redes sociales.<\/p>\n<p><img class=\" size-full wp-image-3350\" style=\"display: block; margin-left: auto; margin-right: auto;\" src=\"http:\/\/209.133.219.102\/~newunicas\/blog\/wp-content\/uploads\/2014\/02\/daniel-lazo-03.jpg\" alt=\"\" width=\"600\" srcset=\"https:\/\/www.unicas.pe\/blog\/wp-content\/uploads\/2014\/02\/daniel-lazo-03.jpg 650w, https:\/\/www.unicas.pe\/blog\/wp-content\/uploads\/2014\/02\/daniel-lazo-03-300x250.jpg 300w, https:\/\/www.unicas.pe\/blog\/wp-content\/uploads\/2014\/02\/daniel-lazo-03-504x420.jpg 504w\" sizes=\"(max-width: 650px) 100vw, 650px\" \/><\/p>\n","protected":false},"excerpt":{"rendered":"<p>Ternura, amor y pasi\u00f3n, es lo que inspira Daniel Lazo cuando interpreta una canci\u00f3n. Su gran talento estar\u00e1 acompa\u00f1ado por Gianmarco. Ambos artistas unen sus voces.<\/p>\n","protected":false},"author":1,"featured_media":3348,"comment_status":"closed","ping_status":"open","sticky":false,"template":"","format":"standard","meta":[],"categories":[33],"tags":[4514,4654,519,2644,1861,152,4655],"yoast_head":"<!-- This site is optimized with the Yoast SEO plugin v16.0.2 - https:\/\/yoast.com\/wordpress\/plugins\/seo\/ -->\n<link rel=\"canonical\" href=\"https:\/\/www.unicas.pe\/blog\/daniel-lazo-grabo-con-gianmarco\/\" \/>\n<meta property=\"og:locale\" content=\"es_ES\" \/>\n<meta property=\"og:type\" content=\"article\" \/>\n<meta property=\"og:title\" content=\"Daniel Lazo grab\u00f3 su primer sencillo al lado de Gianmarco - Unicas\" \/>\n<meta property=\"og:description\" content=\"Ternura, amor y pasi\u00f3n, es lo que inspira Daniel Lazo cuando interpreta una canci\u00f3n. Su gran talento estar\u00e1 acompa\u00f1ado por Gianmarco. Ambos artistas unen sus voces.\" \/>\n<meta property=\"og:url\" content=\"https:\/\/www.unicas.pe\/blog\/daniel-lazo-grabo-con-gianmarco\/\" \/>\n<meta property=\"og:site_name\" content=\"Unicas\" \/>\n<meta property=\"article:published_time\" content=\"2014-02-15T02:56:04+00:00\" \/>\n<meta property=\"article:modified_time\" content=\"2019-01-11T02:35:33+00:00\" \/>\n<meta property=\"og:image\" content=\"https:\/\/www.unicas.pe\/blog\/wp-content\/uploads\/2014\/02\/daniel-lazo-01.jpg\" \/>\n\t<meta property=\"og:image:width\" content=\"650\" \/>\n\t<meta property=\"og:image:height\" content=\"457\" \/>\n<meta name=\"twitter:card\" content=\"summary_large_image\" \/>\n<meta name=\"twitter:label1\" content=\"Tiempo de lectura\">\n\t<meta name=\"twitter:data1\" content=\"2 minutos\">\n<script type=\"application\/ld+json\" class=\"yoast-schema-graph\">{\"@context\":\"https:\/\/schema.org\",\"@graph\":[{\"@type\":\"WebSite\",\"@id\":\"https:\/\/www.unicas.pe\/blog\/#website\",\"url\":\"https:\/\/www.unicas.pe\/blog\/\",\"name\":\"Unicas\",\"description\":\"Blog sobre belleza, maquillaje, moda, y mucho m\\u00e1s.\",\"potentialAction\":[{\"@type\":\"SearchAction\",\"target\":\"https:\/\/www.unicas.pe\/blog\/?s={search_term_string}\",\"query-input\":\"required name=search_term_string\"}],\"inLanguage\":\"es\"},{\"@type\":\"ImageObject\",\"@id\":\"https:\/\/www.unicas.pe\/blog\/daniel-lazo-grabo-con-gianmarco\/#primaryimage\",\"inLanguage\":\"es\",\"url\":\"https:\/\/www.unicas.pe\/blog\/wp-content\/uploads\/2014\/02\/daniel-lazo-01.jpg\",\"width\":650,\"height\":457},{\"@type\":\"WebPage\",\"@id\":\"https:\/\/www.unicas.pe\/blog\/daniel-lazo-grabo-con-gianmarco\/#webpage\",\"url\":\"https:\/\/www.unicas.pe\/blog\/daniel-lazo-grabo-con-gianmarco\/\",\"name\":\"Daniel Lazo grab\\u00f3 su primer sencillo al lado de Gianmarco - Unicas\",\"isPartOf\":{\"@id\":\"https:\/\/www.unicas.pe\/blog\/#website\"},\"primaryImageOfPage\":{\"@id\":\"https:\/\/www.unicas.pe\/blog\/daniel-lazo-grabo-con-gianmarco\/#primaryimage\"},\"datePublished\":\"2014-02-15T02:56:04+00:00\",\"dateModified\":\"2019-01-11T02:35:33+00:00\",\"author\":{\"@id\":\"https:\/\/www.unicas.pe\/blog\/#\/schema\/person\/60053f595c6d0f3f11ed52a01c961cdb\"},\"breadcrumb\":{\"@id\":\"https:\/\/www.unicas.pe\/blog\/daniel-lazo-grabo-con-gianmarco\/#breadcrumb\"},\"inLanguage\":\"es\",\"potentialAction\":[{\"@type\":\"ReadAction\",\"target\":[\"https:\/\/www.unicas.pe\/blog\/daniel-lazo-grabo-con-gianmarco\/\"]}]},{\"@type\":\"BreadcrumbList\",\"@id\":\"https:\/\/www.unicas.pe\/blog\/daniel-lazo-grabo-con-gianmarco\/#breadcrumb\",\"itemListElement\":[{\"@type\":\"ListItem\",\"position\":1,\"item\":{\"@type\":\"WebPage\",\"@id\":\"https:\/\/www.unicas.pe\/blog\/\",\"url\":\"https:\/\/www.unicas.pe\/blog\/\",\"name\":\"Portada\"}},{\"@type\":\"ListItem\",\"position\":2,\"item\":{\"@type\":\"WebPage\",\"@id\":\"https:\/\/www.unicas.pe\/blog\/daniel-lazo-grabo-con-gianmarco\/\",\"url\":\"https:\/\/www.unicas.pe\/blog\/daniel-lazo-grabo-con-gianmarco\/\",\"name\":\"Daniel Lazo grab\\u00f3 su primer sencillo al lado de Gianmarco\"}}]},{\"@type\":\"Person\",\"@id\":\"https:\/\/www.unicas.pe\/blog\/#\/schema\/person\/60053f595c6d0f3f11ed52a01c961cdb\",\"name\":\"Katty Gora\",\"image\":{\"@type\":\"ImageObject\",\"@id\":\"https:\/\/www.unicas.pe\/blog\/#personlogo\",\"inLanguage\":\"es\",\"url\":\"https:\/\/www.unicas.pe\/blog\/wp-content\/uploads\/2019\/01\/168392_1786370415133_366102_n-150x150.jpg\",\"caption\":\"Katty Gora\"},\"description\":\"Katty is a passionate blogger, diving into different subjects like fashion, trends, styles and news and more. Discover the great insight of a true quality blogger!\"}]}<\/script>\n<!-- \/ Yoast SEO plugin. -->","_links":{"self":[{"href":"https:\/\/www.unicas.pe\/blog\/wp-json\/wp\/v2\/posts\/3351"}],"collection":[{"href":"https:\/\/www.unicas.pe\/blog\/wp-json\/wp\/v2\/posts"}],"about":[{"href":"https:\/\/www.unicas.pe\/blog\/wp-json\/wp\/v2\/types\/post"}],"author":[{"embeddable":true,"href":"https:\/\/www.unicas.pe\/blog\/wp-json\/wp\/v2\/users\/1"}],"replies":[{"embeddable":true,"href":"https:\/\/www.unicas.pe\/blog\/wp-json\/wp\/v2\/comments?post=3351"}],"version-history":[{"count":1,"href":"https:\/\/www.unicas.pe\/blog\/wp-json\/wp\/v2\/posts\/3351\/revisions"}],"predecessor-version":[{"id":10703,"href":"https:\/\/www.unicas.pe\/blog\/wp-json\/wp\/v2\/posts\/3351\/revisions\/10703"}],"wp:featuredmedia":[{"embeddable":true,"href":"https:\/\/www.unicas.pe\/blog\/wp-json\/wp\/v2\/media\/3348"}],"wp:attachment":[{"href":"https:\/\/www.unicas.pe\/blog\/wp-json\/wp\/v2\/media?parent=3351"}],"wp:term":[{"taxonomy":"category","embeddable":true,"href":"https:\/\/www.unicas.pe\/blog\/wp-json\/wp\/v2\/categories?post=3351"},{"taxonomy":"post_tag","embeddable":true,"href":"https:\/\/www.unicas.pe\/blog\/wp-json\/wp\/v2\/tags?post=3351"}],"curies":[{"name":"wp","href":"https:\/\/api.w.org\/{rel}","templated":true}]}}