{"id":3370,"date":"2014-02-17T20:45:18","date_gmt":"2014-02-18T01:45:18","guid":{"rendered":"http:\/\/209.133.219.102\/~newunicas\/blog\/2014\/02\/17\/luis-fonsi-corazon-en-maleta-lanzamiento-17-febrero\/"},"modified":"2019-01-10T21:35:33","modified_gmt":"2019-01-11T02:35:33","slug":"luis-fonsi-corazon-en-maleta-lanzamiento-17-febrero","status":"publish","type":"post","link":"https:\/\/www.unicas.pe\/blog\/luis-fonsi-corazon-en-maleta-lanzamiento-17-febrero\/","title":{"rendered":"\u201cCoraz\u00f3n en la maleta\u201d de Luis Fonsi se estrena hoy a nivel mundial"},"content":{"rendered":"<p>Luis Fonsi estrenar\u00e1 hoy \u201c<strong>Coraz\u00f3n en la maleta<\/strong>\u201d en todas emisoras de radio a nivel mundial. Miles de fans est\u00e1n a la expectativa de su nuevo sencillo.<\/p>\n<p>  <!--more-->  <\/p>\n<p>Hoy es un gran d\u00eda para las millones de fans de <strong>Luis Fonsi<\/strong>. Luego de tanta expectativa, lleg\u00f3 la esperada fecha de estreno de la nueva producci\u00f3n del cantante puertorrique\u00f1o \u201c<strong>Coraz\u00f3n en la maleta<\/strong>\u201d. Esta presentaci\u00f3n se realizar\u00e1 a trav\u00e9s de todas las emisoras de radio a nivel mundial. El disco que forma parte del octavo \u00e1lbum del cantautor, estar\u00e1 puesta a la venta en todas las tiendas digitales a partir de ma\u00f1ana.<\/p>\n<p>Este nuevo sencillo ser\u00e1 interpretado por primera vez en la ceremonia de \u201dPremio lo Nuestro 2014\u201d, donde el artista se lucir\u00e1 en el escenario al lado de reconocidas estrellas.<\/p>\n<p><img class=\" size-full wp-image-3367\" style=\"display: block; margin-left: auto; margin-right: auto;\" src=\"http:\/\/209.133.219.102\/~newunicas\/blog\/wp-content\/uploads\/2014\/02\/fonsi-1.jpg\" alt=\"\" width=\"600\" srcset=\"https:\/\/www.unicas.pe\/blog\/wp-content\/uploads\/2014\/02\/fonsi-1.jpg 650w, https:\/\/www.unicas.pe\/blog\/wp-content\/uploads\/2014\/02\/fonsi-1-271x300.jpg 271w, https:\/\/www.unicas.pe\/blog\/wp-content\/uploads\/2014\/02\/fonsi-1-379x420.jpg 379w\" sizes=\"(max-width: 650px) 100vw, 650px\" \/><\/p>\n<p>El rom\u00e1ntico <strong>Luis Fonsi<\/strong> es considerado como uno de los artistas latinos m\u00e1s exitosos del mundo. Temas como \u201cNo me doy porvencido\u201d, \u201dAqu\u00ed estoy yo\u201d y \u201cGritar\u201d, entre otras canciones han sido tendencia en Argentina, Chile, Colombia, Espa\u00f1a, como tambi\u00e9n M\u00e9xico y Rep\u00fablica Dominicana.<\/p>\n<p><img class=\" size-full wp-image-3368\" style=\"display: block; margin-left: auto; margin-right: auto;\" src=\"http:\/\/209.133.219.102\/~newunicas\/blog\/wp-content\/uploads\/2014\/02\/fonsi-2.jpg\" alt=\"\" width=\"600\" srcset=\"https:\/\/www.unicas.pe\/blog\/wp-content\/uploads\/2014\/02\/fonsi-2.jpg 626w, https:\/\/www.unicas.pe\/blog\/wp-content\/uploads\/2014\/02\/fonsi-2-300x275.jpg 300w, https:\/\/www.unicas.pe\/blog\/wp-content\/uploads\/2014\/02\/fonsi-2-459x420.jpg 459w\" sizes=\"(max-width: 626px) 100vw, 626px\" \/><\/p>\n<p>\u201cEl sencillo cuenta con un sonido mucho m\u00e1s vivo que rompe con la melancol\u00eda e incita a la diversi\u00f3n y a la alegr\u00eda\u201d comenta Fonsi. Adem\u00e1s el cantante afirm\u00f3 que rompe con el esquema del romanticismo. Esta producci\u00f3n ha sido compuesta por el propio Fonsi y por la galardonada cantautora Claudia Brant. \u201c<strong>Coraz\u00f3n en la maleta<\/strong>\u201d es la primera muestra de la destacada evoluci\u00f3n musical del cantante puertorrique\u00f1o. El encargado de producir este primer sencillo fue el compositor y productor sueco, Mart\u00edn Terefe, ganador de m\u00faltiples grammy.<\/p>\n<p><img class=\" size-full wp-image-3369\" style=\"display: block; margin-left: auto; margin-right: auto;\" src=\"http:\/\/209.133.219.102\/~newunicas\/blog\/wp-content\/uploads\/2014\/02\/fonsi-3.jpg\" alt=\"\" width=\"600\" srcset=\"https:\/\/www.unicas.pe\/blog\/wp-content\/uploads\/2014\/02\/fonsi-3.jpg 650w, https:\/\/www.unicas.pe\/blog\/wp-content\/uploads\/2014\/02\/fonsi-3-300x181.jpg 300w, https:\/\/www.unicas.pe\/blog\/wp-content\/uploads\/2014\/02\/fonsi-3-648x393.jpg 648w\" sizes=\"(max-width: 650px) 100vw, 650px\" \/><\/p>\n<p>El pasado viernes 14 de febrero <strong>Luis Fonsi<\/strong> estren\u00f3 en exclusiva, en su p\u00e1gina oficial de Facebook, 15 segundos de <strong>Coraz\u00f3n en La Maleta<\/strong>. Si deseas verlo, aqu\u00ed te presentamos el avance de tu nuevo sencillo.<\/p>\n<p><object style=\"display: block; margin-left: auto; margin-right: auto;\" data=\"http:\/\/www.youtube.com\/v\/X0PIkdm0HYo?hl=es_MX&amp;version=3\" type=\"application\/x-shockwave-flash\" width=\"560\" height=\"315\"><param name=\"movie\" value=\"http:\/\/www.youtube.com\/v\/X0PIkdm0HYo?hl=es_MX&amp;version=3\" \/><param name=\"allowFullScreen\" value=\"true\" \/><param name=\"allowscriptaccess\" value=\"always\" \/><\/object><\/p>\n","protected":false},"excerpt":{"rendered":"<p>Luis Fonsi estrenar\u00e1 hoy \u201cCoraz\u00f3n en la maleta\u201d en todas emisoras de radio a nivel mundial. Miles de fans est\u00e1n a la expectativa de su nuevo sencillo.<\/p>\n","protected":false},"author":1,"featured_media":3367,"comment_status":"closed","ping_status":"open","sticky":false,"template":"","format":"standard","meta":[],"categories":[33],"tags":[192,2108,4650,4679,4675,4680,4678,4649,4653,4676],"yoast_head":"<!-- This site is optimized with the Yoast SEO plugin v16.0.2 - https:\/\/yoast.com\/wordpress\/plugins\/seo\/ -->\n<link rel=\"canonical\" href=\"https:\/\/www.unicas.pe\/blog\/luis-fonsi-corazon-en-maleta-lanzamiento-17-febrero\/\" \/>\n<meta property=\"og:locale\" content=\"es_ES\" \/>\n<meta property=\"og:type\" content=\"article\" \/>\n<meta property=\"og:title\" content=\"\u201cCoraz\u00f3n en la maleta\u201d de Luis Fonsi se estrena hoy a nivel mundial - Unicas\" \/>\n<meta property=\"og:description\" content=\"Luis Fonsi estrenar\u00e1 hoy \u201cCoraz\u00f3n en la maleta\u201d en todas emisoras de radio a nivel mundial. Miles de fans est\u00e1n a la expectativa de su nuevo sencillo.\" \/>\n<meta property=\"og:url\" content=\"https:\/\/www.unicas.pe\/blog\/luis-fonsi-corazon-en-maleta-lanzamiento-17-febrero\/\" \/>\n<meta property=\"og:site_name\" content=\"Unicas\" \/>\n<meta property=\"article:published_time\" content=\"2014-02-18T01:45:18+00:00\" \/>\n<meta property=\"article:modified_time\" content=\"2019-01-11T02:35:33+00:00\" \/>\n<meta property=\"og:image\" content=\"https:\/\/www.unicas.pe\/blog\/wp-content\/uploads\/2014\/02\/fonsi-1.jpg\" \/>\n\t<meta property=\"og:image:width\" content=\"650\" \/>\n\t<meta property=\"og:image:height\" content=\"720\" \/>\n<meta name=\"twitter:card\" content=\"summary_large_image\" \/>\n<meta name=\"twitter:label1\" content=\"Tiempo de lectura\">\n\t<meta name=\"twitter:data1\" content=\"2 minutos\">\n<script type=\"application\/ld+json\" class=\"yoast-schema-graph\">{\"@context\":\"https:\/\/schema.org\",\"@graph\":[{\"@type\":\"WebSite\",\"@id\":\"https:\/\/www.unicas.pe\/blog\/#website\",\"url\":\"https:\/\/www.unicas.pe\/blog\/\",\"name\":\"Unicas\",\"description\":\"Blog sobre belleza, maquillaje, moda, y mucho m\\u00e1s.\",\"potentialAction\":[{\"@type\":\"SearchAction\",\"target\":\"https:\/\/www.unicas.pe\/blog\/?s={search_term_string}\",\"query-input\":\"required name=search_term_string\"}],\"inLanguage\":\"es\"},{\"@type\":\"ImageObject\",\"@id\":\"https:\/\/www.unicas.pe\/blog\/luis-fonsi-corazon-en-maleta-lanzamiento-17-febrero\/#primaryimage\",\"inLanguage\":\"es\",\"url\":\"https:\/\/www.unicas.pe\/blog\/wp-content\/uploads\/2014\/02\/fonsi-1.jpg\",\"width\":650,\"height\":720},{\"@type\":\"WebPage\",\"@id\":\"https:\/\/www.unicas.pe\/blog\/luis-fonsi-corazon-en-maleta-lanzamiento-17-febrero\/#webpage\",\"url\":\"https:\/\/www.unicas.pe\/blog\/luis-fonsi-corazon-en-maleta-lanzamiento-17-febrero\/\",\"name\":\"\\u201cCoraz\\u00f3n en la maleta\\u201d de Luis Fonsi se estrena hoy a nivel mundial - Unicas\",\"isPartOf\":{\"@id\":\"https:\/\/www.unicas.pe\/blog\/#website\"},\"primaryImageOfPage\":{\"@id\":\"https:\/\/www.unicas.pe\/blog\/luis-fonsi-corazon-en-maleta-lanzamiento-17-febrero\/#primaryimage\"},\"datePublished\":\"2014-02-18T01:45:18+00:00\",\"dateModified\":\"2019-01-11T02:35:33+00:00\",\"author\":{\"@id\":\"https:\/\/www.unicas.pe\/blog\/#\/schema\/person\/60053f595c6d0f3f11ed52a01c961cdb\"},\"breadcrumb\":{\"@id\":\"https:\/\/www.unicas.pe\/blog\/luis-fonsi-corazon-en-maleta-lanzamiento-17-febrero\/#breadcrumb\"},\"inLanguage\":\"es\",\"potentialAction\":[{\"@type\":\"ReadAction\",\"target\":[\"https:\/\/www.unicas.pe\/blog\/luis-fonsi-corazon-en-maleta-lanzamiento-17-febrero\/\"]}]},{\"@type\":\"BreadcrumbList\",\"@id\":\"https:\/\/www.unicas.pe\/blog\/luis-fonsi-corazon-en-maleta-lanzamiento-17-febrero\/#breadcrumb\",\"itemListElement\":[{\"@type\":\"ListItem\",\"position\":1,\"item\":{\"@type\":\"WebPage\",\"@id\":\"https:\/\/www.unicas.pe\/blog\/\",\"url\":\"https:\/\/www.unicas.pe\/blog\/\",\"name\":\"Portada\"}},{\"@type\":\"ListItem\",\"position\":2,\"item\":{\"@type\":\"WebPage\",\"@id\":\"https:\/\/www.unicas.pe\/blog\/luis-fonsi-corazon-en-maleta-lanzamiento-17-febrero\/\",\"url\":\"https:\/\/www.unicas.pe\/blog\/luis-fonsi-corazon-en-maleta-lanzamiento-17-febrero\/\",\"name\":\"\\u201cCoraz\\u00f3n en la maleta\\u201d de Luis Fonsi se estrena hoy a nivel mundial\"}}]},{\"@type\":\"Person\",\"@id\":\"https:\/\/www.unicas.pe\/blog\/#\/schema\/person\/60053f595c6d0f3f11ed52a01c961cdb\",\"name\":\"Katty Gora\",\"image\":{\"@type\":\"ImageObject\",\"@id\":\"https:\/\/www.unicas.pe\/blog\/#personlogo\",\"inLanguage\":\"es\",\"url\":\"https:\/\/www.unicas.pe\/blog\/wp-content\/uploads\/2019\/01\/168392_1786370415133_366102_n-150x150.jpg\",\"caption\":\"Katty Gora\"},\"description\":\"Katty is a passionate blogger, diving into different subjects like fashion, trends, styles and news and more. Discover the great insight of a true quality blogger!\"}]}<\/script>\n<!-- \/ Yoast SEO plugin. -->","_links":{"self":[{"href":"https:\/\/www.unicas.pe\/blog\/wp-json\/wp\/v2\/posts\/3370"}],"collection":[{"href":"https:\/\/www.unicas.pe\/blog\/wp-json\/wp\/v2\/posts"}],"about":[{"href":"https:\/\/www.unicas.pe\/blog\/wp-json\/wp\/v2\/types\/post"}],"author":[{"embeddable":true,"href":"https:\/\/www.unicas.pe\/blog\/wp-json\/wp\/v2\/users\/1"}],"replies":[{"embeddable":true,"href":"https:\/\/www.unicas.pe\/blog\/wp-json\/wp\/v2\/comments?post=3370"}],"version-history":[{"count":1,"href":"https:\/\/www.unicas.pe\/blog\/wp-json\/wp\/v2\/posts\/3370\/revisions"}],"predecessor-version":[{"id":10699,"href":"https:\/\/www.unicas.pe\/blog\/wp-json\/wp\/v2\/posts\/3370\/revisions\/10699"}],"wp:featuredmedia":[{"embeddable":true,"href":"https:\/\/www.unicas.pe\/blog\/wp-json\/wp\/v2\/media\/3367"}],"wp:attachment":[{"href":"https:\/\/www.unicas.pe\/blog\/wp-json\/wp\/v2\/media?parent=3370"}],"wp:term":[{"taxonomy":"category","embeddable":true,"href":"https:\/\/www.unicas.pe\/blog\/wp-json\/wp\/v2\/categories?post=3370"},{"taxonomy":"post_tag","embeddable":true,"href":"https:\/\/www.unicas.pe\/blog\/wp-json\/wp\/v2\/tags?post=3370"}],"curies":[{"name":"wp","href":"https:\/\/api.w.org\/{rel}","templated":true}]}}