{"id":338,"date":"2013-08-27T21:13:11","date_gmt":"2013-08-28T02:13:11","guid":{"rendered":"http:\/\/209.133.219.102\/~newunicas\/blog\/2013\/08\/27\/natalie-vertiz-y-nicole-faveron-discuten-en-la-tv\/"},"modified":"2019-01-10T21:39:00","modified_gmt":"2019-01-11T02:39:00","slug":"natalie-vertiz-y-nicole-faveron-discuten-en-la-tv","status":"publish","type":"post","link":"https:\/\/www.unicas.pe\/blog\/natalie-vertiz-y-nicole-faveron-discuten-en-la-tv\/","title":{"rendered":"Natalie Vertiz y Nicole Faver\u00f3n discuten en la TV"},"content":{"rendered":"<p><strong>Natalie Vertiz<\/strong> y Nicole Faver\u00f3n discuten sobre el cambio de corona antes de tiempo<\/p>\n<p>  <!--more-->  <\/p>\n<p>Reina s\u00f3lo puede haber una. Si \u00a0no, preg\u00fantenle a <strong>Nataly Vertiz<\/strong>, quien revivi\u00f3 en Esto es Guerra el disgusto que sinti\u00f3 al ser destronada antes de tiempo por <strong>Nicole Faver\u00f3n<\/strong>. Esta \u00faltima, al final, lleg\u00f3 a llamarla \u201cinmadura\u201d y la conmin\u00f3 a cultivar primero \u201cel alma y el cerebro\u201d.<\/p>\n<p>Los d\u00edas felices de Nataly Vertiz junto a su enamorado Yaco Esquenazi han tenido un par\u00e9ntesis sombr\u00edo, ya que Faver\u00f3n, la Miss Per\u00fa \u00a02013, ha llegado a Esto es Guerra para quedarse a competir junto a \u201cLas Cobras\u201d. Por el momento, pareciera que la mayor\u00eda de aprobaci\u00f3n la tiene Vertiz, como se puede apreciar en el hashtag de twitter: #LaUnicaReinadeEEGesNatalieVertiz.<\/p>\n<p>Haciendo una retrospectiva, Vertiz denunci\u00f3 en febrero del 2012 que interrumpieron su reinado para favorecer a Faver\u00f3n. Recalc\u00f3 que ella s\u00f3lo tuvo \u201cdos meses de preparaci\u00f3n\u201d, mientras a la nueva elegida le iban a dar mayor tiempo, raz\u00f3n que habr\u00eda hecho que adelanten la nueva designaci\u00f3n de junio a febrero.<\/p>\n<p><img class=\" size-full wp-image-337\" src=\"http:\/\/209.133.219.102\/~newunicas\/blog\/wp-content\/uploads\/2013\/08\/faveron.jpg\" width=\"600\" style=\"display: block; margin-left: auto; margin-right: auto;\" srcset=\"https:\/\/www.unicas.pe\/blog\/wp-content\/uploads\/2013\/08\/faveron.jpg 650w, https:\/\/www.unicas.pe\/blog\/wp-content\/uploads\/2013\/08\/faveron-300x168.jpg 300w, https:\/\/www.unicas.pe\/blog\/wp-content\/uploads\/2013\/08\/faveron-648x365.jpg 648w\" sizes=\"(max-width: 650px) 100vw, 650px\" \/><\/p>\n<p>En el programa que conduce Johanna San Miguel, Nicole tambi\u00e9n aprovech\u00f3 para aclarar que \u201cno las escogieron de la nada\u201d y que como primera finalista hac\u00eda \u201cpr\u00e1cticamente los viajes a provincias que le correspond\u00edan a Natalie\u201d.<\/p>\n<p>En cierto momento del programa, la ex pataclaun quiso ver quien agarraba la corona m\u00e1s r\u00e1pido. <strong>Natalie Vertiz<\/strong> fue la que se inmediatamente la cogi\u00f3 entre risas, a lo cual <strong>Nicole Faver\u00f3n<\/strong> coment\u00f3 que ella se la ced\u00eda porque no la necesitaba.<\/p>\n","protected":false},"excerpt":{"rendered":"<p>Natalie Vertiz y Nicole Faver\u00f3n discuten sobre el cambio de corona antes de tiempo<\/p>\n","protected":false},"author":1,"featured_media":337,"comment_status":"closed","ping_status":"open","sticky":false,"template":"","format":"standard","meta":[],"categories":[54],"tags":[341,386,342,389,387,388],"yoast_head":"<!-- This site is optimized with the Yoast SEO plugin v16.0.2 - https:\/\/yoast.com\/wordpress\/plugins\/seo\/ -->\n<link rel=\"canonical\" href=\"https:\/\/www.unicas.pe\/blog\/natalie-vertiz-y-nicole-faveron-discuten-en-la-tv\/\" \/>\n<meta property=\"og:locale\" content=\"es_ES\" \/>\n<meta property=\"og:type\" content=\"article\" \/>\n<meta property=\"og:title\" content=\"Natalie Vertiz y Nicole Faver\u00f3n discuten en la TV - Unicas\" \/>\n<meta property=\"og:description\" content=\"Natalie Vertiz y Nicole Faver\u00f3n discuten sobre el cambio de corona antes de tiempo\" \/>\n<meta property=\"og:url\" content=\"https:\/\/www.unicas.pe\/blog\/natalie-vertiz-y-nicole-faveron-discuten-en-la-tv\/\" \/>\n<meta property=\"og:site_name\" content=\"Unicas\" \/>\n<meta property=\"article:published_time\" content=\"2013-08-28T02:13:11+00:00\" \/>\n<meta property=\"article:modified_time\" content=\"2019-01-11T02:39:00+00:00\" \/>\n<meta property=\"og:image\" content=\"https:\/\/www.unicas.pe\/blog\/wp-content\/uploads\/2013\/08\/faveron.jpg\" \/>\n\t<meta property=\"og:image:width\" content=\"650\" \/>\n\t<meta property=\"og:image:height\" content=\"365\" \/>\n<meta name=\"twitter:card\" content=\"summary_large_image\" \/>\n<meta name=\"twitter:label1\" content=\"Tiempo de lectura\">\n\t<meta name=\"twitter:data1\" content=\"1 minuto\">\n<script type=\"application\/ld+json\" class=\"yoast-schema-graph\">{\"@context\":\"https:\/\/schema.org\",\"@graph\":[{\"@type\":\"WebSite\",\"@id\":\"https:\/\/www.unicas.pe\/blog\/#website\",\"url\":\"https:\/\/www.unicas.pe\/blog\/\",\"name\":\"Unicas\",\"description\":\"Blog sobre belleza, maquillaje, moda, y mucho m\\u00e1s.\",\"potentialAction\":[{\"@type\":\"SearchAction\",\"target\":\"https:\/\/www.unicas.pe\/blog\/?s={search_term_string}\",\"query-input\":\"required name=search_term_string\"}],\"inLanguage\":\"es\"},{\"@type\":\"ImageObject\",\"@id\":\"https:\/\/www.unicas.pe\/blog\/natalie-vertiz-y-nicole-faveron-discuten-en-la-tv\/#primaryimage\",\"inLanguage\":\"es\",\"url\":\"https:\/\/www.unicas.pe\/blog\/wp-content\/uploads\/2013\/08\/faveron.jpg\",\"width\":650,\"height\":365},{\"@type\":\"WebPage\",\"@id\":\"https:\/\/www.unicas.pe\/blog\/natalie-vertiz-y-nicole-faveron-discuten-en-la-tv\/#webpage\",\"url\":\"https:\/\/www.unicas.pe\/blog\/natalie-vertiz-y-nicole-faveron-discuten-en-la-tv\/\",\"name\":\"Natalie Vertiz y Nicole Faver\\u00f3n discuten en la TV - Unicas\",\"isPartOf\":{\"@id\":\"https:\/\/www.unicas.pe\/blog\/#website\"},\"primaryImageOfPage\":{\"@id\":\"https:\/\/www.unicas.pe\/blog\/natalie-vertiz-y-nicole-faveron-discuten-en-la-tv\/#primaryimage\"},\"datePublished\":\"2013-08-28T02:13:11+00:00\",\"dateModified\":\"2019-01-11T02:39:00+00:00\",\"author\":{\"@id\":\"https:\/\/www.unicas.pe\/blog\/#\/schema\/person\/60053f595c6d0f3f11ed52a01c961cdb\"},\"breadcrumb\":{\"@id\":\"https:\/\/www.unicas.pe\/blog\/natalie-vertiz-y-nicole-faveron-discuten-en-la-tv\/#breadcrumb\"},\"inLanguage\":\"es\",\"potentialAction\":[{\"@type\":\"ReadAction\",\"target\":[\"https:\/\/www.unicas.pe\/blog\/natalie-vertiz-y-nicole-faveron-discuten-en-la-tv\/\"]}]},{\"@type\":\"BreadcrumbList\",\"@id\":\"https:\/\/www.unicas.pe\/blog\/natalie-vertiz-y-nicole-faveron-discuten-en-la-tv\/#breadcrumb\",\"itemListElement\":[{\"@type\":\"ListItem\",\"position\":1,\"item\":{\"@type\":\"WebPage\",\"@id\":\"https:\/\/www.unicas.pe\/blog\/\",\"url\":\"https:\/\/www.unicas.pe\/blog\/\",\"name\":\"Portada\"}},{\"@type\":\"ListItem\",\"position\":2,\"item\":{\"@type\":\"WebPage\",\"@id\":\"https:\/\/www.unicas.pe\/blog\/natalie-vertiz-y-nicole-faveron-discuten-en-la-tv\/\",\"url\":\"https:\/\/www.unicas.pe\/blog\/natalie-vertiz-y-nicole-faveron-discuten-en-la-tv\/\",\"name\":\"Natalie Vertiz y Nicole Faver\\u00f3n discuten en la TV\"}}]},{\"@type\":\"Person\",\"@id\":\"https:\/\/www.unicas.pe\/blog\/#\/schema\/person\/60053f595c6d0f3f11ed52a01c961cdb\",\"name\":\"Katty Gora\",\"image\":{\"@type\":\"ImageObject\",\"@id\":\"https:\/\/www.unicas.pe\/blog\/#personlogo\",\"inLanguage\":\"es\",\"url\":\"https:\/\/www.unicas.pe\/blog\/wp-content\/uploads\/2019\/01\/168392_1786370415133_366102_n-150x150.jpg\",\"caption\":\"Katty Gora\"},\"description\":\"Katty is a passionate blogger, diving into different subjects like fashion, trends, styles and news and more. Discover the great insight of a true quality blogger!\"}]}<\/script>\n<!-- \/ Yoast SEO plugin. -->","_links":{"self":[{"href":"https:\/\/www.unicas.pe\/blog\/wp-json\/wp\/v2\/posts\/338"}],"collection":[{"href":"https:\/\/www.unicas.pe\/blog\/wp-json\/wp\/v2\/posts"}],"about":[{"href":"https:\/\/www.unicas.pe\/blog\/wp-json\/wp\/v2\/types\/post"}],"author":[{"embeddable":true,"href":"https:\/\/www.unicas.pe\/blog\/wp-json\/wp\/v2\/users\/1"}],"replies":[{"embeddable":true,"href":"https:\/\/www.unicas.pe\/blog\/wp-json\/wp\/v2\/comments?post=338"}],"version-history":[{"count":1,"href":"https:\/\/www.unicas.pe\/blog\/wp-json\/wp\/v2\/posts\/338\/revisions"}],"predecessor-version":[{"id":11507,"href":"https:\/\/www.unicas.pe\/blog\/wp-json\/wp\/v2\/posts\/338\/revisions\/11507"}],"wp:featuredmedia":[{"embeddable":true,"href":"https:\/\/www.unicas.pe\/blog\/wp-json\/wp\/v2\/media\/337"}],"wp:attachment":[{"href":"https:\/\/www.unicas.pe\/blog\/wp-json\/wp\/v2\/media?parent=338"}],"wp:term":[{"taxonomy":"category","embeddable":true,"href":"https:\/\/www.unicas.pe\/blog\/wp-json\/wp\/v2\/categories?post=338"},{"taxonomy":"post_tag","embeddable":true,"href":"https:\/\/www.unicas.pe\/blog\/wp-json\/wp\/v2\/tags?post=338"}],"curies":[{"name":"wp","href":"https:\/\/api.w.org\/{rel}","templated":true}]}}