{"id":3433,"date":"2014-02-19T23:56:38","date_gmt":"2014-02-20T04:56:38","guid":{"rendered":"http:\/\/209.133.219.102\/~newunicas\/blog\/2014\/02\/19\/corazon-en-la-maleta-luis-fonsi\/"},"modified":"2019-01-10T21:35:31","modified_gmt":"2019-01-11T02:35:31","slug":"corazon-en-la-maleta-luis-fonsi","status":"publish","type":"post","link":"https:\/\/www.unicas.pe\/blog\/corazon-en-la-maleta-luis-fonsi\/","title":{"rendered":"Escucha el nuevo sencillo de Luis Fonsi, \u201cCoraz\u00f3n en la maleta\u201d [Video]"},"content":{"rendered":"<p style=\"text-align: justify;\">El 17 de febrero se lanz\u00f3 a nivel mundial el nuevo sencillo de Luis Fonsi, \u201cCoraz\u00f3n en la maleta\u201d Esc\u00fachalo en esta nota de Unicas.pe<\/p>\n<p>  <!--more-->  <\/p>\n<p style=\"text-align: center;\"><iframe loading=\"lazy\" src=\"\/\/www.youtube.com\/embed\/kY9L8rd-2eM\" width=\"560\" height=\"315\" frameborder=\"0\" allowfullscreen=\"\"><\/iframe><\/p>\n<p style=\"text-align: justify;\">A partir del 18 de febrero, este sencillo estar\u00e1 a la venta en todas las tiendas digitales incluyendo iTunes. En celebraci\u00f3n al estreno, Luis Fonsi confirm\u00f3 su participaci\u00f3n en <strong>\u201cPremio Lo Nuestro\u201d<\/strong> donde interpretar\u00e1 en vivo en primicia <strong>\u201cCoraz\u00f3n En La Maleta\u201d<\/strong>, el primer sencillo de su anticipado octavo \u00e1lbum.<\/p>\n<p style=\"text-align: justify;\">Desde que el multipremiado artista anunci\u00f3 el t\u00edtulo y fecha de lanzamiento de \u201cCoraz\u00f3n En La Maleta\u201d la pasi\u00f3n y cari\u00f1o de sus seguidores se han visto reflejados en las redes sociales logrando que Fonsi se destacara en las listas de tendencias o Trending Topics en Argentina, Chile, Colombia, Espa\u00f1a, M\u00e9xico, Rep\u00fablica Dominicana y Venezuela, entre otros.<\/p>\n<p style=\"text-align: justify;\">El int\u00e9rprete de \u201cSe supone\u201d cautivar\u00e1 a sus seguidores peruanos el pr\u00f3ximo 16 de mayo en un rom\u00e1ntico <strong>concierto junto a R\u00edo Roma y a Axel<\/strong>. Este evento tendr\u00e1 como escenario el <strong>Jockey Club del Per\u00fa<\/strong> en el marco del <strong>\u201cFestival de baladas Ritmo Rom\u00e1ntica\u201d<\/strong>. Las entradas est\u00e1n a la venta en los m\u00f3dulos de Teleticket de Wong y Metro.<\/p>\n","protected":false},"excerpt":{"rendered":"<p>El 17 de febrero se lanz\u00f3 a nivel mundial el nuevo sencillo de Luis Fonsi, \u201cCoraz\u00f3n en la maleta\u201d Esc\u00fachalo en esta nota de Unicas.pe<\/p>\n","protected":false},"author":1,"featured_media":0,"comment_status":"closed","ping_status":"open","sticky":false,"template":"","format":"standard","meta":[],"categories":[33],"tags":[4754,4757,4650,4755,4649,4752,697,4756],"yoast_head":"<!-- This site is optimized with the Yoast SEO plugin v16.0.2 - https:\/\/yoast.com\/wordpress\/plugins\/seo\/ -->\n<link rel=\"canonical\" href=\"https:\/\/www.unicas.pe\/blog\/corazon-en-la-maleta-luis-fonsi\/\" \/>\n<meta property=\"og:locale\" content=\"es_ES\" \/>\n<meta property=\"og:type\" content=\"article\" \/>\n<meta property=\"og:title\" content=\"Escucha el nuevo sencillo de Luis Fonsi, \u201cCoraz\u00f3n en la maleta\u201d [Video] - Unicas\" \/>\n<meta property=\"og:description\" content=\"El 17 de febrero se lanz\u00f3 a nivel mundial el nuevo sencillo de Luis Fonsi, \u201cCoraz\u00f3n en la maleta\u201d Esc\u00fachalo en esta nota de Unicas.pe\" \/>\n<meta property=\"og:url\" content=\"https:\/\/www.unicas.pe\/blog\/corazon-en-la-maleta-luis-fonsi\/\" \/>\n<meta property=\"og:site_name\" content=\"Unicas\" \/>\n<meta property=\"article:published_time\" content=\"2014-02-20T04:56:38+00:00\" \/>\n<meta property=\"article:modified_time\" content=\"2019-01-11T02:35:31+00:00\" \/>\n<meta name=\"twitter:card\" content=\"summary_large_image\" \/>\n<meta name=\"twitter:label1\" content=\"Tiempo de lectura\">\n\t<meta name=\"twitter:data1\" content=\"1 minuto\">\n<script type=\"application\/ld+json\" class=\"yoast-schema-graph\">{\"@context\":\"https:\/\/schema.org\",\"@graph\":[{\"@type\":\"WebSite\",\"@id\":\"https:\/\/www.unicas.pe\/blog\/#website\",\"url\":\"https:\/\/www.unicas.pe\/blog\/\",\"name\":\"Unicas\",\"description\":\"Blog sobre belleza, maquillaje, moda, y mucho m\\u00e1s.\",\"potentialAction\":[{\"@type\":\"SearchAction\",\"target\":\"https:\/\/www.unicas.pe\/blog\/?s={search_term_string}\",\"query-input\":\"required name=search_term_string\"}],\"inLanguage\":\"es\"},{\"@type\":\"WebPage\",\"@id\":\"https:\/\/www.unicas.pe\/blog\/corazon-en-la-maleta-luis-fonsi\/#webpage\",\"url\":\"https:\/\/www.unicas.pe\/blog\/corazon-en-la-maleta-luis-fonsi\/\",\"name\":\"Escucha el nuevo sencillo de Luis Fonsi, \\u201cCoraz\\u00f3n en la maleta\\u201d [Video] - Unicas\",\"isPartOf\":{\"@id\":\"https:\/\/www.unicas.pe\/blog\/#website\"},\"datePublished\":\"2014-02-20T04:56:38+00:00\",\"dateModified\":\"2019-01-11T02:35:31+00:00\",\"author\":{\"@id\":\"https:\/\/www.unicas.pe\/blog\/#\/schema\/person\/60053f595c6d0f3f11ed52a01c961cdb\"},\"breadcrumb\":{\"@id\":\"https:\/\/www.unicas.pe\/blog\/corazon-en-la-maleta-luis-fonsi\/#breadcrumb\"},\"inLanguage\":\"es\",\"potentialAction\":[{\"@type\":\"ReadAction\",\"target\":[\"https:\/\/www.unicas.pe\/blog\/corazon-en-la-maleta-luis-fonsi\/\"]}]},{\"@type\":\"BreadcrumbList\",\"@id\":\"https:\/\/www.unicas.pe\/blog\/corazon-en-la-maleta-luis-fonsi\/#breadcrumb\",\"itemListElement\":[{\"@type\":\"ListItem\",\"position\":1,\"item\":{\"@type\":\"WebPage\",\"@id\":\"https:\/\/www.unicas.pe\/blog\/\",\"url\":\"https:\/\/www.unicas.pe\/blog\/\",\"name\":\"Portada\"}},{\"@type\":\"ListItem\",\"position\":2,\"item\":{\"@type\":\"WebPage\",\"@id\":\"https:\/\/www.unicas.pe\/blog\/corazon-en-la-maleta-luis-fonsi\/\",\"url\":\"https:\/\/www.unicas.pe\/blog\/corazon-en-la-maleta-luis-fonsi\/\",\"name\":\"Escucha el nuevo sencillo de Luis Fonsi, \\u201cCoraz\\u00f3n en la maleta\\u201d [Video]\"}}]},{\"@type\":\"Person\",\"@id\":\"https:\/\/www.unicas.pe\/blog\/#\/schema\/person\/60053f595c6d0f3f11ed52a01c961cdb\",\"name\":\"Katty Gora\",\"image\":{\"@type\":\"ImageObject\",\"@id\":\"https:\/\/www.unicas.pe\/blog\/#personlogo\",\"inLanguage\":\"es\",\"url\":\"https:\/\/www.unicas.pe\/blog\/wp-content\/uploads\/2019\/01\/168392_1786370415133_366102_n-150x150.jpg\",\"caption\":\"Katty Gora\"},\"description\":\"Katty is a passionate blogger, diving into different subjects like fashion, trends, styles and news and more. Discover the great insight of a true quality blogger!\"}]}<\/script>\n<!-- \/ Yoast SEO plugin. -->","_links":{"self":[{"href":"https:\/\/www.unicas.pe\/blog\/wp-json\/wp\/v2\/posts\/3433"}],"collection":[{"href":"https:\/\/www.unicas.pe\/blog\/wp-json\/wp\/v2\/posts"}],"about":[{"href":"https:\/\/www.unicas.pe\/blog\/wp-json\/wp\/v2\/types\/post"}],"author":[{"embeddable":true,"href":"https:\/\/www.unicas.pe\/blog\/wp-json\/wp\/v2\/users\/1"}],"replies":[{"embeddable":true,"href":"https:\/\/www.unicas.pe\/blog\/wp-json\/wp\/v2\/comments?post=3433"}],"version-history":[{"count":1,"href":"https:\/\/www.unicas.pe\/blog\/wp-json\/wp\/v2\/posts\/3433\/revisions"}],"predecessor-version":[{"id":10684,"href":"https:\/\/www.unicas.pe\/blog\/wp-json\/wp\/v2\/posts\/3433\/revisions\/10684"}],"wp:attachment":[{"href":"https:\/\/www.unicas.pe\/blog\/wp-json\/wp\/v2\/media?parent=3433"}],"wp:term":[{"taxonomy":"category","embeddable":true,"href":"https:\/\/www.unicas.pe\/blog\/wp-json\/wp\/v2\/categories?post=3433"},{"taxonomy":"post_tag","embeddable":true,"href":"https:\/\/www.unicas.pe\/blog\/wp-json\/wp\/v2\/tags?post=3433"}],"curies":[{"name":"wp","href":"https:\/\/api.w.org\/{rel}","templated":true}]}}