{"id":3454,"date":"2014-02-20T21:28:38","date_gmt":"2014-02-21T02:28:38","guid":{"rendered":"http:\/\/209.133.219.102\/~newunicas\/blog\/2014\/02\/20\/mega-plaza-concurso-la-voz-de-lima-norte\/"},"modified":"2019-01-10T21:35:31","modified_gmt":"2019-01-11T02:35:31","slug":"mega-plaza-concurso-la-voz-de-lima-norte","status":"publish","type":"post","link":"https:\/\/www.unicas.pe\/blog\/mega-plaza-concurso-la-voz-de-lima-norte\/","title":{"rendered":"Michelle Soifer y Daniel Lazo ser\u00e1n los jurados de \u201cLa Voz de Lima Norte\u201d"},"content":{"rendered":"<p>Dos talentosos cantantes unen su experiencia y su pasi\u00f3n por la m\u00fasica, para ser jurados de la sexta edici\u00f3n \u201cLa Voz de Lima Norte\u201d.<\/p>\n<p>  <!--more-->  <\/p>\n<p>Como cada a\u00f1o, el centro comercial de Lima Norte, <strong>MegaPlaza<\/strong>, organiza uno de los eventos m\u00e1s esperados por los j\u00f3venes aficionados al canto. Se trata de la sexta edici\u00f3n de \u00a0\u201cLa Voz de Lima Norte\u201d, concurso que descubre a talentosos artistas.<\/p>\n<p>La bella Michelle Soifer y la voz revelaci\u00f3n del Per\u00fa, Daniel Lazo ser\u00e1n los encargados de elegir a los ganadores de este concurso. Ambos exponentes evaluar\u00e1n: la afinaci\u00f3n, aptitudes vocales, interpretaci\u00f3n, comp\u00e1s, propuesta musical y dominio esc\u00e9nico.<\/p>\n<p><img class=\" size-full wp-image-3450\" style=\"display: block; margin-left: auto; margin-right: auto;\" title=\"Michelle Soifer y Daniel Lazo\" src=\"http:\/\/209.133.219.102\/~newunicas\/blog\/wp-content\/uploads\/2014\/02\/jurados1.jpg\" alt=\"Michelle Soifer y Daniel Lazo ser\u00e1n los jurados de La Voz de Lima Norte\" width=\"600\" srcset=\"https:\/\/www.unicas.pe\/blog\/wp-content\/uploads\/2014\/02\/jurados1.jpg 650w, https:\/\/www.unicas.pe\/blog\/wp-content\/uploads\/2014\/02\/jurados1-300x225.jpg 300w, https:\/\/www.unicas.pe\/blog\/wp-content\/uploads\/2014\/02\/jurados1-80x60.jpg 80w, https:\/\/www.unicas.pe\/blog\/wp-content\/uploads\/2014\/02\/jurados1-160x120.jpg 160w, https:\/\/www.unicas.pe\/blog\/wp-content\/uploads\/2014\/02\/jurados1-265x198.jpg 265w, https:\/\/www.unicas.pe\/blog\/wp-content\/uploads\/2014\/02\/jurados1-530x396.jpg 530w, https:\/\/www.unicas.pe\/blog\/wp-content\/uploads\/2014\/02\/jurados1-648x487.jpg 648w, https:\/\/www.unicas.pe\/blog\/wp-content\/uploads\/2014\/02\/jurados1-561x420.jpg 561w\" sizes=\"(max-width: 650px) 100vw, 650px\" \/><\/p>\n<p>\u201cSer jurado de este concurso es fenomenal pues el canto es parte importante de mi vida y no lo dejo por nada. Por eso tambi\u00e9n estoy retomando esta faceta y me encuentro preparando mi producci\u00f3n discogr\u00e1fica. confes\u00f3 hoy la sexy guerrera durante el lanzamiento de <strong>\u201cLa Voz de Lima Norte\u201d<\/strong>.\u00a0<\/p>\n<p><img class=\" size-full wp-image-3451\" style=\"display: block; margin-left: auto; margin-right: auto;\" title=\"Michelle Soifer y Daniel Lazo\" src=\"http:\/\/209.133.219.102\/~newunicas\/blog\/wp-content\/uploads\/2014\/02\/jurados2.jpg\" alt=\"Michelle Soifer y Daniel Lazo ser\u00e1n los jurados de La Voz de Lima Norte\" width=\"600\" srcset=\"https:\/\/www.unicas.pe\/blog\/wp-content\/uploads\/2014\/02\/jurados2.jpg 650w, https:\/\/www.unicas.pe\/blog\/wp-content\/uploads\/2014\/02\/jurados2-225x300.jpg 225w, https:\/\/www.unicas.pe\/blog\/wp-content\/uploads\/2014\/02\/jurados2-315x420.jpg 315w, https:\/\/www.unicas.pe\/blog\/wp-content\/uploads\/2014\/02\/jurados2-630x840.jpg 630w\" sizes=\"(max-width: 650px) 100vw, 650px\" \/><\/p>\n<p><strong>Daniel Lazo<\/strong> por su parte hizo gala de sus mejores interpretaciones y manifest\u00f3 sentirse privilegiado de tener como compositor de su primer tema a Gianmarco.\u201cMi admiraci\u00f3n hacia \u00e9l ha sido grande toda la vida y ahora que lo puedo tener casi todos los d\u00edas, crece a\u00fan m\u00e1s. Es un ser extraordinario de quien aprendo d\u00eda a d\u00eda. Hemos avanzando s\u00faper r\u00e1pido por lo que la canci\u00f3n ya est\u00e1 casi en la puerta del horno y de no mediar inconvenientes ser\u00e1 lanzada antes de la primera quincena de marzo. El videoclip, tambi\u00e9n se viene en breve\u201d, expres\u00f3 el joven cantante.<\/p>\n<p>La guerrera y la nueva voz del Per\u00fa, indicaron sentirse muy contentos por ser parte de este evento que impulsa a j\u00f3venes talentosos a dar a conocer al gran artista que tienen dentro.<\/p>\n<p><img class=\" size-full wp-image-3452\" style=\"display: block; margin-left: auto; margin-right: auto;\" title=\"Michelle Soifer y Daniel Lazo\" src=\"http:\/\/209.133.219.102\/~newunicas\/blog\/wp-content\/uploads\/2014\/02\/jurados3.jpg\" alt=\"Michelle Soifer y Daniel Lazo ser\u00e1n los jurados de La Voz de Lima Norte\" width=\"600\" srcset=\"https:\/\/www.unicas.pe\/blog\/wp-content\/uploads\/2014\/02\/jurados3.jpg 650w, https:\/\/www.unicas.pe\/blog\/wp-content\/uploads\/2014\/02\/jurados3-225x300.jpg 225w, https:\/\/www.unicas.pe\/blog\/wp-content\/uploads\/2014\/02\/jurados3-316x420.jpg 316w, https:\/\/www.unicas.pe\/blog\/wp-content\/uploads\/2014\/02\/jurados3-631x840.jpg 631w\" sizes=\"(max-width: 650px) 100vw, 650px\" \/><\/p>\n<p><strong>Las inscripciones ya comenzaron y estar\u00e1 abierta hasta el 2 de marzo<\/strong>. Los requisitos son: tener entre 18 hasta 25 a\u00f1os de edad y vivir en Lima Norte. Solo tienen que acercarse los concursantes al m\u00f3dulo de informes de MegaPlaza, ubicado frente al Tottus del primer nivel con la copia de su DNI, su recibo de luz, agua o tel\u00e9fono que certifique su residencia. Los ganadores ser\u00e1n premiados con S\/. 10 mil, S\/. 5 mil y S\/. 2 mil 500 soles.\u00a0<\/p>\n<p>No te puedes perder esta gran oportunidad que MegaPlaza tiene organizado para todos los j\u00f3venes talentosos. An\u00edmate a participar para que seas el siguiente ganador de \u00a0\u201cLa Voz de Lima Norte\u201d.<\/p>\n<p><img class=\" size-full wp-image-3453\" style=\"display: block; margin-left: auto; margin-right: auto;\" title=\"Michelle Soifer y Daniel Lazo\" src=\"http:\/\/209.133.219.102\/~newunicas\/blog\/wp-content\/uploads\/2014\/02\/jurados4.jpg\" alt=\"Michelle Soifer y Daniel Lazo ser\u00e1n los jurados de La Voz de Lima Norte\" width=\"600\" srcset=\"https:\/\/www.unicas.pe\/blog\/wp-content\/uploads\/2014\/02\/jurados4.jpg 650w, https:\/\/www.unicas.pe\/blog\/wp-content\/uploads\/2014\/02\/jurados4-300x225.jpg 300w, https:\/\/www.unicas.pe\/blog\/wp-content\/uploads\/2014\/02\/jurados4-80x60.jpg 80w, https:\/\/www.unicas.pe\/blog\/wp-content\/uploads\/2014\/02\/jurados4-160x120.jpg 160w, https:\/\/www.unicas.pe\/blog\/wp-content\/uploads\/2014\/02\/jurados4-265x198.jpg 265w, https:\/\/www.unicas.pe\/blog\/wp-content\/uploads\/2014\/02\/jurados4-559x420.jpg 559w\" sizes=\"(max-width: 650px) 100vw, 650px\" \/><\/p>\n","protected":false},"excerpt":{"rendered":"<p>Dos talentosos cantantes unen su experiencia y su pasi\u00f3n por la m\u00fasica, para ser jurados de la sexta edici\u00f3n \u201cLa Voz de Lima Norte\u201d.<\/p>\n","protected":false},"author":1,"featured_media":3450,"comment_status":"closed","ping_status":"open","sticky":false,"template":"","format":"standard","meta":[],"categories":[22],"tags":[4785,4784,4514,4786,519,4787,4783,4641,3876,359,4469],"yoast_head":"<!-- This site is optimized with the Yoast SEO plugin v16.0.2 - https:\/\/yoast.com\/wordpress\/plugins\/seo\/ -->\n<link rel=\"canonical\" href=\"https:\/\/www.unicas.pe\/blog\/mega-plaza-concurso-la-voz-de-lima-norte\/\" \/>\n<meta property=\"og:locale\" content=\"es_ES\" \/>\n<meta property=\"og:type\" content=\"article\" \/>\n<meta property=\"og:title\" content=\"Michelle Soifer y Daniel Lazo ser\u00e1n los jurados de \u201cLa Voz de Lima Norte\u201d - Unicas\" \/>\n<meta property=\"og:description\" content=\"Dos talentosos cantantes unen su experiencia y su pasi\u00f3n por la m\u00fasica, para ser jurados de la sexta edici\u00f3n \u201cLa Voz de Lima Norte\u201d.\" \/>\n<meta property=\"og:url\" content=\"https:\/\/www.unicas.pe\/blog\/mega-plaza-concurso-la-voz-de-lima-norte\/\" \/>\n<meta property=\"og:site_name\" content=\"Unicas\" \/>\n<meta property=\"article:published_time\" content=\"2014-02-21T02:28:38+00:00\" \/>\n<meta property=\"article:modified_time\" content=\"2019-01-11T02:35:31+00:00\" \/>\n<meta property=\"og:image\" content=\"https:\/\/www.unicas.pe\/blog\/wp-content\/uploads\/2014\/02\/jurados1.jpg\" \/>\n\t<meta property=\"og:image:width\" content=\"650\" \/>\n\t<meta property=\"og:image:height\" content=\"487\" \/>\n<meta name=\"twitter:card\" content=\"summary_large_image\" \/>\n<meta name=\"twitter:label1\" content=\"Tiempo de lectura\">\n\t<meta name=\"twitter:data1\" content=\"2 minutos\">\n<script type=\"application\/ld+json\" class=\"yoast-schema-graph\">{\"@context\":\"https:\/\/schema.org\",\"@graph\":[{\"@type\":\"WebSite\",\"@id\":\"https:\/\/www.unicas.pe\/blog\/#website\",\"url\":\"https:\/\/www.unicas.pe\/blog\/\",\"name\":\"Unicas\",\"description\":\"Blog sobre belleza, maquillaje, moda, y mucho m\\u00e1s.\",\"potentialAction\":[{\"@type\":\"SearchAction\",\"target\":\"https:\/\/www.unicas.pe\/blog\/?s={search_term_string}\",\"query-input\":\"required name=search_term_string\"}],\"inLanguage\":\"es\"},{\"@type\":\"ImageObject\",\"@id\":\"https:\/\/www.unicas.pe\/blog\/mega-plaza-concurso-la-voz-de-lima-norte\/#primaryimage\",\"inLanguage\":\"es\",\"url\":\"https:\/\/www.unicas.pe\/blog\/wp-content\/uploads\/2014\/02\/jurados1.jpg\",\"width\":650,\"height\":487,\"caption\":\"Michelle Soifer y Daniel Lazo\"},{\"@type\":\"WebPage\",\"@id\":\"https:\/\/www.unicas.pe\/blog\/mega-plaza-concurso-la-voz-de-lima-norte\/#webpage\",\"url\":\"https:\/\/www.unicas.pe\/blog\/mega-plaza-concurso-la-voz-de-lima-norte\/\",\"name\":\"Michelle Soifer y Daniel Lazo ser\\u00e1n los jurados de \\u201cLa Voz de Lima Norte\\u201d - Unicas\",\"isPartOf\":{\"@id\":\"https:\/\/www.unicas.pe\/blog\/#website\"},\"primaryImageOfPage\":{\"@id\":\"https:\/\/www.unicas.pe\/blog\/mega-plaza-concurso-la-voz-de-lima-norte\/#primaryimage\"},\"datePublished\":\"2014-02-21T02:28:38+00:00\",\"dateModified\":\"2019-01-11T02:35:31+00:00\",\"author\":{\"@id\":\"https:\/\/www.unicas.pe\/blog\/#\/schema\/person\/60053f595c6d0f3f11ed52a01c961cdb\"},\"breadcrumb\":{\"@id\":\"https:\/\/www.unicas.pe\/blog\/mega-plaza-concurso-la-voz-de-lima-norte\/#breadcrumb\"},\"inLanguage\":\"es\",\"potentialAction\":[{\"@type\":\"ReadAction\",\"target\":[\"https:\/\/www.unicas.pe\/blog\/mega-plaza-concurso-la-voz-de-lima-norte\/\"]}]},{\"@type\":\"BreadcrumbList\",\"@id\":\"https:\/\/www.unicas.pe\/blog\/mega-plaza-concurso-la-voz-de-lima-norte\/#breadcrumb\",\"itemListElement\":[{\"@type\":\"ListItem\",\"position\":1,\"item\":{\"@type\":\"WebPage\",\"@id\":\"https:\/\/www.unicas.pe\/blog\/\",\"url\":\"https:\/\/www.unicas.pe\/blog\/\",\"name\":\"Portada\"}},{\"@type\":\"ListItem\",\"position\":2,\"item\":{\"@type\":\"WebPage\",\"@id\":\"https:\/\/www.unicas.pe\/blog\/mega-plaza-concurso-la-voz-de-lima-norte\/\",\"url\":\"https:\/\/www.unicas.pe\/blog\/mega-plaza-concurso-la-voz-de-lima-norte\/\",\"name\":\"Michelle Soifer y Daniel Lazo ser\\u00e1n los jurados de \\u201cLa Voz de Lima Norte\\u201d\"}}]},{\"@type\":\"Person\",\"@id\":\"https:\/\/www.unicas.pe\/blog\/#\/schema\/person\/60053f595c6d0f3f11ed52a01c961cdb\",\"name\":\"Katty Gora\",\"image\":{\"@type\":\"ImageObject\",\"@id\":\"https:\/\/www.unicas.pe\/blog\/#personlogo\",\"inLanguage\":\"es\",\"url\":\"https:\/\/www.unicas.pe\/blog\/wp-content\/uploads\/2019\/01\/168392_1786370415133_366102_n-150x150.jpg\",\"caption\":\"Katty Gora\"},\"description\":\"Katty is a passionate blogger, diving into different subjects like fashion, trends, styles and news and more. Discover the great insight of a true quality blogger!\"}]}<\/script>\n<!-- \/ Yoast SEO plugin. -->","_links":{"self":[{"href":"https:\/\/www.unicas.pe\/blog\/wp-json\/wp\/v2\/posts\/3454"}],"collection":[{"href":"https:\/\/www.unicas.pe\/blog\/wp-json\/wp\/v2\/posts"}],"about":[{"href":"https:\/\/www.unicas.pe\/blog\/wp-json\/wp\/v2\/types\/post"}],"author":[{"embeddable":true,"href":"https:\/\/www.unicas.pe\/blog\/wp-json\/wp\/v2\/users\/1"}],"replies":[{"embeddable":true,"href":"https:\/\/www.unicas.pe\/blog\/wp-json\/wp\/v2\/comments?post=3454"}],"version-history":[{"count":1,"href":"https:\/\/www.unicas.pe\/blog\/wp-json\/wp\/v2\/posts\/3454\/revisions"}],"predecessor-version":[{"id":10679,"href":"https:\/\/www.unicas.pe\/blog\/wp-json\/wp\/v2\/posts\/3454\/revisions\/10679"}],"wp:featuredmedia":[{"embeddable":true,"href":"https:\/\/www.unicas.pe\/blog\/wp-json\/wp\/v2\/media\/3450"}],"wp:attachment":[{"href":"https:\/\/www.unicas.pe\/blog\/wp-json\/wp\/v2\/media?parent=3454"}],"wp:term":[{"taxonomy":"category","embeddable":true,"href":"https:\/\/www.unicas.pe\/blog\/wp-json\/wp\/v2\/categories?post=3454"},{"taxonomy":"post_tag","embeddable":true,"href":"https:\/\/www.unicas.pe\/blog\/wp-json\/wp\/v2\/tags?post=3454"}],"curies":[{"name":"wp","href":"https:\/\/api.w.org\/{rel}","templated":true}]}}