{"id":3545,"date":"2014-02-25T21:13:53","date_gmt":"2014-02-26T02:13:53","guid":{"rendered":"http:\/\/209.133.219.102\/~newunicas\/blog\/2014\/02\/25\/l-bel-lederm-tratamiento-facial\/"},"modified":"2019-01-10T21:35:29","modified_gmt":"2019-01-11T02:35:29","slug":"l-bel-lederm-tratamiento-facial","status":"publish","type":"post","link":"https:\/\/www.unicas.pe\/blog\/l-bel-lederm-tratamiento-facial\/","title":{"rendered":"En tan solo 7 d\u00edas puedes rejuvenecer tu piel con Lederm de L\u2019Bel [Video]"},"content":{"rendered":"<p style=\"text-align: justify;\"><strong>L\u2019Bel<\/strong> trae su nueva f\u00f3rmula rejuvenecedora, Lederm. En s\u00f3lo 7 d\u00edas podr\u00e1s fortalecer tu piel y darle firmeza. Ent\u00e9rate c\u00f3mo en esta nota de Unicas.pe<\/p>\n<p>  <!--more-->  <\/p>\n<p style=\"text-align: center;\"><iframe loading=\"lazy\" src=\"\/\/www.youtube.com\/embed\/0n___AB3h1I\" width=\"560\" height=\"315\" frameborder=\"0\" allowfullscreen=\"\"><\/iframe><\/p>\n<p>En solo siete d\u00edas ser\u00e1s la mujer que so\u00f1aste. Esas l\u00edneas de expresi\u00f3n que han invadido tu rostro, desaparecer\u00e1n en poco tiempo. Arrugas, falta de firmeza e imperfecciones en el rostro ya no ser\u00e1n el dolor cabeza. Una revolucionaria f\u00f3rmula ha sido desarrollada \u00a0por el equipo de innovaci\u00f3n <strong>L\u2019Bel<\/strong>. Esta marca apasionada por el cuidado de la piel, junto a especialistas y reconocidos dermat\u00f3logos franceses liderados por el Dr. Philippe Humbert, han desarrollado, <strong>Lederm, f\u00f3rmula que combina lo mejor de la dermatolog\u00eda con la cosm\u00e9tica<\/strong>. Los resultados son exitosos: <strong>en tan solo siete d\u00edas, la piel rejuvenece<\/strong>.<\/p>\n<p><img class=\" size-full wp-image-3538\" style=\"display: block; margin-left: auto; margin-right: auto;\" title=\"En tan solo 7 d\u00edas puedes rejuvenecer tu piel con Lederm de L\u2019Bel [Video]\" src=\"http:\/\/209.133.219.102\/~newunicas\/blog\/wp-content\/uploads\/2014\/02\/Lederm-1.jpg\" alt=\"En tan solo 7 d\u00edas puedes rejuvenecer tu piel\" width=\"600\" srcset=\"https:\/\/www.unicas.pe\/blog\/wp-content\/uploads\/2014\/02\/Lederm-1.jpg 650w, https:\/\/www.unicas.pe\/blog\/wp-content\/uploads\/2014\/02\/Lederm-1-300x200.jpg 300w, https:\/\/www.unicas.pe\/blog\/wp-content\/uploads\/2014\/02\/Lederm-1-648x434.jpg 648w, https:\/\/www.unicas.pe\/blog\/wp-content\/uploads\/2014\/02\/Lederm-1-629x420.jpg 629w\" sizes=\"(max-width: 650px) 100vw, 650px\" \/><\/p>\n<p>Cada piel tiene una personalidad propia. Adem\u00e1s seg\u00fan la edad de cada mujer, el rostro est\u00e1 expuesto a diversos factores que causan la degeneraci\u00f3n prematura. Estos factores son: el estr\u00e9s, oxidaci\u00f3n y la acumulaci\u00f3n de toxinas. <strong>L\u2019Bel<\/strong>, ha elaborado tres tipos de l\u00edneas de Lederm, para que cada mujer pueda utilizarlo de acuerdo a su edad: <strong>Lederm 35+, Lederm 45+ y Lederm 55+<\/strong>.<\/p>\n<p><img class=\" size-full wp-image-3539\" style=\"display: block; margin-left: auto; margin-right: auto;\" title=\"En tan solo 7 d\u00edas puedes rejuvenecer tu piel con Lederm de L\u2019Bel [Video]\" src=\"http:\/\/209.133.219.102\/~newunicas\/blog\/wp-content\/uploads\/2014\/02\/Lederm-2.jpg\" alt=\"En tan solo 7 d\u00edas puedes rejuvenecer tu piel\" width=\"600\" srcset=\"https:\/\/www.unicas.pe\/blog\/wp-content\/uploads\/2014\/02\/Lederm-2.jpg 650w, https:\/\/www.unicas.pe\/blog\/wp-content\/uploads\/2014\/02\/Lederm-2-300x200.jpg 300w, https:\/\/www.unicas.pe\/blog\/wp-content\/uploads\/2014\/02\/Lederm-2-648x434.jpg 648w, https:\/\/www.unicas.pe\/blog\/wp-content\/uploads\/2014\/02\/Lederm-2-629x420.jpg 629w\" sizes=\"(max-width: 650px) 100vw, 650px\" \/><\/p>\n<p><strong>35+<\/strong>: Revitaliza. Esta f\u00f3rmula activa los vitagenes que aumentan la producci\u00f3n de prote\u00ednas de defensa de las c\u00e9lulas, los tejidos y la piel. En siete d\u00edas tu piel estar\u00e1 m\u00e1s hidratada, revitalizada y sin arrugas.<\/p>\n<p><strong>45+<\/strong>: Reafirma. Este tipo de crema activa la producci\u00f3n de vimentina, una prote\u00edna que regenera y repara la piel. Adem\u00e1s la recupera y la reafirma. En pocos d\u00edas tendr\u00e1s una piel firme, luminosa y con menos arrugas.<\/p>\n<p><strong>55+<\/strong>Fortalece. Reduce la producci\u00f3n de progerina, una sustancia que se acumula en la piel con la edad y acelera el proceso de envejecimiento. En siete d\u00edas tu piel lucir\u00e1 m\u00e1s fuerte, firme el\u00e1stica y con menos arrugas.\u00a0<\/p>\n<p>Conversamos con Selma Aguilera, esteticista de <strong>L\u2019Bel<\/strong> sobre el cuidado de la piel. Ella nos recomend\u00f3 seis pasos importantes para realizar en la ma\u00f1ana y en la noche y \u00a0tener una piel saludable:<\/p>\n<p><img class=\" size-full wp-image-3540\" style=\"display: block; margin-left: auto; margin-right: auto;\" title=\"En tan solo 7 d\u00edas puedes rejuvenecer tu piel con Lederm de L\u2019Bel [Video]\" src=\"http:\/\/209.133.219.102\/~newunicas\/blog\/wp-content\/uploads\/2014\/02\/Lederm-3.jpg\" alt=\"En tan solo 7 d\u00edas puedes rejuvenecer tu piel\" width=\"600\" srcset=\"https:\/\/www.unicas.pe\/blog\/wp-content\/uploads\/2014\/02\/Lederm-3.jpg 650w, https:\/\/www.unicas.pe\/blog\/wp-content\/uploads\/2014\/02\/Lederm-3-300x200.jpg 300w, https:\/\/www.unicas.pe\/blog\/wp-content\/uploads\/2014\/02\/Lederm-3-648x434.jpg 648w, https:\/\/www.unicas.pe\/blog\/wp-content\/uploads\/2014\/02\/Lederm-3-629x420.jpg 629w\" sizes=\"(max-width: 650px) 100vw, 650px\" \/><\/p>\n<ol>\n<li>Primero es necesario saber qu\u00e9 tipo de piel tienes: seca o normal, grasa o mixta o piel grasa.<\/li>\n<li>Utilizar un desmaquillador si tienes el rostro con maquillaje.<\/li>\n<li>Debes aplicarte una crema limpiadora. El ambiente, el sol y otros factores pueden contaminar tu piel, por ello debes quitar esas impurezas.\u00a0<\/li>\n<li>En la ma\u00f1ana utiliza crema hidratante \u00a0y por la noche crema nutritiva.<\/li>\n<li>Tonificar el rostro. Evita el exceso de sudoraci\u00f3n en la piel.\u00a0<\/li>\n<li>Crema para el contorno de los ojos. Es importante para quitar esas patitas de gallo que salen cerca a los ojos.<\/li>\n<li>Finalmente aplicar <strong>Lederm<\/strong> seg\u00fan la edad que tengas. recuerda utilizar en los dos tipos que tienes: ma\u00f1ana o noche.<\/li>\n<li>Estos sencillos pasos no te quitar\u00e1n mucho tiempo. Si sigues estas recomendaciones en solo siete d\u00edas lucir\u00e1s una piel hermosa y agradable.<\/li>\n<\/ol>\n<p><img class=\" size-full wp-image-3541\" style=\"display: block; margin-left: auto; margin-right: auto;\" title=\"En tan solo 7 d\u00edas puedes rejuvenecer tu piel con Lederm de L\u2019Bel [Video]\" src=\"http:\/\/209.133.219.102\/~newunicas\/blog\/wp-content\/uploads\/2014\/02\/Lederm-4.jpg\" alt=\"En tan solo 7 d\u00edas puedes rejuvenecer tu piel\" width=\"600\" srcset=\"https:\/\/www.unicas.pe\/blog\/wp-content\/uploads\/2014\/02\/Lederm-4.jpg 650w, https:\/\/www.unicas.pe\/blog\/wp-content\/uploads\/2014\/02\/Lederm-4-300x200.jpg 300w, https:\/\/www.unicas.pe\/blog\/wp-content\/uploads\/2014\/02\/Lederm-4-648x434.jpg 648w, https:\/\/www.unicas.pe\/blog\/wp-content\/uploads\/2014\/02\/Lederm-4-629x420.jpg 629w\" sizes=\"(max-width: 650px) 100vw, 650px\" \/><\/p>\n<p><strong>L\u2019Bel<\/strong> te brinda esta nueva f\u00f3rmula contra arrugas que ya revoluciona el mercado de la est\u00e9tica y de la belleza. <strong>Lederm<\/strong>, es un tratamiento especializado por edad, que debes usarlo en el d\u00eda y en la noche para que en solo siete d\u00edas puedes ver el resultado.<\/p>\n<p>Si deseas ver el procedimiento del cuidado de tu piel, aqu\u00ed te lo mostramos para todas las chicas Unicas. pe que deseen verse radiantes en este verano.<\/p>\n<p><img class=\" size-full wp-image-3542\" style=\"display: block; margin-left: auto; margin-right: auto;\" title=\"En tan solo 7 d\u00edas puedes rejuvenecer tu piel con Lederm de L\u2019Bel [Video]\" src=\"http:\/\/209.133.219.102\/~newunicas\/blog\/wp-content\/uploads\/2014\/02\/Lederm-5.jpg\" alt=\"En tan solo 7 d\u00edas puedes rejuvenecer tu piel\" width=\"600\" srcset=\"https:\/\/www.unicas.pe\/blog\/wp-content\/uploads\/2014\/02\/Lederm-5.jpg 650w, https:\/\/www.unicas.pe\/blog\/wp-content\/uploads\/2014\/02\/Lederm-5-300x200.jpg 300w, https:\/\/www.unicas.pe\/blog\/wp-content\/uploads\/2014\/02\/Lederm-5-648x434.jpg 648w, https:\/\/www.unicas.pe\/blog\/wp-content\/uploads\/2014\/02\/Lederm-5-629x420.jpg 629w\" sizes=\"(max-width: 650px) 100vw, 650px\" \/><\/p>\n<p><img class=\" size-full wp-image-3543\" style=\"display: block; margin-left: auto; margin-right: auto;\" title=\"En tan solo 7 d\u00edas puedes rejuvenecer tu piel con Lederm de L\u2019Bel [Video]\" src=\"http:\/\/209.133.219.102\/~newunicas\/blog\/wp-content\/uploads\/2014\/02\/Lederm-6.jpg\" alt=\"En tan solo 7 d\u00edas puedes rejuvenecer tu piel\" width=\"600\" srcset=\"https:\/\/www.unicas.pe\/blog\/wp-content\/uploads\/2014\/02\/Lederm-6.jpg 650w, https:\/\/www.unicas.pe\/blog\/wp-content\/uploads\/2014\/02\/Lederm-6-300x200.jpg 300w, https:\/\/www.unicas.pe\/blog\/wp-content\/uploads\/2014\/02\/Lederm-6-648x434.jpg 648w, https:\/\/www.unicas.pe\/blog\/wp-content\/uploads\/2014\/02\/Lederm-6-629x420.jpg 629w\" sizes=\"(max-width: 650px) 100vw, 650px\" \/><\/p>\n<p><img class=\" size-full wp-image-3544\" style=\"display: block; margin-left: auto; margin-right: auto;\" title=\"En tan solo 7 d\u00edas puedes rejuvenecer tu piel con Lederm de L\u2019Bel [Video]\" src=\"http:\/\/209.133.219.102\/~newunicas\/blog\/wp-content\/uploads\/2014\/02\/Lederm-7.jpg\" alt=\"En tan solo 7 d\u00edas puedes rejuvenecer tu piel\" width=\"600\" srcset=\"https:\/\/www.unicas.pe\/blog\/wp-content\/uploads\/2014\/02\/Lederm-7.jpg 650w, https:\/\/www.unicas.pe\/blog\/wp-content\/uploads\/2014\/02\/Lederm-7-200x300.jpg 200w, https:\/\/www.unicas.pe\/blog\/wp-content\/uploads\/2014\/02\/Lederm-7-280x420.jpg 280w, https:\/\/www.unicas.pe\/blog\/wp-content\/uploads\/2014\/02\/Lederm-7-560x840.jpg 560w\" sizes=\"(max-width: 650px) 100vw, 650px\" \/><\/p>\n","protected":false},"excerpt":{"rendered":"<p>L\u2019Bel trae su nueva f\u00f3rmula rejuvenecedora, Lederm. En s\u00f3lo 7 d\u00edas podr\u00e1s fortalecer tu piel y darle firmeza. Ent\u00e9rate c\u00f3mo en esta nota de Unicas.pe<\/p>\n","protected":false},"author":1,"featured_media":3538,"comment_status":"closed","ping_status":"open","sticky":false,"template":"","format":"standard","meta":[],"categories":[9],"tags":[],"yoast_head":"<!-- This site is optimized with the Yoast SEO plugin v16.0.2 - https:\/\/yoast.com\/wordpress\/plugins\/seo\/ -->\n<link rel=\"canonical\" href=\"https:\/\/www.unicas.pe\/blog\/l-bel-lederm-tratamiento-facial\/\" \/>\n<meta property=\"og:locale\" content=\"es_ES\" \/>\n<meta property=\"og:type\" content=\"article\" \/>\n<meta property=\"og:title\" content=\"En tan solo 7 d\u00edas puedes rejuvenecer tu piel con Lederm de L\u2019Bel [Video] - Unicas\" \/>\n<meta property=\"og:description\" content=\"L\u2019Bel trae su nueva f\u00f3rmula rejuvenecedora, Lederm. En s\u00f3lo 7 d\u00edas podr\u00e1s fortalecer tu piel y darle firmeza. Ent\u00e9rate c\u00f3mo en esta nota de Unicas.pe\" \/>\n<meta property=\"og:url\" content=\"https:\/\/www.unicas.pe\/blog\/l-bel-lederm-tratamiento-facial\/\" \/>\n<meta property=\"og:site_name\" content=\"Unicas\" \/>\n<meta property=\"article:published_time\" content=\"2014-02-26T02:13:53+00:00\" \/>\n<meta property=\"article:modified_time\" content=\"2019-01-11T02:35:29+00:00\" \/>\n<meta property=\"og:image\" content=\"https:\/\/www.unicas.pe\/blog\/wp-content\/uploads\/2014\/02\/Lederm-1.jpg\" \/>\n\t<meta property=\"og:image:width\" content=\"650\" \/>\n\t<meta property=\"og:image:height\" content=\"434\" \/>\n<meta name=\"twitter:card\" content=\"summary_large_image\" \/>\n<meta name=\"twitter:label1\" content=\"Tiempo de lectura\">\n\t<meta name=\"twitter:data1\" content=\"3 minutos\">\n<script type=\"application\/ld+json\" class=\"yoast-schema-graph\">{\"@context\":\"https:\/\/schema.org\",\"@graph\":[{\"@type\":\"WebSite\",\"@id\":\"https:\/\/www.unicas.pe\/blog\/#website\",\"url\":\"https:\/\/www.unicas.pe\/blog\/\",\"name\":\"Unicas\",\"description\":\"Blog sobre belleza, maquillaje, moda, y mucho m\\u00e1s.\",\"potentialAction\":[{\"@type\":\"SearchAction\",\"target\":\"https:\/\/www.unicas.pe\/blog\/?s={search_term_string}\",\"query-input\":\"required name=search_term_string\"}],\"inLanguage\":\"es\"},{\"@type\":\"ImageObject\",\"@id\":\"https:\/\/www.unicas.pe\/blog\/l-bel-lederm-tratamiento-facial\/#primaryimage\",\"inLanguage\":\"es\",\"url\":\"https:\/\/www.unicas.pe\/blog\/wp-content\/uploads\/2014\/02\/Lederm-1.jpg\",\"width\":650,\"height\":434,\"caption\":\"En tan solo 7 d\\u00edas puedes rejuvenecer tu piel con Lederm de L\\u2019Bel [Video]\"},{\"@type\":\"WebPage\",\"@id\":\"https:\/\/www.unicas.pe\/blog\/l-bel-lederm-tratamiento-facial\/#webpage\",\"url\":\"https:\/\/www.unicas.pe\/blog\/l-bel-lederm-tratamiento-facial\/\",\"name\":\"En tan solo 7 d\\u00edas puedes rejuvenecer tu piel con Lederm de L\\u2019Bel [Video] - Unicas\",\"isPartOf\":{\"@id\":\"https:\/\/www.unicas.pe\/blog\/#website\"},\"primaryImageOfPage\":{\"@id\":\"https:\/\/www.unicas.pe\/blog\/l-bel-lederm-tratamiento-facial\/#primaryimage\"},\"datePublished\":\"2014-02-26T02:13:53+00:00\",\"dateModified\":\"2019-01-11T02:35:29+00:00\",\"author\":{\"@id\":\"https:\/\/www.unicas.pe\/blog\/#\/schema\/person\/60053f595c6d0f3f11ed52a01c961cdb\"},\"breadcrumb\":{\"@id\":\"https:\/\/www.unicas.pe\/blog\/l-bel-lederm-tratamiento-facial\/#breadcrumb\"},\"inLanguage\":\"es\",\"potentialAction\":[{\"@type\":\"ReadAction\",\"target\":[\"https:\/\/www.unicas.pe\/blog\/l-bel-lederm-tratamiento-facial\/\"]}]},{\"@type\":\"BreadcrumbList\",\"@id\":\"https:\/\/www.unicas.pe\/blog\/l-bel-lederm-tratamiento-facial\/#breadcrumb\",\"itemListElement\":[{\"@type\":\"ListItem\",\"position\":1,\"item\":{\"@type\":\"WebPage\",\"@id\":\"https:\/\/www.unicas.pe\/blog\/\",\"url\":\"https:\/\/www.unicas.pe\/blog\/\",\"name\":\"Portada\"}},{\"@type\":\"ListItem\",\"position\":2,\"item\":{\"@type\":\"WebPage\",\"@id\":\"https:\/\/www.unicas.pe\/blog\/l-bel-lederm-tratamiento-facial\/\",\"url\":\"https:\/\/www.unicas.pe\/blog\/l-bel-lederm-tratamiento-facial\/\",\"name\":\"En tan solo 7 d\\u00edas puedes rejuvenecer tu piel con Lederm de L\\u2019Bel [Video]\"}}]},{\"@type\":\"Person\",\"@id\":\"https:\/\/www.unicas.pe\/blog\/#\/schema\/person\/60053f595c6d0f3f11ed52a01c961cdb\",\"name\":\"Katty Gora\",\"image\":{\"@type\":\"ImageObject\",\"@id\":\"https:\/\/www.unicas.pe\/blog\/#personlogo\",\"inLanguage\":\"es\",\"url\":\"https:\/\/www.unicas.pe\/blog\/wp-content\/uploads\/2019\/01\/168392_1786370415133_366102_n-150x150.jpg\",\"caption\":\"Katty Gora\"},\"description\":\"Katty is a passionate blogger, diving into different subjects like fashion, trends, styles and news and more. Discover the great insight of a true quality blogger!\"}]}<\/script>\n<!-- \/ Yoast SEO plugin. -->","_links":{"self":[{"href":"https:\/\/www.unicas.pe\/blog\/wp-json\/wp\/v2\/posts\/3545"}],"collection":[{"href":"https:\/\/www.unicas.pe\/blog\/wp-json\/wp\/v2\/posts"}],"about":[{"href":"https:\/\/www.unicas.pe\/blog\/wp-json\/wp\/v2\/types\/post"}],"author":[{"embeddable":true,"href":"https:\/\/www.unicas.pe\/blog\/wp-json\/wp\/v2\/users\/1"}],"replies":[{"embeddable":true,"href":"https:\/\/www.unicas.pe\/blog\/wp-json\/wp\/v2\/comments?post=3545"}],"version-history":[{"count":1,"href":"https:\/\/www.unicas.pe\/blog\/wp-json\/wp\/v2\/posts\/3545\/revisions"}],"predecessor-version":[{"id":10657,"href":"https:\/\/www.unicas.pe\/blog\/wp-json\/wp\/v2\/posts\/3545\/revisions\/10657"}],"wp:featuredmedia":[{"embeddable":true,"href":"https:\/\/www.unicas.pe\/blog\/wp-json\/wp\/v2\/media\/3538"}],"wp:attachment":[{"href":"https:\/\/www.unicas.pe\/blog\/wp-json\/wp\/v2\/media?parent=3545"}],"wp:term":[{"taxonomy":"category","embeddable":true,"href":"https:\/\/www.unicas.pe\/blog\/wp-json\/wp\/v2\/categories?post=3545"},{"taxonomy":"post_tag","embeddable":true,"href":"https:\/\/www.unicas.pe\/blog\/wp-json\/wp\/v2\/tags?post=3545"}],"curies":[{"name":"wp","href":"https:\/\/api.w.org\/{rel}","templated":true}]}}