{"id":3659,"date":"2014-02-28T00:01:02","date_gmt":"2014-02-28T05:01:02","guid":{"rendered":"http:\/\/209.133.219.102\/~newunicas\/blog\/2014\/02\/28\/milan-fashion-week\/"},"modified":"2019-01-10T21:35:28","modified_gmt":"2019-01-11T02:35:28","slug":"milan-fashion-week","status":"publish","type":"post","link":"https:\/\/www.unicas.pe\/blog\/milan-fashion-week\/","title":{"rendered":"Lo mejor de la moda: Mil\u00e1n Fashion Week 2014"},"content":{"rendered":"<p style=\"text-align: justify;\">El mundo de la moda estuvo de fiesta. El Mil\u00e1n Fashion Week 2014 junt\u00f3 una vez m\u00e1s a reconocidos dise\u00f1adores de la moda del mundo.<\/p>\n<p>  <!--more-->  <\/p>\n<p style=\"text-align: justify;\">El <strong>Fashion Week aterriz\u00f3 en Italia<\/strong>. El mundo de la moda se visti\u00f3 de gala en el exclusivo evento Mil\u00e1n Fashion Week 2014. Mil\u00e1n es el tercer lugar en la serie de las cuatro grandes semanas internacionales de la moda. Antes fue Londres y Par\u00eds. El evento se inici\u00f3 el pasado 18 de febrero y dur\u00f3 hasta el 23 de febrero.\u00a0<\/p>\n<p style=\"text-align: justify;\">La moda italiana present\u00f3 sus nuevas tendencias de temporada primavera-verano y oto\u00f1o-invierno 2014. Sus dise\u00f1os estuvieron relacionados a formas geom\u00e9tricas, flores, como tambi\u00e9n el total look denim y el sport urbano. Esto demostr\u00f3 que Italia mantiene su esencia Barroca. Veamos los mejor de lo que fue la pasarela en Mil\u00e1n.<\/p>\n<p><img class=\" size-full wp-image-3635\" style=\"display: block; margin-left: auto; margin-right: auto;\" title=\"Lo mejor de la moda: Mil\u00e1n Fashion Week 2014\" src=\"http:\/\/209.133.219.102\/~newunicas\/blog\/wp-content\/uploads\/2014\/02\/FOTO1.jpg\" alt=\"Lo mejor de la moda: Mil\u00e1n Fashion Week 2014\" width=\"600\" srcset=\"https:\/\/www.unicas.pe\/blog\/wp-content\/uploads\/2014\/02\/FOTO1.jpg 650w, https:\/\/www.unicas.pe\/blog\/wp-content\/uploads\/2014\/02\/FOTO1-185x300.jpg 185w, https:\/\/www.unicas.pe\/blog\/wp-content\/uploads\/2014\/02\/FOTO1-630x1024.jpg 630w, https:\/\/www.unicas.pe\/blog\/wp-content\/uploads\/2014\/02\/FOTO1-259x420.jpg 259w, https:\/\/www.unicas.pe\/blog\/wp-content\/uploads\/2014\/02\/FOTO1-517x840.jpg 517w\" sizes=\"(max-width: 650px) 100vw, 650px\" \/><\/p>\n<p><img class=\" size-full wp-image-3636\" style=\"display: block; margin-left: auto; margin-right: auto;\" title=\"Lo mejor de la moda: Mil\u00e1n Fashion Week 2014\" src=\"http:\/\/209.133.219.102\/~newunicas\/blog\/wp-content\/uploads\/2014\/02\/FOTO2.jpg\" alt=\"Lo mejor de la moda: Mil\u00e1n Fashion Week 2014\" width=\"600\" srcset=\"https:\/\/www.unicas.pe\/blog\/wp-content\/uploads\/2014\/02\/FOTO2.jpg 650w, https:\/\/www.unicas.pe\/blog\/wp-content\/uploads\/2014\/02\/FOTO2-201x300.jpg 201w, https:\/\/www.unicas.pe\/blog\/wp-content\/uploads\/2014\/02\/FOTO2-281x420.jpg 281w, https:\/\/www.unicas.pe\/blog\/wp-content\/uploads\/2014\/02\/FOTO2-562x840.jpg 562w\" sizes=\"(max-width: 650px) 100vw, 650px\" \/><\/p>\n<p><img class=\" size-full wp-image-3637\" style=\"display: block; margin-left: auto; margin-right: auto;\" title=\"Lo mejor de la moda: Mil\u00e1n Fashion Week 2014\" src=\"http:\/\/209.133.219.102\/~newunicas\/blog\/wp-content\/uploads\/2014\/02\/FOTO3.jpg\" alt=\"Lo mejor de la moda: Mil\u00e1n Fashion Week 2014\" width=\"600\" srcset=\"https:\/\/www.unicas.pe\/blog\/wp-content\/uploads\/2014\/02\/FOTO3.jpg 650w, https:\/\/www.unicas.pe\/blog\/wp-content\/uploads\/2014\/02\/FOTO3-300x197.jpg 300w, https:\/\/www.unicas.pe\/blog\/wp-content\/uploads\/2014\/02\/FOTO3-648x427.jpg 648w, https:\/\/www.unicas.pe\/blog\/wp-content\/uploads\/2014\/02\/FOTO3-639x420.jpg 639w\" sizes=\"(max-width: 650px) 100vw, 650px\" \/><\/p>\n<p><strong>Gucci<\/strong>. La colecci\u00f3n de Frida Giannini para Gucci demostr\u00f3 el modo en el que se pueden fusionar los c\u00f3digos del rubro sportwear con la sofisticaci\u00f3n de una marca.<\/p>\n<p><img class=\" size-full wp-image-3638\" style=\"display: block; margin-left: auto; margin-right: auto;\" title=\"Lo mejor de la moda: Mil\u00e1n Fashion Week 2014\" src=\"http:\/\/209.133.219.102\/~newunicas\/blog\/wp-content\/uploads\/2014\/02\/FOTO4.jpg\" alt=\"Lo mejor de la moda: Mil\u00e1n Fashion Week 2014\" width=\"600\" srcset=\"https:\/\/www.unicas.pe\/blog\/wp-content\/uploads\/2014\/02\/FOTO4.jpg 650w, https:\/\/www.unicas.pe\/blog\/wp-content\/uploads\/2014\/02\/FOTO4-186x300.jpg 186w, https:\/\/www.unicas.pe\/blog\/wp-content\/uploads\/2014\/02\/FOTO4-636x1024.jpg 636w, https:\/\/www.unicas.pe\/blog\/wp-content\/uploads\/2014\/02\/FOTO4-261x420.jpg 261w, https:\/\/www.unicas.pe\/blog\/wp-content\/uploads\/2014\/02\/FOTO4-521x840.jpg 521w\" sizes=\"(max-width: 650px) 100vw, 650px\" \/><\/p>\n<p><img class=\" size-full wp-image-3639\" style=\"display: block; margin-left: auto; margin-right: auto;\" title=\"Lo mejor de la moda: Mil\u00e1n Fashion Week 2014\" src=\"http:\/\/209.133.219.102\/~newunicas\/blog\/wp-content\/uploads\/2014\/02\/FOTO5.jpg\" alt=\"Lo mejor de la moda: Mil\u00e1n Fashion Week 2014\" width=\"600\" srcset=\"https:\/\/www.unicas.pe\/blog\/wp-content\/uploads\/2014\/02\/FOTO5.jpg 650w, https:\/\/www.unicas.pe\/blog\/wp-content\/uploads\/2014\/02\/FOTO5-300x259.jpg 300w, https:\/\/www.unicas.pe\/blog\/wp-content\/uploads\/2014\/02\/FOTO5-534x462.jpg 534w, https:\/\/www.unicas.pe\/blog\/wp-content\/uploads\/2014\/02\/FOTO5-487x420.jpg 487w\" sizes=\"(max-width: 650px) 100vw, 650px\" \/><\/p>\n<p><img class=\" size-full wp-image-3640\" style=\"display: block; margin-left: auto; margin-right: auto;\" title=\"Lo mejor de la moda: Mil\u00e1n Fashion Week 2014\" src=\"http:\/\/209.133.219.102\/~newunicas\/blog\/wp-content\/uploads\/2014\/02\/FOTO6.jpg\" alt=\"Lo mejor de la moda: Mil\u00e1n Fashion Week 2014\" width=\"600\" srcset=\"https:\/\/www.unicas.pe\/blog\/wp-content\/uploads\/2014\/02\/FOTO6.jpg 650w, https:\/\/www.unicas.pe\/blog\/wp-content\/uploads\/2014\/02\/FOTO6-300x229.jpg 300w, https:\/\/www.unicas.pe\/blog\/wp-content\/uploads\/2014\/02\/FOTO6-80x60.jpg 80w, https:\/\/www.unicas.pe\/blog\/wp-content\/uploads\/2014\/02\/FOTO6-550x420.jpg 550w\" sizes=\"(max-width: 650px) 100vw, 650px\" \/><\/p>\n<p><strong>Dolce &amp; Gabbana<\/strong>. Inspirados en la relaci\u00f3n entre Sicilia y el mundo antiguo griego.<\/p>\n<p><img class=\" size-full wp-image-3641\" style=\"display: block; margin-left: auto; margin-right: auto;\" title=\"Lo mejor de la moda: Mil\u00e1n Fashion Week 2014\" src=\"http:\/\/209.133.219.102\/~newunicas\/blog\/wp-content\/uploads\/2014\/02\/FOTO7.jpg\" alt=\"Lo mejor de la moda: Mil\u00e1n Fashion Week 2014\" width=\"600\" srcset=\"https:\/\/www.unicas.pe\/blog\/wp-content\/uploads\/2014\/02\/FOTO7.jpg 650w, https:\/\/www.unicas.pe\/blog\/wp-content\/uploads\/2014\/02\/FOTO7-191x300.jpg 191w, https:\/\/www.unicas.pe\/blog\/wp-content\/uploads\/2014\/02\/FOTO7-267x420.jpg 267w, https:\/\/www.unicas.pe\/blog\/wp-content\/uploads\/2014\/02\/FOTO7-534x840.jpg 534w\" sizes=\"(max-width: 650px) 100vw, 650px\" \/><\/p>\n<p><img class=\" size-full wp-image-3642\" style=\"display: block; margin-left: auto; margin-right: auto;\" title=\"Lo mejor de la moda: Mil\u00e1n Fashion Week 2014\" src=\"http:\/\/209.133.219.102\/~newunicas\/blog\/wp-content\/uploads\/2014\/02\/FOTO8.jpg\" alt=\"Lo mejor de la moda: Mil\u00e1n Fashion Week 2014\" width=\"600\" srcset=\"https:\/\/www.unicas.pe\/blog\/wp-content\/uploads\/2014\/02\/FOTO8.jpg 650w, https:\/\/www.unicas.pe\/blog\/wp-content\/uploads\/2014\/02\/FOTO8-199x300.jpg 199w, https:\/\/www.unicas.pe\/blog\/wp-content\/uploads\/2014\/02\/FOTO8-279x420.jpg 279w, https:\/\/www.unicas.pe\/blog\/wp-content\/uploads\/2014\/02\/FOTO8-558x840.jpg 558w\" sizes=\"(max-width: 650px) 100vw, 650px\" \/><\/p>\n<p><img class=\" size-full wp-image-3643\" style=\"display: block; margin-left: auto; margin-right: auto;\" title=\"Lo mejor de la moda: Mil\u00e1n Fashion Week 2014\" src=\"http:\/\/209.133.219.102\/~newunicas\/blog\/wp-content\/uploads\/2014\/02\/FOTO9.jpg\" alt=\"Lo mejor de la moda: Mil\u00e1n Fashion Week 2014\" width=\"600\" srcset=\"https:\/\/www.unicas.pe\/blog\/wp-content\/uploads\/2014\/02\/FOTO9.jpg 650w, https:\/\/www.unicas.pe\/blog\/wp-content\/uploads\/2014\/02\/FOTO9-300x197.jpg 300w, https:\/\/www.unicas.pe\/blog\/wp-content\/uploads\/2014\/02\/FOTO9-648x427.jpg 648w, https:\/\/www.unicas.pe\/blog\/wp-content\/uploads\/2014\/02\/FOTO9-639x420.jpg 639w\" sizes=\"(max-width: 650px) 100vw, 650px\" \/><\/p>\n<p><strong>Prada<\/strong>. Miuccia subi\u00f3 a la pasarela su costado m\u00e1s activista, as\u00ed fue que declar\u00f3 que con esta propuesta \u00abQuiero inspirar a las mujeres a luchar\u201d<\/p>\n<p><img class=\" size-full wp-image-3644\" style=\"display: block; margin-left: auto; margin-right: auto;\" title=\"Lo mejor de la moda: Mil\u00e1n Fashion Week 2014\" src=\"http:\/\/209.133.219.102\/~newunicas\/blog\/wp-content\/uploads\/2014\/02\/FOTO10.jpg\" alt=\"Lo mejor de la moda: Mil\u00e1n Fashion Week 2014\" width=\"600\" srcset=\"https:\/\/www.unicas.pe\/blog\/wp-content\/uploads\/2014\/02\/FOTO10.jpg 650w, https:\/\/www.unicas.pe\/blog\/wp-content\/uploads\/2014\/02\/FOTO10-199x300.jpg 199w, https:\/\/www.unicas.pe\/blog\/wp-content\/uploads\/2014\/02\/FOTO10-279x420.jpg 279w, https:\/\/www.unicas.pe\/blog\/wp-content\/uploads\/2014\/02\/FOTO10-558x840.jpg 558w\" sizes=\"(max-width: 650px) 100vw, 650px\" \/><\/p>\n<p><img class=\" size-full wp-image-3645\" style=\"display: block; margin-left: auto; margin-right: auto;\" title=\"Lo mejor de la moda: Mil\u00e1n Fashion Week 2014\" src=\"http:\/\/209.133.219.102\/~newunicas\/blog\/wp-content\/uploads\/2014\/02\/FOTO11.jpg\" alt=\"Lo mejor de la moda: Mil\u00e1n Fashion Week 2014\" width=\"600\" srcset=\"https:\/\/www.unicas.pe\/blog\/wp-content\/uploads\/2014\/02\/FOTO11.jpg 650w, https:\/\/www.unicas.pe\/blog\/wp-content\/uploads\/2014\/02\/FOTO11-300x224.jpg 300w, https:\/\/www.unicas.pe\/blog\/wp-content\/uploads\/2014\/02\/FOTO11-80x60.jpg 80w, https:\/\/www.unicas.pe\/blog\/wp-content\/uploads\/2014\/02\/FOTO11-160x120.jpg 160w, https:\/\/www.unicas.pe\/blog\/wp-content\/uploads\/2014\/02\/FOTO11-265x198.jpg 265w, https:\/\/www.unicas.pe\/blog\/wp-content\/uploads\/2014\/02\/FOTO11-530x396.jpg 530w, https:\/\/www.unicas.pe\/blog\/wp-content\/uploads\/2014\/02\/FOTO11-648x486.jpg 648w, https:\/\/www.unicas.pe\/blog\/wp-content\/uploads\/2014\/02\/FOTO11-562x420.jpg 562w\" sizes=\"(max-width: 650px) 100vw, 650px\" \/><\/p>\n<p><img class=\" size-full wp-image-3646\" style=\"display: block; margin-left: auto; margin-right: auto;\" title=\"Lo mejor de la moda: Mil\u00e1n Fashion Week 2014\" src=\"http:\/\/209.133.219.102\/~newunicas\/blog\/wp-content\/uploads\/2014\/02\/FOTO12.jpg\" alt=\"Lo mejor de la moda: Mil\u00e1n Fashion Week 2014\" width=\"600\" srcset=\"https:\/\/www.unicas.pe\/blog\/wp-content\/uploads\/2014\/02\/FOTO12.jpg 650w, https:\/\/www.unicas.pe\/blog\/wp-content\/uploads\/2014\/02\/FOTO12-300x169.jpg 300w, https:\/\/www.unicas.pe\/blog\/wp-content\/uploads\/2014\/02\/FOTO12-648x366.jpg 648w\" sizes=\"(max-width: 650px) 100vw, 650px\" \/><\/p>\n<p><strong>Versace<\/strong>. Donatella presume de la fusi\u00f3n perfecta entre el hard rock y la m\u00e1s pura expresi\u00f3n de romanticismo<\/p>\n<p><img class=\" size-full wp-image-3647\" style=\"display: block; margin-left: auto; margin-right: auto;\" title=\"Lo mejor de la moda: Mil\u00e1n Fashion Week 2014\" src=\"http:\/\/209.133.219.102\/~newunicas\/blog\/wp-content\/uploads\/2014\/02\/FOTO13.jpg\" alt=\"Lo mejor de la moda: Mil\u00e1n Fashion Week 2014\" width=\"600\" srcset=\"https:\/\/www.unicas.pe\/blog\/wp-content\/uploads\/2014\/02\/FOTO13.jpg 650w, https:\/\/www.unicas.pe\/blog\/wp-content\/uploads\/2014\/02\/FOTO13-200x300.jpg 200w, https:\/\/www.unicas.pe\/blog\/wp-content\/uploads\/2014\/02\/FOTO13-280x420.jpg 280w, https:\/\/www.unicas.pe\/blog\/wp-content\/uploads\/2014\/02\/FOTO13-561x840.jpg 561w\" sizes=\"(max-width: 650px) 100vw, 650px\" \/><\/p>\n<p><img class=\" size-full wp-image-3648\" style=\"display: block; margin-left: auto; margin-right: auto;\" title=\"Lo mejor de la moda: Mil\u00e1n Fashion Week 2014\" src=\"http:\/\/209.133.219.102\/~newunicas\/blog\/wp-content\/uploads\/2014\/02\/FOTO14.jpg\" alt=\"Lo mejor de la moda: Mil\u00e1n Fashion Week 2014\" width=\"600\" srcset=\"https:\/\/www.unicas.pe\/blog\/wp-content\/uploads\/2014\/02\/FOTO14.jpg 650w, https:\/\/www.unicas.pe\/blog\/wp-content\/uploads\/2014\/02\/FOTO14-300x200.jpg 300w, https:\/\/www.unicas.pe\/blog\/wp-content\/uploads\/2014\/02\/FOTO14-648x433.jpg 648w, https:\/\/www.unicas.pe\/blog\/wp-content\/uploads\/2014\/02\/FOTO14-630x420.jpg 630w\" sizes=\"(max-width: 650px) 100vw, 650px\" \/><\/p>\n<p><img class=\" size-full wp-image-3649\" style=\"display: block; margin-left: auto; margin-right: auto;\" title=\"Lo mejor de la moda: Mil\u00e1n Fashion Week 2014\" src=\"http:\/\/209.133.219.102\/~newunicas\/blog\/wp-content\/uploads\/2014\/02\/FOTO15.jpg\" alt=\"Lo mejor de la moda: Mil\u00e1n Fashion Week 2014\" width=\"600\" srcset=\"https:\/\/www.unicas.pe\/blog\/wp-content\/uploads\/2014\/02\/FOTO15.jpg 650w, https:\/\/www.unicas.pe\/blog\/wp-content\/uploads\/2014\/02\/FOTO15-199x300.jpg 199w, https:\/\/www.unicas.pe\/blog\/wp-content\/uploads\/2014\/02\/FOTO15-279x420.jpg 279w, https:\/\/www.unicas.pe\/blog\/wp-content\/uploads\/2014\/02\/FOTO15-558x840.jpg 558w\" sizes=\"(max-width: 650px) 100vw, 650px\" \/><\/p>\n<p><strong>Alberta Ferretti<\/strong>. Al ver su colecci\u00f3n inspirada en la est\u00e9tica del sur de Italia, sus dise\u00f1os transmiten dos conceptos centrales: \u201cenerg\u00eda positiva y la alegr\u00eda de vivir\u201d.\u00a0<\/p>\n<p><img class=\" size-full wp-image-3650\" style=\"display: block; margin-left: auto; margin-right: auto;\" title=\"Lo mejor de la moda: Mil\u00e1n Fashion Week 2014\" src=\"http:\/\/209.133.219.102\/~newunicas\/blog\/wp-content\/uploads\/2014\/02\/FOTO16.jpg\" alt=\"Lo mejor de la moda: Mil\u00e1n Fashion Week 2014\" width=\"600\" srcset=\"https:\/\/www.unicas.pe\/blog\/wp-content\/uploads\/2014\/02\/FOTO16.jpg 650w, https:\/\/www.unicas.pe\/blog\/wp-content\/uploads\/2014\/02\/FOTO16-200x300.jpg 200w, https:\/\/www.unicas.pe\/blog\/wp-content\/uploads\/2014\/02\/FOTO16-281x420.jpg 281w, https:\/\/www.unicas.pe\/blog\/wp-content\/uploads\/2014\/02\/FOTO16-561x840.jpg 561w\" sizes=\"(max-width: 650px) 100vw, 650px\" \/><\/p>\n<p><img class=\" size-full wp-image-3651\" style=\"display: block; margin-left: auto; margin-right: auto;\" title=\"Lo mejor de la moda: Mil\u00e1n Fashion Week 2014\" src=\"http:\/\/209.133.219.102\/~newunicas\/blog\/wp-content\/uploads\/2014\/02\/FOTO17.jpg\" alt=\"Lo mejor de la moda: Mil\u00e1n Fashion Week 2014\" width=\"600\" srcset=\"https:\/\/www.unicas.pe\/blog\/wp-content\/uploads\/2014\/02\/FOTO17.jpg 650w, https:\/\/www.unicas.pe\/blog\/wp-content\/uploads\/2014\/02\/FOTO17-200x300.jpg 200w, https:\/\/www.unicas.pe\/blog\/wp-content\/uploads\/2014\/02\/FOTO17-280x420.jpg 280w, https:\/\/www.unicas.pe\/blog\/wp-content\/uploads\/2014\/02\/FOTO17-560x840.jpg 560w\" sizes=\"(max-width: 650px) 100vw, 650px\" \/><\/p>\n<p><img class=\" size-full wp-image-3652\" style=\"display: block; margin-left: auto; margin-right: auto;\" title=\"Lo mejor de la moda: Mil\u00e1n Fashion Week 2014\" src=\"http:\/\/209.133.219.102\/~newunicas\/blog\/wp-content\/uploads\/2014\/02\/FOTO18.jpg\" alt=\"Lo mejor de la moda: Mil\u00e1n Fashion Week 2014\" width=\"600\" srcset=\"https:\/\/www.unicas.pe\/blog\/wp-content\/uploads\/2014\/02\/FOTO18.jpg 650w, https:\/\/www.unicas.pe\/blog\/wp-content\/uploads\/2014\/02\/FOTO18-200x300.jpg 200w, https:\/\/www.unicas.pe\/blog\/wp-content\/uploads\/2014\/02\/FOTO18-280x420.jpg 280w, https:\/\/www.unicas.pe\/blog\/wp-content\/uploads\/2014\/02\/FOTO18-560x840.jpg 560w\" sizes=\"(max-width: 650px) 100vw, 650px\" \/><\/p>\n<p><strong>Max Mara<\/strong>. Propuso una silueta de l\u00edneas limpias donde primaron las faldas con largo \u201cmidi\u201d y los abrigos con aire minimalista propios de los a\u00f1os 90s<\/p>\n<p><img class=\" size-full wp-image-3653\" style=\"display: block; margin-left: auto; margin-right: auto;\" title=\"Lo mejor de la moda: Mil\u00e1n Fashion Week 2014\" src=\"http:\/\/209.133.219.102\/~newunicas\/blog\/wp-content\/uploads\/2014\/02\/FOTO19.jpg\" alt=\"Lo mejor de la moda: Mil\u00e1n Fashion Week 2014\" width=\"600\" srcset=\"https:\/\/www.unicas.pe\/blog\/wp-content\/uploads\/2014\/02\/FOTO19.jpg 650w, https:\/\/www.unicas.pe\/blog\/wp-content\/uploads\/2014\/02\/FOTO19-243x300.jpg 243w, https:\/\/www.unicas.pe\/blog\/wp-content\/uploads\/2014\/02\/FOTO19-324x400.jpg 324w, https:\/\/www.unicas.pe\/blog\/wp-content\/uploads\/2014\/02\/FOTO19-648x800.jpg 648w, https:\/\/www.unicas.pe\/blog\/wp-content\/uploads\/2014\/02\/FOTO19-340x420.jpg 340w\" sizes=\"(max-width: 650px) 100vw, 650px\" \/><\/p>\n<p><img class=\" size-full wp-image-3654\" style=\"display: block; margin-left: auto; margin-right: auto;\" title=\"Lo mejor de la moda: Mil\u00e1n Fashion Week 2014\" src=\"http:\/\/209.133.219.102\/~newunicas\/blog\/wp-content\/uploads\/2014\/02\/FOTO20.jpg\" alt=\"Lo mejor de la moda: Mil\u00e1n Fashion Week 2014\" width=\"600\" srcset=\"https:\/\/www.unicas.pe\/blog\/wp-content\/uploads\/2014\/02\/FOTO20.jpg 650w, https:\/\/www.unicas.pe\/blog\/wp-content\/uploads\/2014\/02\/FOTO20-200x300.jpg 200w, https:\/\/www.unicas.pe\/blog\/wp-content\/uploads\/2014\/02\/FOTO20-281x420.jpg 281w, https:\/\/www.unicas.pe\/blog\/wp-content\/uploads\/2014\/02\/FOTO20-561x840.jpg 561w\" sizes=\"(max-width: 650px) 100vw, 650px\" \/><\/p>\n<p><img class=\" size-full wp-image-3655\" style=\"display: block; margin-left: auto; margin-right: auto;\" title=\"Lo mejor de la moda: Mil\u00e1n Fashion Week 2014\" src=\"http:\/\/209.133.219.102\/~newunicas\/blog\/wp-content\/uploads\/2014\/02\/FOTO21.jpg\" alt=\"Lo mejor de la moda: Mil\u00e1n Fashion Week 2014\" width=\"600\" srcset=\"https:\/\/www.unicas.pe\/blog\/wp-content\/uploads\/2014\/02\/FOTO21.jpg 650w, https:\/\/www.unicas.pe\/blog\/wp-content\/uploads\/2014\/02\/FOTO21-300x174.jpg 300w, https:\/\/www.unicas.pe\/blog\/wp-content\/uploads\/2014\/02\/FOTO21-648x377.jpg 648w\" sizes=\"(max-width: 650px) 100vw, 650px\" \/><\/p>\n<p><strong>Emilio Pucci.<\/strong> Su colecci\u00f3n logra integrar el streetwear con el sportwear sin perder el equilibrio entre lo nuevo y la identidad de la marca.\u00a0<\/p>\n<p><img class=\" size-full wp-image-3656\" style=\"display: block; margin-left: auto; margin-right: auto;\" title=\"Lo mejor de la moda: Mil\u00e1n Fashion Week 2014\" src=\"http:\/\/209.133.219.102\/~newunicas\/blog\/wp-content\/uploads\/2014\/02\/FOTO22.jpg\" alt=\"Lo mejor de la moda: Mil\u00e1n Fashion Week 2014\" width=\"600\" srcset=\"https:\/\/www.unicas.pe\/blog\/wp-content\/uploads\/2014\/02\/FOTO22.jpg 650w, https:\/\/www.unicas.pe\/blog\/wp-content\/uploads\/2014\/02\/FOTO22-200x300.jpg 200w, https:\/\/www.unicas.pe\/blog\/wp-content\/uploads\/2014\/02\/FOTO22-281x420.jpg 281w, https:\/\/www.unicas.pe\/blog\/wp-content\/uploads\/2014\/02\/FOTO22-561x840.jpg 561w\" sizes=\"(max-width: 650px) 100vw, 650px\" \/><\/p>\n<p><img class=\" size-full wp-image-3657\" style=\"display: block; margin-left: auto; margin-right: auto;\" title=\"Lo mejor de la moda: Mil\u00e1n Fashion Week 2014\" src=\"http:\/\/209.133.219.102\/~newunicas\/blog\/wp-content\/uploads\/2014\/02\/FOTO23.jpg\" alt=\"Lo mejor de la moda: Mil\u00e1n Fashion Week 2014\" width=\"600\" srcset=\"https:\/\/www.unicas.pe\/blog\/wp-content\/uploads\/2014\/02\/FOTO23.jpg 650w, https:\/\/www.unicas.pe\/blog\/wp-content\/uploads\/2014\/02\/FOTO23-243x300.jpg 243w, https:\/\/www.unicas.pe\/blog\/wp-content\/uploads\/2014\/02\/FOTO23-324x400.jpg 324w, https:\/\/www.unicas.pe\/blog\/wp-content\/uploads\/2014\/02\/FOTO23-648x800.jpg 648w, https:\/\/www.unicas.pe\/blog\/wp-content\/uploads\/2014\/02\/FOTO23-340x420.jpg 340w\" sizes=\"(max-width: 650px) 100vw, 650px\" \/><\/p>\n<p><img class=\" size-full wp-image-3658\" style=\"display: block; margin-left: auto; margin-right: auto;\" title=\"Lo mejor de la moda: Mil\u00e1n Fashion Week 2014\" src=\"http:\/\/209.133.219.102\/~newunicas\/blog\/wp-content\/uploads\/2014\/02\/FOTO24.jpg\" alt=\"Lo mejor de la moda: Mil\u00e1n Fashion Week 2014\" width=\"600\" srcset=\"https:\/\/www.unicas.pe\/blog\/wp-content\/uploads\/2014\/02\/FOTO24.jpg 650w, https:\/\/www.unicas.pe\/blog\/wp-content\/uploads\/2014\/02\/FOTO24-300x197.jpg 300w, https:\/\/www.unicas.pe\/blog\/wp-content\/uploads\/2014\/02\/FOTO24-648x427.jpg 648w, https:\/\/www.unicas.pe\/blog\/wp-content\/uploads\/2014\/02\/FOTO24-639x420.jpg 639w\" sizes=\"(max-width: 650px) 100vw, 650px\" \/><\/p>\n<p><strong>Giorgio Armani<\/strong>. Inspirado en la suavidad y fortaleza de las mujeres \u201cdos caras de una misma moneda\u201d, en palabras del dise\u00f1ador, propone una colecci\u00f3n que se desplaza entre tonos neutros y fuertes\u00a0\u00a0<\/p>\n","protected":false},"excerpt":{"rendered":"<p>El mundo de la moda estuvo de fiesta. El Mil\u00e1n Fashion Week 2014 junt\u00f3 una vez m\u00e1s a reconocidos dise\u00f1adores de la moda del mundo.<\/p>\n","protected":false},"author":1,"featured_media":3635,"comment_status":"closed","ping_status":"open","sticky":false,"template":"","format":"standard","meta":[],"categories":[26],"tags":[5028,3373,5030,5026,1892,3113,5027,1636,3097,5029],"yoast_head":"<!-- This site is optimized with the Yoast SEO plugin v16.0.2 - https:\/\/yoast.com\/wordpress\/plugins\/seo\/ -->\n<link rel=\"canonical\" href=\"https:\/\/www.unicas.pe\/blog\/milan-fashion-week\/\" \/>\n<meta property=\"og:locale\" content=\"es_ES\" \/>\n<meta property=\"og:type\" content=\"article\" \/>\n<meta property=\"og:title\" content=\"Lo mejor de la moda: Mil\u00e1n Fashion Week 2014 - Unicas\" \/>\n<meta property=\"og:description\" content=\"El mundo de la moda estuvo de fiesta. El Mil\u00e1n Fashion Week 2014 junt\u00f3 una vez m\u00e1s a reconocidos dise\u00f1adores de la moda del mundo.\" \/>\n<meta property=\"og:url\" content=\"https:\/\/www.unicas.pe\/blog\/milan-fashion-week\/\" \/>\n<meta property=\"og:site_name\" content=\"Unicas\" \/>\n<meta property=\"article:published_time\" content=\"2014-02-28T05:01:02+00:00\" \/>\n<meta property=\"article:modified_time\" content=\"2019-01-11T02:35:28+00:00\" \/>\n<meta property=\"og:image\" content=\"https:\/\/www.unicas.pe\/blog\/wp-content\/uploads\/2014\/02\/FOTO1.jpg\" \/>\n\t<meta property=\"og:image:width\" content=\"650\" \/>\n\t<meta property=\"og:image:height\" content=\"1056\" \/>\n<meta name=\"twitter:card\" content=\"summary_large_image\" \/>\n<meta name=\"twitter:label1\" content=\"Tiempo de lectura\">\n\t<meta name=\"twitter:data1\" content=\"2 minutos\">\n<script type=\"application\/ld+json\" class=\"yoast-schema-graph\">{\"@context\":\"https:\/\/schema.org\",\"@graph\":[{\"@type\":\"WebSite\",\"@id\":\"https:\/\/www.unicas.pe\/blog\/#website\",\"url\":\"https:\/\/www.unicas.pe\/blog\/\",\"name\":\"Unicas\",\"description\":\"Blog sobre belleza, maquillaje, moda, y mucho m\\u00e1s.\",\"potentialAction\":[{\"@type\":\"SearchAction\",\"target\":\"https:\/\/www.unicas.pe\/blog\/?s={search_term_string}\",\"query-input\":\"required name=search_term_string\"}],\"inLanguage\":\"es\"},{\"@type\":\"ImageObject\",\"@id\":\"https:\/\/www.unicas.pe\/blog\/milan-fashion-week\/#primaryimage\",\"inLanguage\":\"es\",\"url\":\"https:\/\/www.unicas.pe\/blog\/wp-content\/uploads\/2014\/02\/FOTO1.jpg\",\"width\":650,\"height\":1056,\"caption\":\"Lo mejor de la moda: Mil\\u00e1n Fashion Week 2014\"},{\"@type\":\"WebPage\",\"@id\":\"https:\/\/www.unicas.pe\/blog\/milan-fashion-week\/#webpage\",\"url\":\"https:\/\/www.unicas.pe\/blog\/milan-fashion-week\/\",\"name\":\"Lo mejor de la moda: Mil\\u00e1n Fashion Week 2014 - Unicas\",\"isPartOf\":{\"@id\":\"https:\/\/www.unicas.pe\/blog\/#website\"},\"primaryImageOfPage\":{\"@id\":\"https:\/\/www.unicas.pe\/blog\/milan-fashion-week\/#primaryimage\"},\"datePublished\":\"2014-02-28T05:01:02+00:00\",\"dateModified\":\"2019-01-11T02:35:28+00:00\",\"author\":{\"@id\":\"https:\/\/www.unicas.pe\/blog\/#\/schema\/person\/60053f595c6d0f3f11ed52a01c961cdb\"},\"breadcrumb\":{\"@id\":\"https:\/\/www.unicas.pe\/blog\/milan-fashion-week\/#breadcrumb\"},\"inLanguage\":\"es\",\"potentialAction\":[{\"@type\":\"ReadAction\",\"target\":[\"https:\/\/www.unicas.pe\/blog\/milan-fashion-week\/\"]}]},{\"@type\":\"BreadcrumbList\",\"@id\":\"https:\/\/www.unicas.pe\/blog\/milan-fashion-week\/#breadcrumb\",\"itemListElement\":[{\"@type\":\"ListItem\",\"position\":1,\"item\":{\"@type\":\"WebPage\",\"@id\":\"https:\/\/www.unicas.pe\/blog\/\",\"url\":\"https:\/\/www.unicas.pe\/blog\/\",\"name\":\"Portada\"}},{\"@type\":\"ListItem\",\"position\":2,\"item\":{\"@type\":\"WebPage\",\"@id\":\"https:\/\/www.unicas.pe\/blog\/milan-fashion-week\/\",\"url\":\"https:\/\/www.unicas.pe\/blog\/milan-fashion-week\/\",\"name\":\"Lo mejor de la moda: Mil\\u00e1n Fashion Week 2014\"}}]},{\"@type\":\"Person\",\"@id\":\"https:\/\/www.unicas.pe\/blog\/#\/schema\/person\/60053f595c6d0f3f11ed52a01c961cdb\",\"name\":\"Katty Gora\",\"image\":{\"@type\":\"ImageObject\",\"@id\":\"https:\/\/www.unicas.pe\/blog\/#personlogo\",\"inLanguage\":\"es\",\"url\":\"https:\/\/www.unicas.pe\/blog\/wp-content\/uploads\/2019\/01\/168392_1786370415133_366102_n-150x150.jpg\",\"caption\":\"Katty Gora\"},\"description\":\"Katty is a passionate blogger, diving into different subjects like fashion, trends, styles and news and more. Discover the great insight of a true quality blogger!\"}]}<\/script>\n<!-- \/ Yoast SEO plugin. -->","_links":{"self":[{"href":"https:\/\/www.unicas.pe\/blog\/wp-json\/wp\/v2\/posts\/3659"}],"collection":[{"href":"https:\/\/www.unicas.pe\/blog\/wp-json\/wp\/v2\/posts"}],"about":[{"href":"https:\/\/www.unicas.pe\/blog\/wp-json\/wp\/v2\/types\/post"}],"author":[{"embeddable":true,"href":"https:\/\/www.unicas.pe\/blog\/wp-json\/wp\/v2\/users\/1"}],"replies":[{"embeddable":true,"href":"https:\/\/www.unicas.pe\/blog\/wp-json\/wp\/v2\/comments?post=3659"}],"version-history":[{"count":1,"href":"https:\/\/www.unicas.pe\/blog\/wp-json\/wp\/v2\/posts\/3659\/revisions"}],"predecessor-version":[{"id":10640,"href":"https:\/\/www.unicas.pe\/blog\/wp-json\/wp\/v2\/posts\/3659\/revisions\/10640"}],"wp:featuredmedia":[{"embeddable":true,"href":"https:\/\/www.unicas.pe\/blog\/wp-json\/wp\/v2\/media\/3635"}],"wp:attachment":[{"href":"https:\/\/www.unicas.pe\/blog\/wp-json\/wp\/v2\/media?parent=3659"}],"wp:term":[{"taxonomy":"category","embeddable":true,"href":"https:\/\/www.unicas.pe\/blog\/wp-json\/wp\/v2\/categories?post=3659"},{"taxonomy":"post_tag","embeddable":true,"href":"https:\/\/www.unicas.pe\/blog\/wp-json\/wp\/v2\/tags?post=3659"}],"curies":[{"name":"wp","href":"https:\/\/api.w.org\/{rel}","templated":true}]}}