{"id":382,"date":"2013-09-02T22:19:01","date_gmt":"2013-09-03T03:19:01","guid":{"rendered":"http:\/\/209.133.219.102\/~newunicas\/blog\/2013\/09\/02\/hombre-blazer-tendencia\/"},"modified":"2019-01-10T21:38:59","modified_gmt":"2019-01-11T02:38:59","slug":"hombre-blazer-tendencia","status":"publish","type":"post","link":"https:\/\/www.unicas.pe\/blog\/hombre-blazer-tendencia\/","title":{"rendered":"El blazer, un b\u00e1sico elegante y vers\u00e1til de moda para hombres"},"content":{"rendered":"<p>Un elemento b\u00e1sico para el guardarropa varonil, el blazer se ha convertido en una prenda que fusiona lo formal y casual en <strong>moda para hombres<\/strong>.<\/p>\n<p>  <!--more-->  <\/p>\n<p>Hoy en d\u00eda la moda se caracteriza por la diversidad de estilos y la versatilidad de las prendas. En el caso de la <strong>moda para hombres<\/strong> existen los blazers que dan ese toque de personalizaci\u00f3n al vestir, eternos reemplazos de los elegantes y siempre conocidos sacos.<\/p>\n<p><span style=\"line-height: 1.3em;\">Y es que el blazer es una pieza que se hizo mundialmente famosa a inicios del siglo XX, desde entonces es considerada en una prenda clave para cualquier guardarropa masculino. Adem\u00e1s de ser b\u00e1sica para cualquier tipo de situaciones, es la ambig\u00fcedad de sus funciones lo que ha caracteriza.<\/span><\/p>\n<p><span style=\"line-height: 1.3em;\">Resulta que, en ciertas ocasiones, puede tratarse de un acompa\u00f1ante formal. Definitivamente ayudar\u00e1 a distinguir a quien lo vista demostrando que se trata de una persona elegante.<\/span><\/p>\n<p><span style=\"line-height: 1.3em;\">Sin embargo, esta misma prenda sobre un polo oscuro y unos jeans celestes medio deste\u00f1idos indicar\u00e1n informalidad o rebeld\u00eda. Sencillamente, dependiendo de qui\u00e9n lo use y la ocasi\u00f3n en la que se encuentre, el blazer tendr\u00e1 un significado distinto.<\/span><\/p>\n<p><img class=\" size-full wp-image-381\" src=\"http:\/\/209.133.219.102\/~newunicas\/blog\/wp-content\/uploads\/2013\/09\/blazer_1.jpg\" title=\"El blazer, un b\u00e1sico elegante y vers\u00e1til de moda para hombres\" width=\"600\" srcset=\"https:\/\/www.unicas.pe\/blog\/wp-content\/uploads\/2013\/09\/blazer_1.jpg 650w, https:\/\/www.unicas.pe\/blog\/wp-content\/uploads\/2013\/09\/blazer_1-202x300.jpg 202w, https:\/\/www.unicas.pe\/blog\/wp-content\/uploads\/2013\/09\/blazer_1-283x420.jpg 283w, https:\/\/www.unicas.pe\/blog\/wp-content\/uploads\/2013\/09\/blazer_1-566x840.jpg 566w\" sizes=\"(max-width: 650px) 100vw, 650px\" \/><\/p>\n<p><span style=\"line-height: 1.3em;\">Desde un ejecutivo hasta un artista, el banquero o el publicista, quienquiera que lo lleve puesto le dar\u00e1 un significado especial a lo que quiera expresar a trav\u00e9s de su look. Como podemos ver la <\/span><strong style=\"line-height: 1.3em;\">moda<\/strong><span style=\"line-height: 1.3em;\"> en <\/span><strong style=\"line-height: 1.3em;\">hombres<\/strong><span style=\"line-height: 1.3em;\"> no es ajena a tendencias y sobre todo, estilos.<\/span><\/p>\n","protected":false},"excerpt":{"rendered":"<p>Un elemento b\u00e1sico para el guardarropa varonil, el blazer se ha convertido en una prenda que fusiona lo formal y casual en moda para hombres.<\/p>\n","protected":false},"author":1,"featured_media":381,"comment_status":"closed","ping_status":"open","sticky":false,"template":"","format":"standard","meta":[],"categories":[4],"tags":[440,443,439,82,431,444,441,442,445],"yoast_head":"<!-- This site is optimized with the Yoast SEO plugin v16.0.2 - https:\/\/yoast.com\/wordpress\/plugins\/seo\/ -->\n<link rel=\"canonical\" href=\"https:\/\/www.unicas.pe\/blog\/hombre-blazer-tendencia\/\" \/>\n<meta property=\"og:locale\" content=\"es_ES\" \/>\n<meta property=\"og:type\" content=\"article\" \/>\n<meta property=\"og:title\" content=\"El blazer, un b\u00e1sico elegante y vers\u00e1til de moda para hombres - Unicas\" \/>\n<meta property=\"og:description\" content=\"Un elemento b\u00e1sico para el guardarropa varonil, el blazer se ha convertido en una prenda que fusiona lo formal y casual en moda para hombres.\" \/>\n<meta property=\"og:url\" content=\"https:\/\/www.unicas.pe\/blog\/hombre-blazer-tendencia\/\" \/>\n<meta property=\"og:site_name\" content=\"Unicas\" \/>\n<meta property=\"article:published_time\" content=\"2013-09-03T03:19:01+00:00\" \/>\n<meta property=\"article:modified_time\" content=\"2019-01-11T02:38:59+00:00\" \/>\n<meta property=\"og:image\" content=\"https:\/\/www.unicas.pe\/blog\/wp-content\/uploads\/2013\/09\/blazer_1.jpg\" \/>\n\t<meta property=\"og:image:width\" content=\"650\" \/>\n\t<meta property=\"og:image:height\" content=\"965\" \/>\n<meta name=\"twitter:card\" content=\"summary_large_image\" \/>\n<meta name=\"twitter:label1\" content=\"Tiempo de lectura\">\n\t<meta name=\"twitter:data1\" content=\"1 minuto\">\n<script type=\"application\/ld+json\" class=\"yoast-schema-graph\">{\"@context\":\"https:\/\/schema.org\",\"@graph\":[{\"@type\":\"WebSite\",\"@id\":\"https:\/\/www.unicas.pe\/blog\/#website\",\"url\":\"https:\/\/www.unicas.pe\/blog\/\",\"name\":\"Unicas\",\"description\":\"Blog sobre belleza, maquillaje, moda, y mucho m\\u00e1s.\",\"potentialAction\":[{\"@type\":\"SearchAction\",\"target\":\"https:\/\/www.unicas.pe\/blog\/?s={search_term_string}\",\"query-input\":\"required name=search_term_string\"}],\"inLanguage\":\"es\"},{\"@type\":\"ImageObject\",\"@id\":\"https:\/\/www.unicas.pe\/blog\/hombre-blazer-tendencia\/#primaryimage\",\"inLanguage\":\"es\",\"url\":\"https:\/\/www.unicas.pe\/blog\/wp-content\/uploads\/2013\/09\/blazer_1.jpg\",\"width\":650,\"height\":965,\"caption\":\"El blazer, un b\\u00e1sico elegante y vers\\u00e1til de moda para hombres\"},{\"@type\":\"WebPage\",\"@id\":\"https:\/\/www.unicas.pe\/blog\/hombre-blazer-tendencia\/#webpage\",\"url\":\"https:\/\/www.unicas.pe\/blog\/hombre-blazer-tendencia\/\",\"name\":\"El blazer, un b\\u00e1sico elegante y vers\\u00e1til de moda para hombres - Unicas\",\"isPartOf\":{\"@id\":\"https:\/\/www.unicas.pe\/blog\/#website\"},\"primaryImageOfPage\":{\"@id\":\"https:\/\/www.unicas.pe\/blog\/hombre-blazer-tendencia\/#primaryimage\"},\"datePublished\":\"2013-09-03T03:19:01+00:00\",\"dateModified\":\"2019-01-11T02:38:59+00:00\",\"author\":{\"@id\":\"https:\/\/www.unicas.pe\/blog\/#\/schema\/person\/60053f595c6d0f3f11ed52a01c961cdb\"},\"breadcrumb\":{\"@id\":\"https:\/\/www.unicas.pe\/blog\/hombre-blazer-tendencia\/#breadcrumb\"},\"inLanguage\":\"es\",\"potentialAction\":[{\"@type\":\"ReadAction\",\"target\":[\"https:\/\/www.unicas.pe\/blog\/hombre-blazer-tendencia\/\"]}]},{\"@type\":\"BreadcrumbList\",\"@id\":\"https:\/\/www.unicas.pe\/blog\/hombre-blazer-tendencia\/#breadcrumb\",\"itemListElement\":[{\"@type\":\"ListItem\",\"position\":1,\"item\":{\"@type\":\"WebPage\",\"@id\":\"https:\/\/www.unicas.pe\/blog\/\",\"url\":\"https:\/\/www.unicas.pe\/blog\/\",\"name\":\"Portada\"}},{\"@type\":\"ListItem\",\"position\":2,\"item\":{\"@type\":\"WebPage\",\"@id\":\"https:\/\/www.unicas.pe\/blog\/hombre-blazer-tendencia\/\",\"url\":\"https:\/\/www.unicas.pe\/blog\/hombre-blazer-tendencia\/\",\"name\":\"El blazer, un b\\u00e1sico elegante y vers\\u00e1til de moda para hombres\"}}]},{\"@type\":\"Person\",\"@id\":\"https:\/\/www.unicas.pe\/blog\/#\/schema\/person\/60053f595c6d0f3f11ed52a01c961cdb\",\"name\":\"Katty Gora\",\"image\":{\"@type\":\"ImageObject\",\"@id\":\"https:\/\/www.unicas.pe\/blog\/#personlogo\",\"inLanguage\":\"es\",\"url\":\"https:\/\/www.unicas.pe\/blog\/wp-content\/uploads\/2019\/01\/168392_1786370415133_366102_n-150x150.jpg\",\"caption\":\"Katty Gora\"},\"description\":\"Katty is a passionate blogger, diving into different subjects like fashion, trends, styles and news and more. Discover the great insight of a true quality blogger!\"}]}<\/script>\n<!-- \/ Yoast SEO plugin. -->","_links":{"self":[{"href":"https:\/\/www.unicas.pe\/blog\/wp-json\/wp\/v2\/posts\/382"}],"collection":[{"href":"https:\/\/www.unicas.pe\/blog\/wp-json\/wp\/v2\/posts"}],"about":[{"href":"https:\/\/www.unicas.pe\/blog\/wp-json\/wp\/v2\/types\/post"}],"author":[{"embeddable":true,"href":"https:\/\/www.unicas.pe\/blog\/wp-json\/wp\/v2\/users\/1"}],"replies":[{"embeddable":true,"href":"https:\/\/www.unicas.pe\/blog\/wp-json\/wp\/v2\/comments?post=382"}],"version-history":[{"count":1,"href":"https:\/\/www.unicas.pe\/blog\/wp-json\/wp\/v2\/posts\/382\/revisions"}],"predecessor-version":[{"id":11487,"href":"https:\/\/www.unicas.pe\/blog\/wp-json\/wp\/v2\/posts\/382\/revisions\/11487"}],"wp:featuredmedia":[{"embeddable":true,"href":"https:\/\/www.unicas.pe\/blog\/wp-json\/wp\/v2\/media\/381"}],"wp:attachment":[{"href":"https:\/\/www.unicas.pe\/blog\/wp-json\/wp\/v2\/media?parent=382"}],"wp:term":[{"taxonomy":"category","embeddable":true,"href":"https:\/\/www.unicas.pe\/blog\/wp-json\/wp\/v2\/categories?post=382"},{"taxonomy":"post_tag","embeddable":true,"href":"https:\/\/www.unicas.pe\/blog\/wp-json\/wp\/v2\/tags?post=382"}],"curies":[{"name":"wp","href":"https:\/\/api.w.org\/{rel}","templated":true}]}}