{"id":389,"date":"2013-09-03T14:52:01","date_gmt":"2013-09-03T19:52:01","guid":{"rendered":"http:\/\/209.133.219.102\/~newunicas\/blog\/2013\/09\/03\/temporada-primavera-2013\/"},"modified":"2019-01-10T21:38:58","modified_gmt":"2019-01-11T02:38:58","slug":"temporada-primavera-2013","status":"publish","type":"post","link":"https:\/\/www.unicas.pe\/blog\/temporada-primavera-2013\/","title":{"rendered":"Moda primavera 2013: la ropa que no puede faltar en tu cl\u00f3set"},"content":{"rendered":"<p>La primavera est\u00e1 cerca con ella vienen nuevos modelos y estilos de <strong>ropa<\/strong> que estar\u00e1n de <strong>moda<\/strong> y no puedes dejar de tenerlos.<\/p>\n<p>  <!--more-->  <\/p>\n<p>Conocida como la \u00e9poca de transici\u00f3n, la primavera es la encargada de hacer campo para que el verano llegue. Consigo, la <strong>ropa<\/strong> de <strong>moda<\/strong> ser\u00e1 totalmente distinta y la alegr\u00eda que caracteriza a esta estaci\u00f3n se plasma en la tendencia de primavera para este a\u00f1o.<\/p>\n<p><span style=\"line-height: 1.3em;\">Una de las prendas que desde hace algunos a\u00f1os ha tomado gran protagonismo en esa \u00e9poca son los vestidos. Adem\u00e1s de ser de uso diario, se han concebido como piezas c\u00f3modas y, si el clima lo requiere, pueden ser hasta vers\u00e1tiles.<\/span><\/p>\n<p><span style=\"line-height: 1.3em;\">Nuestro armario abre paso a los colores vibrantes y tejidos livianos. Pero para este a\u00f1o, la tendencia nos transporta a los a\u00f1os 60, un peri\u00f3do lleno de cambios para la historia. Una prenda \u00edcono de esa \u00e9poca es la minifalda la cual se vuelve indispensable para esta estaci\u00f3n. Los vestidos y abrigos modernos y elegantes se suman a este conjunto.<\/span><\/p>\n<p><span style=\"line-height: 1.3em;\"><img loading=\"lazy\" class=\" size-full wp-image-386\" src=\"http:\/\/209.133.219.102\/~newunicas\/blog\/wp-content\/uploads\/2013\/09\/tendencia_primavera_2013.jpg\" alt=\"\" style=\"display: block; margin-left: auto; margin-right: auto;\" width=\"650\" height=\"360\" srcset=\"https:\/\/www.unicas.pe\/blog\/wp-content\/uploads\/2013\/09\/tendencia_primavera_2013.jpg 650w, https:\/\/www.unicas.pe\/blog\/wp-content\/uploads\/2013\/09\/tendencia_primavera_2013-300x166.jpg 300w, https:\/\/www.unicas.pe\/blog\/wp-content\/uploads\/2013\/09\/tendencia_primavera_2013-648x360.jpg 648w\" sizes=\"(max-width: 650px) 100vw, 650px\" \/><\/span><\/p>\n<p><span style=\"line-height: 1.3em;\">El lado bohemio lo ponen los a\u00f1os 70 a trav\u00e9s de vestidos boho, gasas y flecos que buscan darle comodidad al look. En cuanto a estampados los cambios no son tan dram\u00e1ticos, se sigue manteniendo los cuadros, flores, rayas y estampados como el animal print.<\/span><\/p>\n<p><img loading=\"lazy\" class=\" size-full wp-image-387\" src=\"http:\/\/209.133.219.102\/~newunicas\/blog\/wp-content\/uploads\/2013\/09\/tendencia_primavera_70.jpg\" width=\"650\" height=\"773\" style=\"display: block; margin-left: auto; margin-right: auto;\" srcset=\"https:\/\/www.unicas.pe\/blog\/wp-content\/uploads\/2013\/09\/tendencia_primavera_70.jpg 650w, https:\/\/www.unicas.pe\/blog\/wp-content\/uploads\/2013\/09\/tendencia_primavera_70-252x300.jpg 252w, https:\/\/www.unicas.pe\/blog\/wp-content\/uploads\/2013\/09\/tendencia_primavera_70-353x420.jpg 353w\" sizes=\"(max-width: 650px) 100vw, 650px\" \/><\/p>\n<p>Los colores que destacar\u00e1n para darle brillo a tu look es el blanco y negro, moderno y elegante propio de los a\u00f1os 60. Y para darle el toque divertido propio de esta estaci\u00f3n, los colores pasteles como el verde agua, el azul tocador, el amarillo pastel, el nude y el malva suave se apoderan de las prendas de la temporada.<\/p>\n<p><img loading=\"lazy\" class=\" size-full wp-image-388\" src=\"http:\/\/209.133.219.102\/~newunicas\/blog\/wp-content\/uploads\/2013\/09\/blanco_negro_tendencia_2013.jpg\" style=\"display: block; margin-left: auto; margin-right: auto;\" width=\"650\" height=\"297\" srcset=\"https:\/\/www.unicas.pe\/blog\/wp-content\/uploads\/2013\/09\/blanco_negro_tendencia_2013.jpg 650w, https:\/\/www.unicas.pe\/blog\/wp-content\/uploads\/2013\/09\/blanco_negro_tendencia_2013-300x137.jpg 300w, https:\/\/www.unicas.pe\/blog\/wp-content\/uploads\/2013\/09\/blanco_negro_tendencia_2013-648x297.jpg 648w\" sizes=\"(max-width: 650px) 100vw, 650px\" \/><\/p>\n<p>Toma nota de estos datos y haz espacio en tu cl\u00f3set para llenarlo con <strong>ropa<\/strong> nueva y sobre todo con lo \u00faltimo en <strong>moda<\/strong> para esta temporada primavera.<\/p>\n<p>\u00a0<\/p>\n<p>\u00a0<\/p>\n<p>\u00a0<\/p>\n","protected":false},"excerpt":{"rendered":"<p>La primavera est\u00e1 cerca con ella vienen nuevos modelos y estilos de ropa que estar\u00e1n de moda y no puedes dejar de tenerlos.<\/p>\n","protected":false},"author":1,"featured_media":386,"comment_status":"closed","ping_status":"open","sticky":false,"template":"","format":"standard","meta":[],"categories":[4],"tags":[454,87,82,431,455,453,456,83,452],"yoast_head":"<!-- This site is optimized with the Yoast SEO plugin v16.0.2 - https:\/\/yoast.com\/wordpress\/plugins\/seo\/ -->\n<link rel=\"canonical\" href=\"https:\/\/www.unicas.pe\/blog\/temporada-primavera-2013\/\" \/>\n<meta property=\"og:locale\" content=\"es_ES\" \/>\n<meta property=\"og:type\" content=\"article\" \/>\n<meta property=\"og:title\" content=\"Moda primavera 2013: la ropa que no puede faltar en tu cl\u00f3set - Unicas\" \/>\n<meta property=\"og:description\" content=\"La primavera est\u00e1 cerca con ella vienen nuevos modelos y estilos de ropa que estar\u00e1n de moda y no puedes dejar de tenerlos.\" \/>\n<meta property=\"og:url\" content=\"https:\/\/www.unicas.pe\/blog\/temporada-primavera-2013\/\" \/>\n<meta property=\"og:site_name\" content=\"Unicas\" \/>\n<meta property=\"article:published_time\" content=\"2013-09-03T19:52:01+00:00\" \/>\n<meta property=\"article:modified_time\" content=\"2019-01-11T02:38:58+00:00\" \/>\n<meta property=\"og:image\" content=\"https:\/\/www.unicas.pe\/blog\/wp-content\/uploads\/2013\/09\/tendencia_primavera_2013.jpg\" \/>\n\t<meta property=\"og:image:width\" content=\"650\" \/>\n\t<meta property=\"og:image:height\" content=\"360\" \/>\n<meta name=\"twitter:card\" content=\"summary_large_image\" \/>\n<meta name=\"twitter:label1\" content=\"Tiempo de lectura\">\n\t<meta name=\"twitter:data1\" content=\"2 minutos\">\n<script type=\"application\/ld+json\" class=\"yoast-schema-graph\">{\"@context\":\"https:\/\/schema.org\",\"@graph\":[{\"@type\":\"WebSite\",\"@id\":\"https:\/\/www.unicas.pe\/blog\/#website\",\"url\":\"https:\/\/www.unicas.pe\/blog\/\",\"name\":\"Unicas\",\"description\":\"Blog sobre belleza, maquillaje, moda, y mucho m\\u00e1s.\",\"potentialAction\":[{\"@type\":\"SearchAction\",\"target\":\"https:\/\/www.unicas.pe\/blog\/?s={search_term_string}\",\"query-input\":\"required name=search_term_string\"}],\"inLanguage\":\"es\"},{\"@type\":\"ImageObject\",\"@id\":\"https:\/\/www.unicas.pe\/blog\/temporada-primavera-2013\/#primaryimage\",\"inLanguage\":\"es\",\"url\":\"https:\/\/www.unicas.pe\/blog\/wp-content\/uploads\/2013\/09\/tendencia_primavera_2013.jpg\",\"width\":650,\"height\":360},{\"@type\":\"WebPage\",\"@id\":\"https:\/\/www.unicas.pe\/blog\/temporada-primavera-2013\/#webpage\",\"url\":\"https:\/\/www.unicas.pe\/blog\/temporada-primavera-2013\/\",\"name\":\"Moda primavera 2013: la ropa que no puede faltar en tu cl\\u00f3set - Unicas\",\"isPartOf\":{\"@id\":\"https:\/\/www.unicas.pe\/blog\/#website\"},\"primaryImageOfPage\":{\"@id\":\"https:\/\/www.unicas.pe\/blog\/temporada-primavera-2013\/#primaryimage\"},\"datePublished\":\"2013-09-03T19:52:01+00:00\",\"dateModified\":\"2019-01-11T02:38:58+00:00\",\"author\":{\"@id\":\"https:\/\/www.unicas.pe\/blog\/#\/schema\/person\/60053f595c6d0f3f11ed52a01c961cdb\"},\"breadcrumb\":{\"@id\":\"https:\/\/www.unicas.pe\/blog\/temporada-primavera-2013\/#breadcrumb\"},\"inLanguage\":\"es\",\"potentialAction\":[{\"@type\":\"ReadAction\",\"target\":[\"https:\/\/www.unicas.pe\/blog\/temporada-primavera-2013\/\"]}]},{\"@type\":\"BreadcrumbList\",\"@id\":\"https:\/\/www.unicas.pe\/blog\/temporada-primavera-2013\/#breadcrumb\",\"itemListElement\":[{\"@type\":\"ListItem\",\"position\":1,\"item\":{\"@type\":\"WebPage\",\"@id\":\"https:\/\/www.unicas.pe\/blog\/\",\"url\":\"https:\/\/www.unicas.pe\/blog\/\",\"name\":\"Portada\"}},{\"@type\":\"ListItem\",\"position\":2,\"item\":{\"@type\":\"WebPage\",\"@id\":\"https:\/\/www.unicas.pe\/blog\/temporada-primavera-2013\/\",\"url\":\"https:\/\/www.unicas.pe\/blog\/temporada-primavera-2013\/\",\"name\":\"Moda primavera 2013: la ropa que no puede faltar en tu cl\\u00f3set\"}}]},{\"@type\":\"Person\",\"@id\":\"https:\/\/www.unicas.pe\/blog\/#\/schema\/person\/60053f595c6d0f3f11ed52a01c961cdb\",\"name\":\"Katty Gora\",\"image\":{\"@type\":\"ImageObject\",\"@id\":\"https:\/\/www.unicas.pe\/blog\/#personlogo\",\"inLanguage\":\"es\",\"url\":\"https:\/\/www.unicas.pe\/blog\/wp-content\/uploads\/2019\/01\/168392_1786370415133_366102_n-150x150.jpg\",\"caption\":\"Katty Gora\"},\"description\":\"Katty is a passionate blogger, diving into different subjects like fashion, trends, styles and news and more. Discover the great insight of a true quality blogger!\"}]}<\/script>\n<!-- \/ Yoast SEO plugin. -->","_links":{"self":[{"href":"https:\/\/www.unicas.pe\/blog\/wp-json\/wp\/v2\/posts\/389"}],"collection":[{"href":"https:\/\/www.unicas.pe\/blog\/wp-json\/wp\/v2\/posts"}],"about":[{"href":"https:\/\/www.unicas.pe\/blog\/wp-json\/wp\/v2\/types\/post"}],"author":[{"embeddable":true,"href":"https:\/\/www.unicas.pe\/blog\/wp-json\/wp\/v2\/users\/1"}],"replies":[{"embeddable":true,"href":"https:\/\/www.unicas.pe\/blog\/wp-json\/wp\/v2\/comments?post=389"}],"version-history":[{"count":1,"href":"https:\/\/www.unicas.pe\/blog\/wp-json\/wp\/v2\/posts\/389\/revisions"}],"predecessor-version":[{"id":11485,"href":"https:\/\/www.unicas.pe\/blog\/wp-json\/wp\/v2\/posts\/389\/revisions\/11485"}],"wp:featuredmedia":[{"embeddable":true,"href":"https:\/\/www.unicas.pe\/blog\/wp-json\/wp\/v2\/media\/386"}],"wp:attachment":[{"href":"https:\/\/www.unicas.pe\/blog\/wp-json\/wp\/v2\/media?parent=389"}],"wp:term":[{"taxonomy":"category","embeddable":true,"href":"https:\/\/www.unicas.pe\/blog\/wp-json\/wp\/v2\/categories?post=389"},{"taxonomy":"post_tag","embeddable":true,"href":"https:\/\/www.unicas.pe\/blog\/wp-json\/wp\/v2\/tags?post=389"}],"curies":[{"name":"wp","href":"https:\/\/api.w.org\/{rel}","templated":true}]}}