{"id":3981,"date":"2014-03-06T22:00:10","date_gmt":"2014-03-07T03:00:10","guid":{"rendered":"http:\/\/209.133.219.102\/~newunicas\/blog\/2014\/03\/06\/caida-del-cabello-causas\/"},"modified":"2019-01-10T21:35:25","modified_gmt":"2019-01-11T02:35:25","slug":"caida-del-cabello-causas","status":"publish","type":"post","link":"https:\/\/www.unicas.pe\/blog\/caida-del-cabello-causas\/","title":{"rendered":"Tips para solucionar la ca\u00edda del cabello"},"content":{"rendered":"<p style=\"text-align: justify;\">Si no puedes solucionar la ca\u00edda del cabello y haz utilizado de todo para evitar este problema. Tranquila, aqu\u00ed te ense\u00f1amos algunos tips para que no se te caiga el cabello.<\/p>\n<p>  <!--more-->  <\/p>\n<p style=\"text-align: justify;\">\u00bfSe te cae el cabello a diario? no sabes cu\u00e1ndo comenz\u00f3, ni tampoco c\u00f3mo remediarlo. Esta reacci\u00f3n en tu cuero cabelludo tiene una causa. La ca\u00edda del cabello es muy com\u00fan en las mujeres, por ello no debes alarmarte. Los motivos pueden ser varios: por gen\u00e9tica, estr\u00e9s, contaminaci\u00f3n y otros factores. Aqu\u00ed te damos algunas soluciones antes de que vayas a un especialista.<\/p>\n<p><img class=\" size-full wp-image-3974\" style=\"display: block; margin-left: auto; margin-right: auto;\" title=\"Tips para solucionar la ca\u00edda del cabello\" src=\"http:\/\/209.133.219.102\/~newunicas\/blog\/wp-content\/uploads\/2014\/03\/caida_del_cabello1.jpg\" alt=\"Tips para solucionar la ca\u00edda del cabello\" width=\"600\" srcset=\"https:\/\/www.unicas.pe\/blog\/wp-content\/uploads\/2014\/03\/caida_del_cabello1.jpg 650w, https:\/\/www.unicas.pe\/blog\/wp-content\/uploads\/2014\/03\/caida_del_cabello1-300x200.jpg 300w, https:\/\/www.unicas.pe\/blog\/wp-content\/uploads\/2014\/03\/caida_del_cabello1-648x433.jpg 648w, https:\/\/www.unicas.pe\/blog\/wp-content\/uploads\/2014\/03\/caida_del_cabello1-630x420.jpg 630w\" sizes=\"(max-width: 650px) 100vw, 650px\" \/><\/p>\n<p style=\"text-align: justify;\"><strong>Alim\u00e9ntate saludablemente<\/strong>. La ca\u00edda del cabello est\u00e1 relacionada directamente con los h\u00e1bitos de alimentaci\u00f3n. La falta de vitaminas y prote\u00ednas hace que el cabello se debilite, lo que genera una ca\u00edda m\u00e1s f\u00e1cil.<\/p>\n<p style=\"text-align: justify;\">Te recomendamos consumir alimentos ricos en vitamina A: h\u00edgado, zanahoria, br\u00f3coli, camote, entre otros. Tu cabello dejar\u00e1 de caerse.<\/p>\n<p><img class=\" size-full wp-image-3975\" style=\"display: block; margin-left: auto; margin-right: auto;\" title=\"Tips para solucionar la ca\u00edda del cabello\" src=\"http:\/\/209.133.219.102\/~newunicas\/blog\/wp-content\/uploads\/2014\/03\/caida_del_cabello2.jpg\" alt=\"Tips para solucionar la ca\u00edda del cabello\" width=\"600\" srcset=\"https:\/\/www.unicas.pe\/blog\/wp-content\/uploads\/2014\/03\/caida_del_cabello2.jpg 650w, https:\/\/www.unicas.pe\/blog\/wp-content\/uploads\/2014\/03\/caida_del_cabello2-300x169.jpg 300w, https:\/\/www.unicas.pe\/blog\/wp-content\/uploads\/2014\/03\/caida_del_cabello2-648x366.jpg 648w\" sizes=\"(max-width: 650px) 100vw, 650px\" \/><\/p>\n<p style=\"text-align: justify;\"><strong>Deja las planchas, artefactos y productos fuertes<\/strong>. Si deseas saber por qu\u00e9 se te cae el cabello, te recomendamos suspender el uso de las planchas y rizadores. Tambi\u00e9n el gel de cabello. Ten cuidado con el uso de mascarillas. Cuidado con estar experimentando con tu cabello.<\/p>\n<p><img class=\" size-full wp-image-3976\" style=\"display: block; margin-left: auto; margin-right: auto;\" title=\"Tips para solucionar la ca\u00edda del cabello\" src=\"http:\/\/209.133.219.102\/~newunicas\/blog\/wp-content\/uploads\/2014\/03\/caida_del_cabello3.jpg\" alt=\"Tips para solucionar la ca\u00edda del cabello\" width=\"600\" srcset=\"https:\/\/www.unicas.pe\/blog\/wp-content\/uploads\/2014\/03\/caida_del_cabello3.jpg 650w, https:\/\/www.unicas.pe\/blog\/wp-content\/uploads\/2014\/03\/caida_del_cabello3-300x200.jpg 300w, https:\/\/www.unicas.pe\/blog\/wp-content\/uploads\/2014\/03\/caida_del_cabello3-648x433.jpg 648w, https:\/\/www.unicas.pe\/blog\/wp-content\/uploads\/2014\/03\/caida_del_cabello3-630x420.jpg 630w\" sizes=\"(max-width: 650px) 100vw, 650px\" \/><\/p>\n<p style=\"text-align: justify;\"><strong>Aprovecha tu tiempo y rel\u00e1jate<\/strong>. En la actualidada vivimos al l\u00edmite. Ya sea con los hijos o sin ellos. Las mujeres no tenemos mucho tiempo en distraernos ni en descansar, solo nos queda los fines de semana. Al menos t\u00f3mate 15 minutos de respiraci\u00f3n y te sentir\u00e1s mejor. No dejes que la rutina te consuma todo tu tiempo.<\/p>\n<p><img class=\" size-full wp-image-3977\" style=\"display: block; margin-left: auto; margin-right: auto;\" title=\"Tips para solucionar la ca\u00edda del cabello\" src=\"http:\/\/209.133.219.102\/~newunicas\/blog\/wp-content\/uploads\/2014\/03\/caida_del_cabello4.jpg\" alt=\"Tips para solucionar la ca\u00edda del cabello\" width=\"600\" srcset=\"https:\/\/www.unicas.pe\/blog\/wp-content\/uploads\/2014\/03\/caida_del_cabello4.jpg 650w, https:\/\/www.unicas.pe\/blog\/wp-content\/uploads\/2014\/03\/caida_del_cabello4-300x122.jpg 300w, https:\/\/www.unicas.pe\/blog\/wp-content\/uploads\/2014\/03\/caida_del_cabello4-648x264.jpg 648w\" sizes=\"(max-width: 650px) 100vw, 650px\" \/><\/p>\n<p style=\"text-align: justify;\"><strong>Cuida tu cabello de la contaminaci\u00f3n<\/strong>. Nuestra piel y cabello est\u00e1n expuestos a la contaminaci\u00f3n ambiental. Es necesario que laves tu cabello interdiario. Puedes amarrarlo para protegerlo un poco.<\/p>\n<p><img class=\" size-full wp-image-3978\" style=\"display: block; margin-left: auto; margin-right: auto;\" title=\"Tips para solucionar la ca\u00edda del cabello\" src=\"http:\/\/209.133.219.102\/~newunicas\/blog\/wp-content\/uploads\/2014\/03\/caida_del_cabello5.jpg\" alt=\"Tips para solucionar la ca\u00edda del cabello\" width=\"600\" srcset=\"https:\/\/www.unicas.pe\/blog\/wp-content\/uploads\/2014\/03\/caida_del_cabello5.jpg 650w, https:\/\/www.unicas.pe\/blog\/wp-content\/uploads\/2014\/03\/caida_del_cabello5-300x201.jpg 300w, https:\/\/www.unicas.pe\/blog\/wp-content\/uploads\/2014\/03\/caida_del_cabello5-648x435.jpg 648w, https:\/\/www.unicas.pe\/blog\/wp-content\/uploads\/2014\/03\/caida_del_cabello5-628x420.jpg 628w\" sizes=\"(max-width: 650px) 100vw, 650px\" \/><\/p>\n<p><img class=\" size-full wp-image-3979\" style=\"display: block; margin-left: auto; margin-right: auto;\" title=\"Tips para solucionar la ca\u00edda del cabello\" src=\"http:\/\/209.133.219.102\/~newunicas\/blog\/wp-content\/uploads\/2014\/03\/caida_del_cabello6.jpg\" alt=\"Tips para solucionar la ca\u00edda del cabello\" width=\"600\" srcset=\"https:\/\/www.unicas.pe\/blog\/wp-content\/uploads\/2014\/03\/caida_del_cabello6.jpg 650w, https:\/\/www.unicas.pe\/blog\/wp-content\/uploads\/2014\/03\/caida_del_cabello6-300x191.jpg 300w, https:\/\/www.unicas.pe\/blog\/wp-content\/uploads\/2014\/03\/caida_del_cabello6-648x413.jpg 648w\" sizes=\"(max-width: 650px) 100vw, 650px\" \/><\/p>\n<p style=\"text-align: justify;\">Estos son algunos consejos b\u00e1sicos para que pongas en pr\u00e1ctica en tu cabello. S\u00edguelos paso a paso y as\u00ed evitar\u00e1s la ca\u00edda del cabello. Si tu ca\u00edda de cabello es m\u00e1s cr\u00f3nica, te sugerimos visitar a un especialista para que te recete un buen tratamiento.<\/p>\n<p><img class=\" size-full wp-image-3980\" style=\"display: block; margin-left: auto; margin-right: auto;\" title=\"Tips para solucionar la ca\u00edda del cabello\" src=\"http:\/\/209.133.219.102\/~newunicas\/blog\/wp-content\/uploads\/2014\/03\/caida_del_cabello7.jpg\" alt=\"Tips para solucionar la ca\u00edda del cabello\" width=\"600\" srcset=\"https:\/\/www.unicas.pe\/blog\/wp-content\/uploads\/2014\/03\/caida_del_cabello7.jpg 650w, https:\/\/www.unicas.pe\/blog\/wp-content\/uploads\/2014\/03\/caida_del_cabello7-266x300.jpg 266w, https:\/\/www.unicas.pe\/blog\/wp-content\/uploads\/2014\/03\/caida_del_cabello7-372x420.jpg 372w\" sizes=\"(max-width: 650px) 100vw, 650px\" \/><\/p>\n","protected":false},"excerpt":{"rendered":"<p>Si no puedes solucionar la ca\u00edda del cabello y haz utilizado de todo para evitar este problema. Tranquila, aqu\u00ed te ense\u00f1amos algunos tips para que no se te caiga el cabello.<\/p>\n","protected":false},"author":1,"featured_media":3974,"comment_status":"closed","ping_status":"open","sticky":false,"template":"","format":"standard","meta":[],"categories":[29],"tags":[103,63,5269,68,5077,5270,78,5268],"yoast_head":"<!-- This site is optimized with the Yoast SEO plugin v16.0.2 - https:\/\/yoast.com\/wordpress\/plugins\/seo\/ -->\n<link rel=\"canonical\" href=\"https:\/\/www.unicas.pe\/blog\/caida-del-cabello-causas\/\" \/>\n<meta property=\"og:locale\" content=\"es_ES\" \/>\n<meta property=\"og:type\" content=\"article\" \/>\n<meta property=\"og:title\" content=\"Tips para solucionar la ca\u00edda del cabello - Unicas\" \/>\n<meta property=\"og:description\" content=\"Si no puedes solucionar la ca\u00edda del cabello y haz utilizado de todo para evitar este problema. Tranquila, aqu\u00ed te ense\u00f1amos algunos tips para que no se te caiga el cabello.\" \/>\n<meta property=\"og:url\" content=\"https:\/\/www.unicas.pe\/blog\/caida-del-cabello-causas\/\" \/>\n<meta property=\"og:site_name\" content=\"Unicas\" \/>\n<meta property=\"article:published_time\" content=\"2014-03-07T03:00:10+00:00\" \/>\n<meta property=\"article:modified_time\" content=\"2019-01-11T02:35:25+00:00\" \/>\n<meta property=\"og:image\" content=\"https:\/\/www.unicas.pe\/blog\/wp-content\/uploads\/2014\/03\/caida_del_cabello1.jpg\" \/>\n\t<meta property=\"og:image:width\" content=\"650\" \/>\n\t<meta property=\"og:image:height\" content=\"433\" \/>\n<meta name=\"twitter:card\" content=\"summary_large_image\" \/>\n<meta name=\"twitter:label1\" content=\"Tiempo de lectura\">\n\t<meta name=\"twitter:data1\" content=\"2 minutos\">\n<script type=\"application\/ld+json\" class=\"yoast-schema-graph\">{\"@context\":\"https:\/\/schema.org\",\"@graph\":[{\"@type\":\"WebSite\",\"@id\":\"https:\/\/www.unicas.pe\/blog\/#website\",\"url\":\"https:\/\/www.unicas.pe\/blog\/\",\"name\":\"Unicas\",\"description\":\"Blog sobre belleza, maquillaje, moda, y mucho m\\u00e1s.\",\"potentialAction\":[{\"@type\":\"SearchAction\",\"target\":\"https:\/\/www.unicas.pe\/blog\/?s={search_term_string}\",\"query-input\":\"required name=search_term_string\"}],\"inLanguage\":\"es\"},{\"@type\":\"ImageObject\",\"@id\":\"https:\/\/www.unicas.pe\/blog\/caida-del-cabello-causas\/#primaryimage\",\"inLanguage\":\"es\",\"url\":\"https:\/\/www.unicas.pe\/blog\/wp-content\/uploads\/2014\/03\/caida_del_cabello1.jpg\",\"width\":650,\"height\":433,\"caption\":\"Tips para solucionar la ca\\u00edda del cabello\"},{\"@type\":\"WebPage\",\"@id\":\"https:\/\/www.unicas.pe\/blog\/caida-del-cabello-causas\/#webpage\",\"url\":\"https:\/\/www.unicas.pe\/blog\/caida-del-cabello-causas\/\",\"name\":\"Tips para solucionar la ca\\u00edda del cabello - Unicas\",\"isPartOf\":{\"@id\":\"https:\/\/www.unicas.pe\/blog\/#website\"},\"primaryImageOfPage\":{\"@id\":\"https:\/\/www.unicas.pe\/blog\/caida-del-cabello-causas\/#primaryimage\"},\"datePublished\":\"2014-03-07T03:00:10+00:00\",\"dateModified\":\"2019-01-11T02:35:25+00:00\",\"author\":{\"@id\":\"https:\/\/www.unicas.pe\/blog\/#\/schema\/person\/60053f595c6d0f3f11ed52a01c961cdb\"},\"breadcrumb\":{\"@id\":\"https:\/\/www.unicas.pe\/blog\/caida-del-cabello-causas\/#breadcrumb\"},\"inLanguage\":\"es\",\"potentialAction\":[{\"@type\":\"ReadAction\",\"target\":[\"https:\/\/www.unicas.pe\/blog\/caida-del-cabello-causas\/\"]}]},{\"@type\":\"BreadcrumbList\",\"@id\":\"https:\/\/www.unicas.pe\/blog\/caida-del-cabello-causas\/#breadcrumb\",\"itemListElement\":[{\"@type\":\"ListItem\",\"position\":1,\"item\":{\"@type\":\"WebPage\",\"@id\":\"https:\/\/www.unicas.pe\/blog\/\",\"url\":\"https:\/\/www.unicas.pe\/blog\/\",\"name\":\"Portada\"}},{\"@type\":\"ListItem\",\"position\":2,\"item\":{\"@type\":\"WebPage\",\"@id\":\"https:\/\/www.unicas.pe\/blog\/caida-del-cabello-causas\/\",\"url\":\"https:\/\/www.unicas.pe\/blog\/caida-del-cabello-causas\/\",\"name\":\"Tips para solucionar la ca\\u00edda del cabello\"}}]},{\"@type\":\"Person\",\"@id\":\"https:\/\/www.unicas.pe\/blog\/#\/schema\/person\/60053f595c6d0f3f11ed52a01c961cdb\",\"name\":\"Katty Gora\",\"image\":{\"@type\":\"ImageObject\",\"@id\":\"https:\/\/www.unicas.pe\/blog\/#personlogo\",\"inLanguage\":\"es\",\"url\":\"https:\/\/www.unicas.pe\/blog\/wp-content\/uploads\/2019\/01\/168392_1786370415133_366102_n-150x150.jpg\",\"caption\":\"Katty Gora\"},\"description\":\"Katty is a passionate blogger, diving into different subjects like fashion, trends, styles and news and more. Discover the great insight of a true quality blogger!\"}]}<\/script>\n<!-- \/ Yoast SEO plugin. -->","_links":{"self":[{"href":"https:\/\/www.unicas.pe\/blog\/wp-json\/wp\/v2\/posts\/3981"}],"collection":[{"href":"https:\/\/www.unicas.pe\/blog\/wp-json\/wp\/v2\/posts"}],"about":[{"href":"https:\/\/www.unicas.pe\/blog\/wp-json\/wp\/v2\/types\/post"}],"author":[{"embeddable":true,"href":"https:\/\/www.unicas.pe\/blog\/wp-json\/wp\/v2\/users\/1"}],"replies":[{"embeddable":true,"href":"https:\/\/www.unicas.pe\/blog\/wp-json\/wp\/v2\/comments?post=3981"}],"version-history":[{"count":1,"href":"https:\/\/www.unicas.pe\/blog\/wp-json\/wp\/v2\/posts\/3981\/revisions"}],"predecessor-version":[{"id":10599,"href":"https:\/\/www.unicas.pe\/blog\/wp-json\/wp\/v2\/posts\/3981\/revisions\/10599"}],"wp:featuredmedia":[{"embeddable":true,"href":"https:\/\/www.unicas.pe\/blog\/wp-json\/wp\/v2\/media\/3974"}],"wp:attachment":[{"href":"https:\/\/www.unicas.pe\/blog\/wp-json\/wp\/v2\/media?parent=3981"}],"wp:term":[{"taxonomy":"category","embeddable":true,"href":"https:\/\/www.unicas.pe\/blog\/wp-json\/wp\/v2\/categories?post=3981"},{"taxonomy":"post_tag","embeddable":true,"href":"https:\/\/www.unicas.pe\/blog\/wp-json\/wp\/v2\/tags?post=3981"}],"curies":[{"name":"wp","href":"https:\/\/api.w.org\/{rel}","templated":true}]}}