{"id":4157,"date":"2014-03-11T20:53:43","date_gmt":"2014-03-12T01:53:43","guid":{"rendered":"http:\/\/209.133.219.102\/~newunicas\/blog\/2014\/03\/11\/chanel-shopping-center\/"},"modified":"2019-01-10T21:35:23","modified_gmt":"2019-01-11T02:35:23","slug":"chanel-shopping-center","status":"publish","type":"post","link":"https:\/\/www.unicas.pe\/blog\/chanel-shopping-center\/","title":{"rendered":"Chanel Shopping Center: el supermercado de la moda"},"content":{"rendered":"<p style=\"text-align: justify;\">El exitoso dise\u00f1ador alem\u00e1n, Karl Lagerfeld, present\u00f3 su \u00faltima colecci\u00f3n oto\u00f1o-invierno en un supermercado, creado en el Grand Palais de Par\u00eds .<\/p>\n<p>  <!--more-->  <\/p>\n<p style=\"text-align: justify;\">No es extravagante ver como <strong>Karl Lagerfeld<\/strong> hace de las suyas en los desfiles de moda. Este reconocido dise\u00f1ador alem\u00e1n present\u00f3 su colecci\u00f3n oto\u00f1o-invierno lleno de sorpresas. Primero <strong>convirti\u00f3 el Grand Palais de Par\u00eds en un supermercado, \u00abChanel Shopping Center\u00bb<\/strong>. Lejos de exhibir \u00a0exposiciones de arte, el Grand Palais ofertaba productos con la marca Chanel y Coco.\u00a0<\/p>\n<p><img class=\" size-full wp-image-4144\" style=\"display: block; margin-left: auto; margin-right: auto;\" title=\"Chanel Shopping Center: el supermercado de la moda\" src=\"http:\/\/209.133.219.102\/~newunicas\/blog\/wp-content\/uploads\/2014\/03\/chanel-shopping-center1.jpg\" alt=\"Chanel Shopping Center: el supermercado de la moda\" width=\"600\" srcset=\"https:\/\/www.unicas.pe\/blog\/wp-content\/uploads\/2014\/03\/chanel-shopping-center1.jpg 650w, https:\/\/www.unicas.pe\/blog\/wp-content\/uploads\/2014\/03\/chanel-shopping-center1-300x278.jpg 300w, https:\/\/www.unicas.pe\/blog\/wp-content\/uploads\/2014\/03\/chanel-shopping-center1-453x420.jpg 453w\" sizes=\"(max-width: 650px) 100vw, 650px\" \/><\/p>\n<p style=\"text-align: justify;\">Hermosas modelos caminaban en pantalones entubados, tops que muestran el ombligo y abrigos muy grandes. A estos trajes acompa\u00f1aban zapatillas y otros elementos del sportswear.\u00a0<\/p>\n<p><img class=\" size-full wp-image-4145\" style=\"display: block; margin-left: auto; margin-right: auto;\" title=\"Chanel Shopping Center: el supermercado de la moda\" src=\"http:\/\/209.133.219.102\/~newunicas\/blog\/wp-content\/uploads\/2014\/03\/chanel-shopping-center2.jpg\" alt=\"Chanel Shopping Center: el supermercado de la moda\" width=\"600\" srcset=\"https:\/\/www.unicas.pe\/blog\/wp-content\/uploads\/2014\/03\/chanel-shopping-center2.jpg 650w, https:\/\/www.unicas.pe\/blog\/wp-content\/uploads\/2014\/03\/chanel-shopping-center2-205x300.jpg 205w, https:\/\/www.unicas.pe\/blog\/wp-content\/uploads\/2014\/03\/chanel-shopping-center2-287x420.jpg 287w, https:\/\/www.unicas.pe\/blog\/wp-content\/uploads\/2014\/03\/chanel-shopping-center2-575x840.jpg 575w\" sizes=\"(max-width: 650px) 100vw, 650px\" \/><\/p>\n<p><img class=\" size-full wp-image-4146\" style=\"display: block; margin-left: auto; margin-right: auto;\" title=\"Chanel Shopping Center: el supermercado de la moda\" src=\"http:\/\/209.133.219.102\/~newunicas\/blog\/wp-content\/uploads\/2014\/03\/chanel-shopping-center3.jpg\" alt=\"Chanel Shopping Center: el supermercado de la moda\" width=\"600\" srcset=\"https:\/\/www.unicas.pe\/blog\/wp-content\/uploads\/2014\/03\/chanel-shopping-center3.jpg 650w, https:\/\/www.unicas.pe\/blog\/wp-content\/uploads\/2014\/03\/chanel-shopping-center3-205x300.jpg 205w, https:\/\/www.unicas.pe\/blog\/wp-content\/uploads\/2014\/03\/chanel-shopping-center3-287x420.jpg 287w, https:\/\/www.unicas.pe\/blog\/wp-content\/uploads\/2014\/03\/chanel-shopping-center3-575x840.jpg 575w\" sizes=\"(max-width: 650px) 100vw, 650px\" \/><\/p>\n<p style=\"text-align: justify;\">\u00bfPorqu\u00e9 presentar la colecci\u00f3n en un supermercado? <strong>Karl Lagerfeld<\/strong> habla del \u00abreflejo de la vida cotidiana en el lujo\u00bb y de influencia del \u00abarte pop\u00bb. \u00abSi alguien lleva objetos muy caros proclamando &#8216;miren lo caro que es&#8217; es una vulgaridad. Hay que saber llevar cualquier cosa como si fuese un vaquero de 100 euros, de otra forma no es elegante\u00bb, agrega el dise\u00f1ador, aunque admite que nunca va al supermercado. \u00abEstoy muy ocupado con tantas colecciones, de modo que otros van por m\u00ed\u00bb.\u00a0<\/p>\n<p><img class=\" size-full wp-image-4147\" style=\"display: block; margin-left: auto; margin-right: auto;\" title=\"Chanel Shopping Center: el supermercado de la moda\" src=\"http:\/\/209.133.219.102\/~newunicas\/blog\/wp-content\/uploads\/2014\/03\/chanel-shopping-center4.jpg\" alt=\"Chanel Shopping Center: el supermercado de la moda\" width=\"600\" srcset=\"https:\/\/www.unicas.pe\/blog\/wp-content\/uploads\/2014\/03\/chanel-shopping-center4.jpg 650w, https:\/\/www.unicas.pe\/blog\/wp-content\/uploads\/2014\/03\/chanel-shopping-center4-300x205.jpg 300w, https:\/\/www.unicas.pe\/blog\/wp-content\/uploads\/2014\/03\/chanel-shopping-center4-218x150.jpg 218w, https:\/\/www.unicas.pe\/blog\/wp-content\/uploads\/2014\/03\/chanel-shopping-center4-648x445.jpg 648w, https:\/\/www.unicas.pe\/blog\/wp-content\/uploads\/2014\/03\/chanel-shopping-center4-613x420.jpg 613w\" sizes=\"(max-width: 650px) 100vw, 650px\" \/><\/p>\n<p><img class=\" size-full wp-image-4148\" style=\"display: block; margin-left: auto; margin-right: auto;\" title=\"Chanel Shopping Center: el supermercado de la moda\" src=\"http:\/\/209.133.219.102\/~newunicas\/blog\/wp-content\/uploads\/2014\/03\/chanel-shopping-center5.jpg\" alt=\"Chanel Shopping Center: el supermercado de la moda\" width=\"600\" srcset=\"https:\/\/www.unicas.pe\/blog\/wp-content\/uploads\/2014\/03\/chanel-shopping-center5.jpg 650w, https:\/\/www.unicas.pe\/blog\/wp-content\/uploads\/2014\/03\/chanel-shopping-center5-300x205.jpg 300w, https:\/\/www.unicas.pe\/blog\/wp-content\/uploads\/2014\/03\/chanel-shopping-center5-218x150.jpg 218w, https:\/\/www.unicas.pe\/blog\/wp-content\/uploads\/2014\/03\/chanel-shopping-center5-648x445.jpg 648w, https:\/\/www.unicas.pe\/blog\/wp-content\/uploads\/2014\/03\/chanel-shopping-center5-613x420.jpg 613w\" sizes=\"(max-width: 650px) 100vw, 650px\" \/><\/p>\n<p style=\"text-align: justify;\"><strong>La actriz y musa inspiradora de Chanel<\/strong>, <strong>Keira Knightley<\/strong>, tambi\u00e9n fue parte de este desfile. Ella muy emocionada se paseaba por los pasillos con el creador de esta original idea. Knightley asegura que probablemente no se vestir\u00eda con Chanel para ir al supermercado. \u00ab\u00a1Pero voy con mi cartera Chanel, que tiene el tama\u00f1o ideal para llevar mi tarjeta de cr\u00e9dito!\u00bb\u00a0<\/p>\n<p><img class=\" size-full wp-image-4149\" style=\"display: block; margin-left: auto; margin-right: auto;\" title=\"Chanel Shopping Center: el supermercado de la moda\" src=\"http:\/\/209.133.219.102\/~newunicas\/blog\/wp-content\/uploads\/2014\/03\/chanel-shopping-center6.jpg\" alt=\"Chanel Shopping Center: el supermercado de la moda\" width=\"600\" srcset=\"https:\/\/www.unicas.pe\/blog\/wp-content\/uploads\/2014\/03\/chanel-shopping-center6.jpg 650w, https:\/\/www.unicas.pe\/blog\/wp-content\/uploads\/2014\/03\/chanel-shopping-center6-205x300.jpg 205w, https:\/\/www.unicas.pe\/blog\/wp-content\/uploads\/2014\/03\/chanel-shopping-center6-287x420.jpg 287w, https:\/\/www.unicas.pe\/blog\/wp-content\/uploads\/2014\/03\/chanel-shopping-center6-575x840.jpg 575w\" sizes=\"(max-width: 650px) 100vw, 650px\" \/><\/p>\n<p style=\"text-align: justify;\">Los pasillos estaban repletos de latas de caf\u00e9 y t\u00e9, y de toda clase de productos, marca Chanel y Coco. Un cartel encima de una caja registradora mostraba a la legendaria Coco Chanel dibujada, empujando un carrito de compras. Se pod\u00eda encontrar de todo en el \u00absupermercado\u00bb: palas Chanel, tapetes Chanel, martillos Chanel.<\/p>\n<p><img class=\" size-full wp-image-4150\" style=\"display: block; margin-left: auto; margin-right: auto;\" title=\"Chanel Shopping Center: el supermercado de la moda\" src=\"http:\/\/209.133.219.102\/~newunicas\/blog\/wp-content\/uploads\/2014\/03\/chanel-shopping-center7.jpg\" alt=\"Chanel Shopping Center: el supermercado de la moda\" width=\"600\" srcset=\"https:\/\/www.unicas.pe\/blog\/wp-content\/uploads\/2014\/03\/chanel-shopping-center7.jpg 650w, https:\/\/www.unicas.pe\/blog\/wp-content\/uploads\/2014\/03\/chanel-shopping-center7-300x205.jpg 300w, https:\/\/www.unicas.pe\/blog\/wp-content\/uploads\/2014\/03\/chanel-shopping-center7-218x150.jpg 218w, https:\/\/www.unicas.pe\/blog\/wp-content\/uploads\/2014\/03\/chanel-shopping-center7-648x445.jpg 648w, https:\/\/www.unicas.pe\/blog\/wp-content\/uploads\/2014\/03\/chanel-shopping-center7-613x420.jpg 613w\" sizes=\"(max-width: 650px) 100vw, 650px\" \/><\/p>\n<p><img class=\" size-full wp-image-4151\" style=\"display: block; margin-left: auto; margin-right: auto;\" title=\"Chanel Shopping Center: el supermercado de la moda\" src=\"http:\/\/209.133.219.102\/~newunicas\/blog\/wp-content\/uploads\/2014\/03\/chanel-shopping-center8.jpg\" alt=\"Chanel Shopping Center: el supermercado de la moda\" width=\"600\" srcset=\"https:\/\/www.unicas.pe\/blog\/wp-content\/uploads\/2014\/03\/chanel-shopping-center8.jpg 650w, https:\/\/www.unicas.pe\/blog\/wp-content\/uploads\/2014\/03\/chanel-shopping-center8-205x300.jpg 205w, https:\/\/www.unicas.pe\/blog\/wp-content\/uploads\/2014\/03\/chanel-shopping-center8-287x420.jpg 287w, https:\/\/www.unicas.pe\/blog\/wp-content\/uploads\/2014\/03\/chanel-shopping-center8-575x840.jpg 575w\" sizes=\"(max-width: 650px) 100vw, 650px\" \/><\/p>\n<p style=\"text-align: justify;\">The New York Times report\u00f3 que los asistentes no paraban de tomar selfies frente a las estanter\u00edas, para luego irse a sus sillas cuando una modelo prendi\u00f3 una sierra el\u00e9ctrica marca Chanel, para dar comienzo al show. Celebridades de la m\u00fasica se hicieron presentes. Al ritmo del rock cl\u00e1sico y canciones de Rihanna, quien particip\u00f3 del evento.<\/p>\n<p><img class=\" size-full wp-image-4152\" style=\"display: block; margin-left: auto; margin-right: auto;\" title=\"Chanel Shopping Center: el supermercado de la moda\" src=\"http:\/\/209.133.219.102\/~newunicas\/blog\/wp-content\/uploads\/2014\/03\/chanel-shopping-center9.jpg\" alt=\"Chanel Shopping Center: el supermercado de la moda\" width=\"600\" srcset=\"https:\/\/www.unicas.pe\/blog\/wp-content\/uploads\/2014\/03\/chanel-shopping-center9.jpg 650w, https:\/\/www.unicas.pe\/blog\/wp-content\/uploads\/2014\/03\/chanel-shopping-center9-205x300.jpg 205w, https:\/\/www.unicas.pe\/blog\/wp-content\/uploads\/2014\/03\/chanel-shopping-center9-287x420.jpg 287w, https:\/\/www.unicas.pe\/blog\/wp-content\/uploads\/2014\/03\/chanel-shopping-center9-575x840.jpg 575w\" sizes=\"(max-width: 650px) 100vw, 650px\" \/><\/p>\n<p><img class=\" size-full wp-image-4153\" style=\"display: block; margin-left: auto; margin-right: auto;\" title=\"Chanel Shopping Center: el supermercado de la moda\" src=\"http:\/\/209.133.219.102\/~newunicas\/blog\/wp-content\/uploads\/2014\/03\/chanel-shopping-center10.jpg\" alt=\"Chanel Shopping Center: el supermercado de la moda\" width=\"600\" srcset=\"https:\/\/www.unicas.pe\/blog\/wp-content\/uploads\/2014\/03\/chanel-shopping-center10.jpg 650w, https:\/\/www.unicas.pe\/blog\/wp-content\/uploads\/2014\/03\/chanel-shopping-center10-300x204.jpg 300w, https:\/\/www.unicas.pe\/blog\/wp-content\/uploads\/2014\/03\/chanel-shopping-center10-648x441.jpg 648w, https:\/\/www.unicas.pe\/blog\/wp-content\/uploads\/2014\/03\/chanel-shopping-center10-619x420.jpg 619w\" sizes=\"(max-width: 650px) 100vw, 650px\" \/><\/p>\n<p style=\"text-align: justify;\">El \u00a0desfile deslumbr\u00f3 adem\u00e1s con accesorios como sneakers de gran colorido, botas altas, collares de cadenas con candados y carteras acolchadas con estampado de etiquetas de supermercado. Conocidos personajes de la moda como Anna Wintour, Mario Testino y Keira Knightley asistieron al espect\u00e1culo. \u00a0<strong>Todo un mundo de la moda<\/strong>. Originalidad y creatividad, <strong>fusion\u00f3 Karl Lagerfeld<\/strong>. Esperamos que nos siga sorprendiendo con m\u00e1s de sus colecciones.<\/p>\n<p><img class=\" size-full wp-image-4154\" style=\"display: block; margin-left: auto; margin-right: auto;\" title=\"Chanel Shopping Center: el supermercado de la moda\" src=\"http:\/\/209.133.219.102\/~newunicas\/blog\/wp-content\/uploads\/2014\/03\/chanel-shopping-center11.jpg\" alt=\"Chanel Shopping Center: el supermercado de la moda\" width=\"600\" srcset=\"https:\/\/www.unicas.pe\/blog\/wp-content\/uploads\/2014\/03\/chanel-shopping-center11.jpg 650w, https:\/\/www.unicas.pe\/blog\/wp-content\/uploads\/2014\/03\/chanel-shopping-center11-300x205.jpg 300w, https:\/\/www.unicas.pe\/blog\/wp-content\/uploads\/2014\/03\/chanel-shopping-center11-218x150.jpg 218w, https:\/\/www.unicas.pe\/blog\/wp-content\/uploads\/2014\/03\/chanel-shopping-center11-648x445.jpg 648w, https:\/\/www.unicas.pe\/blog\/wp-content\/uploads\/2014\/03\/chanel-shopping-center11-613x420.jpg 613w\" sizes=\"(max-width: 650px) 100vw, 650px\" \/><\/p>\n<p><img class=\" size-full wp-image-4155\" style=\"display: block; margin-left: auto; margin-right: auto;\" title=\"Chanel Shopping Center: el supermercado de la moda\" src=\"http:\/\/209.133.219.102\/~newunicas\/blog\/wp-content\/uploads\/2014\/03\/chanel-shopping-center12.jpg\" alt=\"Chanel Shopping Center: el supermercado de la moda\" width=\"600\" srcset=\"https:\/\/www.unicas.pe\/blog\/wp-content\/uploads\/2014\/03\/chanel-shopping-center12.jpg 650w, https:\/\/www.unicas.pe\/blog\/wp-content\/uploads\/2014\/03\/chanel-shopping-center12-300x205.jpg 300w, https:\/\/www.unicas.pe\/blog\/wp-content\/uploads\/2014\/03\/chanel-shopping-center12-218x150.jpg 218w, https:\/\/www.unicas.pe\/blog\/wp-content\/uploads\/2014\/03\/chanel-shopping-center12-648x445.jpg 648w, https:\/\/www.unicas.pe\/blog\/wp-content\/uploads\/2014\/03\/chanel-shopping-center12-613x420.jpg 613w\" sizes=\"(max-width: 650px) 100vw, 650px\" \/><\/p>\n<p><img class=\" size-full wp-image-4156\" style=\"display: block; margin-left: auto; margin-right: auto;\" title=\"Chanel Shopping Center: el supermercado de la moda\" src=\"http:\/\/209.133.219.102\/~newunicas\/blog\/wp-content\/uploads\/2014\/03\/chanel-shopping-center13.jpg\" alt=\"Chanel Shopping Center: el supermercado de la moda\" width=\"600\" srcset=\"https:\/\/www.unicas.pe\/blog\/wp-content\/uploads\/2014\/03\/chanel-shopping-center13.jpg 650w, https:\/\/www.unicas.pe\/blog\/wp-content\/uploads\/2014\/03\/chanel-shopping-center13-300x224.jpg 300w, https:\/\/www.unicas.pe\/blog\/wp-content\/uploads\/2014\/03\/chanel-shopping-center13-80x60.jpg 80w, https:\/\/www.unicas.pe\/blog\/wp-content\/uploads\/2014\/03\/chanel-shopping-center13-160x120.jpg 160w, https:\/\/www.unicas.pe\/blog\/wp-content\/uploads\/2014\/03\/chanel-shopping-center13-265x198.jpg 265w, https:\/\/www.unicas.pe\/blog\/wp-content\/uploads\/2014\/03\/chanel-shopping-center13-530x396.jpg 530w, https:\/\/www.unicas.pe\/blog\/wp-content\/uploads\/2014\/03\/chanel-shopping-center13-648x486.jpg 648w, https:\/\/www.unicas.pe\/blog\/wp-content\/uploads\/2014\/03\/chanel-shopping-center13-562x420.jpg 562w\" sizes=\"(max-width: 650px) 100vw, 650px\" \/><\/p>\n","protected":false},"excerpt":{"rendered":"<p>El exitoso dise\u00f1ador alem\u00e1n, Karl Lagerfeld, present\u00f3 su \u00faltima colecci\u00f3n oto\u00f1o-invierno en un supermercado, creado en el Grand Palais de Par\u00eds .<\/p>\n","protected":false},"author":1,"featured_media":4144,"comment_status":"closed","ping_status":"open","sticky":false,"template":"","format":"standard","meta":[],"categories":[26],"tags":[5396,1863,5397,1943,5399,5398,2627,3660,3294],"yoast_head":"<!-- This site is optimized with the Yoast SEO plugin v16.0.2 - https:\/\/yoast.com\/wordpress\/plugins\/seo\/ -->\n<link rel=\"canonical\" href=\"https:\/\/www.unicas.pe\/blog\/chanel-shopping-center\/\" \/>\n<meta property=\"og:locale\" content=\"es_ES\" \/>\n<meta property=\"og:type\" content=\"article\" \/>\n<meta property=\"og:title\" content=\"Chanel Shopping Center: el supermercado de la moda - Unicas\" \/>\n<meta property=\"og:description\" content=\"El exitoso dise\u00f1ador alem\u00e1n, Karl Lagerfeld, present\u00f3 su \u00faltima colecci\u00f3n oto\u00f1o-invierno en un supermercado, creado en el Grand Palais de Par\u00eds .\" \/>\n<meta property=\"og:url\" content=\"https:\/\/www.unicas.pe\/blog\/chanel-shopping-center\/\" \/>\n<meta property=\"og:site_name\" content=\"Unicas\" \/>\n<meta property=\"article:published_time\" content=\"2014-03-12T01:53:43+00:00\" \/>\n<meta property=\"article:modified_time\" content=\"2019-01-11T02:35:23+00:00\" \/>\n<meta property=\"og:image\" content=\"https:\/\/www.unicas.pe\/blog\/wp-content\/uploads\/2014\/03\/chanel-shopping-center1.jpg\" \/>\n\t<meta property=\"og:image:width\" content=\"650\" \/>\n\t<meta property=\"og:image:height\" content=\"602\" \/>\n<meta name=\"twitter:card\" content=\"summary_large_image\" \/>\n<meta name=\"twitter:label1\" content=\"Tiempo de lectura\">\n\t<meta name=\"twitter:data1\" content=\"2 minutos\">\n<script type=\"application\/ld+json\" class=\"yoast-schema-graph\">{\"@context\":\"https:\/\/schema.org\",\"@graph\":[{\"@type\":\"WebSite\",\"@id\":\"https:\/\/www.unicas.pe\/blog\/#website\",\"url\":\"https:\/\/www.unicas.pe\/blog\/\",\"name\":\"Unicas\",\"description\":\"Blog sobre belleza, maquillaje, moda, y mucho m\\u00e1s.\",\"potentialAction\":[{\"@type\":\"SearchAction\",\"target\":\"https:\/\/www.unicas.pe\/blog\/?s={search_term_string}\",\"query-input\":\"required name=search_term_string\"}],\"inLanguage\":\"es\"},{\"@type\":\"ImageObject\",\"@id\":\"https:\/\/www.unicas.pe\/blog\/chanel-shopping-center\/#primaryimage\",\"inLanguage\":\"es\",\"url\":\"https:\/\/www.unicas.pe\/blog\/wp-content\/uploads\/2014\/03\/chanel-shopping-center1.jpg\",\"width\":650,\"height\":602,\"caption\":\"Chanel Shopping Center: el supermercado de la moda\"},{\"@type\":\"WebPage\",\"@id\":\"https:\/\/www.unicas.pe\/blog\/chanel-shopping-center\/#webpage\",\"url\":\"https:\/\/www.unicas.pe\/blog\/chanel-shopping-center\/\",\"name\":\"Chanel Shopping Center: el supermercado de la moda - Unicas\",\"isPartOf\":{\"@id\":\"https:\/\/www.unicas.pe\/blog\/#website\"},\"primaryImageOfPage\":{\"@id\":\"https:\/\/www.unicas.pe\/blog\/chanel-shopping-center\/#primaryimage\"},\"datePublished\":\"2014-03-12T01:53:43+00:00\",\"dateModified\":\"2019-01-11T02:35:23+00:00\",\"author\":{\"@id\":\"https:\/\/www.unicas.pe\/blog\/#\/schema\/person\/60053f595c6d0f3f11ed52a01c961cdb\"},\"breadcrumb\":{\"@id\":\"https:\/\/www.unicas.pe\/blog\/chanel-shopping-center\/#breadcrumb\"},\"inLanguage\":\"es\",\"potentialAction\":[{\"@type\":\"ReadAction\",\"target\":[\"https:\/\/www.unicas.pe\/blog\/chanel-shopping-center\/\"]}]},{\"@type\":\"BreadcrumbList\",\"@id\":\"https:\/\/www.unicas.pe\/blog\/chanel-shopping-center\/#breadcrumb\",\"itemListElement\":[{\"@type\":\"ListItem\",\"position\":1,\"item\":{\"@type\":\"WebPage\",\"@id\":\"https:\/\/www.unicas.pe\/blog\/\",\"url\":\"https:\/\/www.unicas.pe\/blog\/\",\"name\":\"Portada\"}},{\"@type\":\"ListItem\",\"position\":2,\"item\":{\"@type\":\"WebPage\",\"@id\":\"https:\/\/www.unicas.pe\/blog\/chanel-shopping-center\/\",\"url\":\"https:\/\/www.unicas.pe\/blog\/chanel-shopping-center\/\",\"name\":\"Chanel Shopping Center: el supermercado de la moda\"}}]},{\"@type\":\"Person\",\"@id\":\"https:\/\/www.unicas.pe\/blog\/#\/schema\/person\/60053f595c6d0f3f11ed52a01c961cdb\",\"name\":\"Katty Gora\",\"image\":{\"@type\":\"ImageObject\",\"@id\":\"https:\/\/www.unicas.pe\/blog\/#personlogo\",\"inLanguage\":\"es\",\"url\":\"https:\/\/www.unicas.pe\/blog\/wp-content\/uploads\/2019\/01\/168392_1786370415133_366102_n-150x150.jpg\",\"caption\":\"Katty Gora\"},\"description\":\"Katty is a passionate blogger, diving into different subjects like fashion, trends, styles and news and more. Discover the great insight of a true quality blogger!\"}]}<\/script>\n<!-- \/ Yoast SEO plugin. -->","_links":{"self":[{"href":"https:\/\/www.unicas.pe\/blog\/wp-json\/wp\/v2\/posts\/4157"}],"collection":[{"href":"https:\/\/www.unicas.pe\/blog\/wp-json\/wp\/v2\/posts"}],"about":[{"href":"https:\/\/www.unicas.pe\/blog\/wp-json\/wp\/v2\/types\/post"}],"author":[{"embeddable":true,"href":"https:\/\/www.unicas.pe\/blog\/wp-json\/wp\/v2\/users\/1"}],"replies":[{"embeddable":true,"href":"https:\/\/www.unicas.pe\/blog\/wp-json\/wp\/v2\/comments?post=4157"}],"version-history":[{"count":1,"href":"https:\/\/www.unicas.pe\/blog\/wp-json\/wp\/v2\/posts\/4157\/revisions"}],"predecessor-version":[{"id":10578,"href":"https:\/\/www.unicas.pe\/blog\/wp-json\/wp\/v2\/posts\/4157\/revisions\/10578"}],"wp:featuredmedia":[{"embeddable":true,"href":"https:\/\/www.unicas.pe\/blog\/wp-json\/wp\/v2\/media\/4144"}],"wp:attachment":[{"href":"https:\/\/www.unicas.pe\/blog\/wp-json\/wp\/v2\/media?parent=4157"}],"wp:term":[{"taxonomy":"category","embeddable":true,"href":"https:\/\/www.unicas.pe\/blog\/wp-json\/wp\/v2\/categories?post=4157"},{"taxonomy":"post_tag","embeddable":true,"href":"https:\/\/www.unicas.pe\/blog\/wp-json\/wp\/v2\/tags?post=4157"}],"curies":[{"name":"wp","href":"https:\/\/api.w.org\/{rel}","templated":true}]}}