{"id":4166,"date":"2014-03-11T21:11:05","date_gmt":"2014-03-12T02:11:05","guid":{"rendered":"http:\/\/209.133.219.102\/~newunicas\/blog\/2014\/03\/11\/angelina-jolie-posa-como-malefica-disney\/"},"modified":"2019-01-10T21:35:23","modified_gmt":"2019-01-11T02:35:23","slug":"angelina-jolie-posa-como-malefica-disney","status":"publish","type":"post","link":"https:\/\/www.unicas.pe\/blog\/angelina-jolie-posa-como-malefica-disney\/","title":{"rendered":"Angelina Jolie posa como \u201cMal\u00e9fica\u201d"},"content":{"rendered":"<p style=\"text-align: justify;\"><strong>Angelina Jolie<\/strong> pos\u00f3 como villana de Disney en la revista Entertaiment Weekly. En su nueva faceta de mala, Jolie espera \u00a0encantar a sus millones de fans.<\/p>\n<p>  <!--more-->  <\/p>\n<p style=\"text-align: justify;\">Hermosa y encantadora. As\u00ed podr\u00edamos definir a <strong>Angelina Jolie<\/strong>. La actriz de Hollywood nos \u00a0sorprende en su nueva faceta de malvada, al interpretar a <strong>\u201cMal\u00e9fica\u201d. Este es el primer filme que Disney narra la historia de la bruja del cl\u00e1sico cuento \u201cLa Bella Durmiente\u201d<\/strong>. Aunque millones de fan\u00e1ticos esperan el mes de mayo su estreno, nuestra querida Angelina, pos\u00f3 para la revista Entertaiment Weekly vestida con su nuevo personaje.\u00a0<\/p>\n<p><img class=\" size-full wp-image-4158\" style=\"display: block; margin-left: auto; margin-right: auto;\" title=\"Angelina Jolie posa como \u201cMal\u00e9fica\u201d\" src=\"http:\/\/209.133.219.102\/~newunicas\/blog\/wp-content\/uploads\/2014\/03\/angelina-jolie-posa-como-malefica1.jpg\" alt=\"Angelina Jolie posa como \u201cMal\u00e9fica\u201d\" width=\"600\" srcset=\"https:\/\/www.unicas.pe\/blog\/wp-content\/uploads\/2014\/03\/angelina-jolie-posa-como-malefica1.jpg 650w, https:\/\/www.unicas.pe\/blog\/wp-content\/uploads\/2014\/03\/angelina-jolie-posa-como-malefica1-194x300.jpg 194w, https:\/\/www.unicas.pe\/blog\/wp-content\/uploads\/2014\/03\/angelina-jolie-posa-como-malefica1-272x420.jpg 272w, https:\/\/www.unicas.pe\/blog\/wp-content\/uploads\/2014\/03\/angelina-jolie-posa-como-malefica1-544x840.jpg 544w\" sizes=\"(max-width: 650px) 100vw, 650px\" \/><\/p>\n<p><img class=\" size-full wp-image-4159\" style=\"display: block; margin-left: auto; margin-right: auto;\" title=\"Angelina Jolie posa como \u201cMal\u00e9fica\u201d\" src=\"http:\/\/209.133.219.102\/~newunicas\/blog\/wp-content\/uploads\/2014\/03\/angelina-jolie-posa-como-malefica2.jpg\" alt=\"Angelina Jolie posa como \u201cMal\u00e9fica\u201d\" width=\"600\" srcset=\"https:\/\/www.unicas.pe\/blog\/wp-content\/uploads\/2014\/03\/angelina-jolie-posa-como-malefica2.jpg 650w, https:\/\/www.unicas.pe\/blog\/wp-content\/uploads\/2014\/03\/angelina-jolie-posa-como-malefica2-300x225.jpg 300w, https:\/\/www.unicas.pe\/blog\/wp-content\/uploads\/2014\/03\/angelina-jolie-posa-como-malefica2-80x60.jpg 80w, https:\/\/www.unicas.pe\/blog\/wp-content\/uploads\/2014\/03\/angelina-jolie-posa-como-malefica2-160x120.jpg 160w, https:\/\/www.unicas.pe\/blog\/wp-content\/uploads\/2014\/03\/angelina-jolie-posa-como-malefica2-265x198.jpg 265w, https:\/\/www.unicas.pe\/blog\/wp-content\/uploads\/2014\/03\/angelina-jolie-posa-como-malefica2-559x420.jpg 559w\" sizes=\"(max-width: 650px) 100vw, 650px\" \/><\/p>\n<p style=\"text-align: justify;\">Con capa, cetro y puntiagudos cuernos, Jolie demuestra que tiene todo el talento para dar vida a este personaje. La actriz confes\u00f3 la clave para interpretar a la villana de la Bella Durmiente, solo se pregunt\u00f3 a s\u00ed misma \u201c\u00bfQu\u00e9 convierte a las personas malas y viles, agresivas y crueles? \u00bfQu\u00e9 pudo haber pasado?\u201d.<\/p>\n<p><img class=\" size-full wp-image-4160\" style=\"display: block; margin-left: auto; margin-right: auto;\" title=\"Angelina Jolie posa como \u201cMal\u00e9fica\u201d\" src=\"http:\/\/209.133.219.102\/~newunicas\/blog\/wp-content\/uploads\/2014\/03\/angelina-jolie-posa-como-malefica3.jpg\" alt=\"Angelina Jolie posa como \u201cMal\u00e9fica\u201d\" width=\"600\" srcset=\"https:\/\/www.unicas.pe\/blog\/wp-content\/uploads\/2014\/03\/angelina-jolie-posa-como-malefica3.jpg 650w, https:\/\/www.unicas.pe\/blog\/wp-content\/uploads\/2014\/03\/angelina-jolie-posa-como-malefica3-242x300.jpg 242w, https:\/\/www.unicas.pe\/blog\/wp-content\/uploads\/2014\/03\/angelina-jolie-posa-como-malefica3-324x400.jpg 324w, https:\/\/www.unicas.pe\/blog\/wp-content\/uploads\/2014\/03\/angelina-jolie-posa-como-malefica3-339x420.jpg 339w\" sizes=\"(max-width: 650px) 100vw, 650px\" \/><\/p>\n<p><img class=\" size-full wp-image-4161\" style=\"display: block; margin-left: auto; margin-right: auto;\" title=\"Angelina Jolie posa como \u201cMal\u00e9fica\u201d\" src=\"http:\/\/209.133.219.102\/~newunicas\/blog\/wp-content\/uploads\/2014\/03\/angelina-jolie-posa-como-malefica4.jpg\" alt=\"Angelina Jolie posa como \u201cMal\u00e9fica\u201d\" width=\"600\" srcset=\"https:\/\/www.unicas.pe\/blog\/wp-content\/uploads\/2014\/03\/angelina-jolie-posa-como-malefica4.jpg 650w, https:\/\/www.unicas.pe\/blog\/wp-content\/uploads\/2014\/03\/angelina-jolie-posa-como-malefica4-250x300.jpg 250w, https:\/\/www.unicas.pe\/blog\/wp-content\/uploads\/2014\/03\/angelina-jolie-posa-como-malefica4-350x420.jpg 350w\" sizes=\"(max-width: 650px) 100vw, 650px\" \/><\/p>\n<p style=\"text-align: justify;\">La actriz se encuentra emocionada por el estreno de la cinta, que relatar\u00e1 la historia de una de las villanas m\u00e1s recordadas de Disney. Elle Fanning, Juno Temple, Sharlto Copley, Brenton Thwaites, Imelda Staunton y Lesley Manville, son parte de los personajes que actuar\u00e1n en este filme.<\/p>\n<p><img class=\" size-full wp-image-4162\" style=\"display: block; margin-left: auto; margin-right: auto;\" title=\"Angelina Jolie posa como \u201cMal\u00e9fica\u201d\" src=\"http:\/\/209.133.219.102\/~newunicas\/blog\/wp-content\/uploads\/2014\/03\/angelina-jolie-posa-como-malefica5.jpg\" alt=\"Angelina Jolie posa como \u201cMal\u00e9fica\u201d\" width=\"600\" srcset=\"https:\/\/www.unicas.pe\/blog\/wp-content\/uploads\/2014\/03\/angelina-jolie-posa-como-malefica5.jpg 650w, https:\/\/www.unicas.pe\/blog\/wp-content\/uploads\/2014\/03\/angelina-jolie-posa-como-malefica5-300x225.jpg 300w, https:\/\/www.unicas.pe\/blog\/wp-content\/uploads\/2014\/03\/angelina-jolie-posa-como-malefica5-80x60.jpg 80w, https:\/\/www.unicas.pe\/blog\/wp-content\/uploads\/2014\/03\/angelina-jolie-posa-como-malefica5-160x120.jpg 160w, https:\/\/www.unicas.pe\/blog\/wp-content\/uploads\/2014\/03\/angelina-jolie-posa-como-malefica5-265x198.jpg 265w, https:\/\/www.unicas.pe\/blog\/wp-content\/uploads\/2014\/03\/angelina-jolie-posa-como-malefica5-530x396.jpg 530w, https:\/\/www.unicas.pe\/blog\/wp-content\/uploads\/2014\/03\/angelina-jolie-posa-como-malefica5-648x487.jpg 648w, https:\/\/www.unicas.pe\/blog\/wp-content\/uploads\/2014\/03\/angelina-jolie-posa-como-malefica5-561x420.jpg 561w\" sizes=\"(max-width: 650px) 100vw, 650px\" \/><\/p>\n<p><img class=\" size-full wp-image-4163\" style=\"display: block; margin-left: auto; margin-right: auto;\" title=\"Angelina Jolie posa como \u201cMal\u00e9fica\u201d\" src=\"http:\/\/209.133.219.102\/~newunicas\/blog\/wp-content\/uploads\/2014\/03\/angelina-jolie-posa-como-malefica6.jpg\" alt=\"Angelina Jolie posa como \u201cMal\u00e9fica\u201d\" width=\"600\" srcset=\"https:\/\/www.unicas.pe\/blog\/wp-content\/uploads\/2014\/03\/angelina-jolie-posa-como-malefica6.jpg 650w, https:\/\/www.unicas.pe\/blog\/wp-content\/uploads\/2014\/03\/angelina-jolie-posa-como-malefica6-300x201.jpg 300w, https:\/\/www.unicas.pe\/blog\/wp-content\/uploads\/2014\/03\/angelina-jolie-posa-como-malefica6-648x435.jpg 648w, https:\/\/www.unicas.pe\/blog\/wp-content\/uploads\/2014\/03\/angelina-jolie-posa-como-malefica6-628x420.jpg 628w\" sizes=\"(max-width: 650px) 100vw, 650px\" \/><\/p>\n<p style=\"text-align: justify;\">Disney present\u00f3 un adelanto de la cinta que dura un minuto y medio. Aqu\u00ed vemos un inquietante encuentro entre la bruja Jolie, con unos intensos y amenazantes ojos verdes, y la joven princesa Aurora, interpretada por Elle Fanning.<\/p>\n<p style=\"text-align: center;\"><iframe loading=\"lazy\" src=\"\/\/www.youtube.com\/embed\/nlmepzBRb80\" width=\"560\" height=\"315\" frameborder=\"0\" allowfullscreen=\"\"><\/iframe><\/p>\n<p style=\"text-align: justify;\">En el tr\u00e1iler aparece brevemente la hija menor de Jolie y Brad Pitt, Vivienne, que a sus cuatro a\u00f1os debuta en el cine con el papel de la princesa Aurora de peque\u00f1a.<\/p>\n<p style=\"text-align: justify;\">Dirigida por Robert Stromberg, Mal\u00e9fica narra el cl\u00e1sico cuento de Disney desde el punto de vista de la villana, los acontecimientos que endurecieron su coraz\u00f3n y la llevaron a lanzar una maldici\u00f3n sobre la peque\u00f1a Aurora.<\/p>\n<p><img class=\" size-full wp-image-4164\" style=\"display: block; margin-left: auto; margin-right: auto;\" title=\"Angelina Jolie posa como \u201cMal\u00e9fica\u201d\" src=\"http:\/\/209.133.219.102\/~newunicas\/blog\/wp-content\/uploads\/2014\/03\/angelina-jolie-posa-como-malefica7.jpg\" alt=\"Angelina Jolie posa como \u201cMal\u00e9fica\u201d\" width=\"600\" srcset=\"https:\/\/www.unicas.pe\/blog\/wp-content\/uploads\/2014\/03\/angelina-jolie-posa-como-malefica7.jpg 650w, https:\/\/www.unicas.pe\/blog\/wp-content\/uploads\/2014\/03\/angelina-jolie-posa-como-malefica7-300x180.jpg 300w, https:\/\/www.unicas.pe\/blog\/wp-content\/uploads\/2014\/03\/angelina-jolie-posa-como-malefica7-648x390.jpg 648w\" sizes=\"(max-width: 650px) 100vw, 650px\" \/><\/p>\n<p style=\"text-align: justify;\">Con un presupuesto estimado de US$200 millones, y la propia \u00a0Angelina Jolie como una de las productoras ejecutivas. Se espera que en mayo se estrene primero en los cines de los Estados Unidos. Estaremos atentos para el estreno de <strong>Mal\u00e9fica<\/strong>. Seguro que dar\u00e1 mucho que hablar.<\/p>\n<p><img class=\" size-full wp-image-4165\" style=\"display: block; margin-left: auto; margin-right: auto;\" title=\"Angelina Jolie posa como \u201cMal\u00e9fica\u201d\" src=\"http:\/\/209.133.219.102\/~newunicas\/blog\/wp-content\/uploads\/2014\/03\/angelina-jolie-posa-como-malefica8.jpg\" alt=\"Angelina Jolie posa como \u201cMal\u00e9fica\u201d\" width=\"600\" srcset=\"https:\/\/www.unicas.pe\/blog\/wp-content\/uploads\/2014\/03\/angelina-jolie-posa-como-malefica8.jpg 650w, https:\/\/www.unicas.pe\/blog\/wp-content\/uploads\/2014\/03\/angelina-jolie-posa-como-malefica8-225x300.jpg 225w, https:\/\/www.unicas.pe\/blog\/wp-content\/uploads\/2014\/03\/angelina-jolie-posa-como-malefica8-316x420.jpg 316w, https:\/\/www.unicas.pe\/blog\/wp-content\/uploads\/2014\/03\/angelina-jolie-posa-como-malefica8-631x840.jpg 631w\" sizes=\"(max-width: 650px) 100vw, 650px\" \/><\/p>\n","protected":false},"excerpt":{"rendered":"<p>Angelina Jolie pos\u00f3 como villana de Disney en la revista Entertaiment Weekly. En su nueva faceta de mala, Jolie espera \u00a0encantar a sus millones de fans.<\/p>\n","protected":false},"author":1,"featured_media":4158,"comment_status":"closed","ping_status":"open","sticky":false,"template":"","format":"standard","meta":[],"categories":[22],"tags":[477,515,516,486,3828,5400,5402,830,511,5403,5401,667,5404],"yoast_head":"<!-- This site is optimized with the Yoast SEO plugin v16.0.2 - https:\/\/yoast.com\/wordpress\/plugins\/seo\/ -->\n<link rel=\"canonical\" href=\"https:\/\/www.unicas.pe\/blog\/angelina-jolie-posa-como-malefica-disney\/\" \/>\n<meta property=\"og:locale\" content=\"es_ES\" \/>\n<meta property=\"og:type\" content=\"article\" \/>\n<meta property=\"og:title\" content=\"Angelina Jolie posa como \u201cMal\u00e9fica\u201d - Unicas\" \/>\n<meta property=\"og:description\" content=\"Angelina Jolie pos\u00f3 como villana de Disney en la revista Entertaiment Weekly. En su nueva faceta de mala, Jolie espera \u00a0encantar a sus millones de fans.\" \/>\n<meta property=\"og:url\" content=\"https:\/\/www.unicas.pe\/blog\/angelina-jolie-posa-como-malefica-disney\/\" \/>\n<meta property=\"og:site_name\" content=\"Unicas\" \/>\n<meta property=\"article:published_time\" content=\"2014-03-12T02:11:05+00:00\" \/>\n<meta property=\"article:modified_time\" content=\"2019-01-11T02:35:23+00:00\" \/>\n<meta property=\"og:image\" content=\"https:\/\/www.unicas.pe\/blog\/wp-content\/uploads\/2014\/03\/angelina-jolie-posa-como-malefica1.jpg\" \/>\n\t<meta property=\"og:image:width\" content=\"650\" \/>\n\t<meta property=\"og:image:height\" content=\"1004\" \/>\n<meta name=\"twitter:card\" content=\"summary_large_image\" \/>\n<meta name=\"twitter:label1\" content=\"Tiempo de lectura\">\n\t<meta name=\"twitter:data1\" content=\"2 minutos\">\n<script type=\"application\/ld+json\" class=\"yoast-schema-graph\">{\"@context\":\"https:\/\/schema.org\",\"@graph\":[{\"@type\":\"WebSite\",\"@id\":\"https:\/\/www.unicas.pe\/blog\/#website\",\"url\":\"https:\/\/www.unicas.pe\/blog\/\",\"name\":\"Unicas\",\"description\":\"Blog sobre belleza, maquillaje, moda, y mucho m\\u00e1s.\",\"potentialAction\":[{\"@type\":\"SearchAction\",\"target\":\"https:\/\/www.unicas.pe\/blog\/?s={search_term_string}\",\"query-input\":\"required name=search_term_string\"}],\"inLanguage\":\"es\"},{\"@type\":\"ImageObject\",\"@id\":\"https:\/\/www.unicas.pe\/blog\/angelina-jolie-posa-como-malefica-disney\/#primaryimage\",\"inLanguage\":\"es\",\"url\":\"https:\/\/www.unicas.pe\/blog\/wp-content\/uploads\/2014\/03\/angelina-jolie-posa-como-malefica1.jpg\",\"width\":650,\"height\":1004,\"caption\":\"Angelina Jolie posa como \\u201cMal\\u00e9fica\\u201d\"},{\"@type\":\"WebPage\",\"@id\":\"https:\/\/www.unicas.pe\/blog\/angelina-jolie-posa-como-malefica-disney\/#webpage\",\"url\":\"https:\/\/www.unicas.pe\/blog\/angelina-jolie-posa-como-malefica-disney\/\",\"name\":\"Angelina Jolie posa como \\u201cMal\\u00e9fica\\u201d - Unicas\",\"isPartOf\":{\"@id\":\"https:\/\/www.unicas.pe\/blog\/#website\"},\"primaryImageOfPage\":{\"@id\":\"https:\/\/www.unicas.pe\/blog\/angelina-jolie-posa-como-malefica-disney\/#primaryimage\"},\"datePublished\":\"2014-03-12T02:11:05+00:00\",\"dateModified\":\"2019-01-11T02:35:23+00:00\",\"author\":{\"@id\":\"https:\/\/www.unicas.pe\/blog\/#\/schema\/person\/60053f595c6d0f3f11ed52a01c961cdb\"},\"breadcrumb\":{\"@id\":\"https:\/\/www.unicas.pe\/blog\/angelina-jolie-posa-como-malefica-disney\/#breadcrumb\"},\"inLanguage\":\"es\",\"potentialAction\":[{\"@type\":\"ReadAction\",\"target\":[\"https:\/\/www.unicas.pe\/blog\/angelina-jolie-posa-como-malefica-disney\/\"]}]},{\"@type\":\"BreadcrumbList\",\"@id\":\"https:\/\/www.unicas.pe\/blog\/angelina-jolie-posa-como-malefica-disney\/#breadcrumb\",\"itemListElement\":[{\"@type\":\"ListItem\",\"position\":1,\"item\":{\"@type\":\"WebPage\",\"@id\":\"https:\/\/www.unicas.pe\/blog\/\",\"url\":\"https:\/\/www.unicas.pe\/blog\/\",\"name\":\"Portada\"}},{\"@type\":\"ListItem\",\"position\":2,\"item\":{\"@type\":\"WebPage\",\"@id\":\"https:\/\/www.unicas.pe\/blog\/angelina-jolie-posa-como-malefica-disney\/\",\"url\":\"https:\/\/www.unicas.pe\/blog\/angelina-jolie-posa-como-malefica-disney\/\",\"name\":\"Angelina Jolie posa como \\u201cMal\\u00e9fica\\u201d\"}}]},{\"@type\":\"Person\",\"@id\":\"https:\/\/www.unicas.pe\/blog\/#\/schema\/person\/60053f595c6d0f3f11ed52a01c961cdb\",\"name\":\"Katty Gora\",\"image\":{\"@type\":\"ImageObject\",\"@id\":\"https:\/\/www.unicas.pe\/blog\/#personlogo\",\"inLanguage\":\"es\",\"url\":\"https:\/\/www.unicas.pe\/blog\/wp-content\/uploads\/2019\/01\/168392_1786370415133_366102_n-150x150.jpg\",\"caption\":\"Katty Gora\"},\"description\":\"Katty is a passionate blogger, diving into different subjects like fashion, trends, styles and news and more. Discover the great insight of a true quality blogger!\"}]}<\/script>\n<!-- \/ Yoast SEO plugin. -->","_links":{"self":[{"href":"https:\/\/www.unicas.pe\/blog\/wp-json\/wp\/v2\/posts\/4166"}],"collection":[{"href":"https:\/\/www.unicas.pe\/blog\/wp-json\/wp\/v2\/posts"}],"about":[{"href":"https:\/\/www.unicas.pe\/blog\/wp-json\/wp\/v2\/types\/post"}],"author":[{"embeddable":true,"href":"https:\/\/www.unicas.pe\/blog\/wp-json\/wp\/v2\/users\/1"}],"replies":[{"embeddable":true,"href":"https:\/\/www.unicas.pe\/blog\/wp-json\/wp\/v2\/comments?post=4166"}],"version-history":[{"count":1,"href":"https:\/\/www.unicas.pe\/blog\/wp-json\/wp\/v2\/posts\/4166\/revisions"}],"predecessor-version":[{"id":10577,"href":"https:\/\/www.unicas.pe\/blog\/wp-json\/wp\/v2\/posts\/4166\/revisions\/10577"}],"wp:featuredmedia":[{"embeddable":true,"href":"https:\/\/www.unicas.pe\/blog\/wp-json\/wp\/v2\/media\/4158"}],"wp:attachment":[{"href":"https:\/\/www.unicas.pe\/blog\/wp-json\/wp\/v2\/media?parent=4166"}],"wp:term":[{"taxonomy":"category","embeddable":true,"href":"https:\/\/www.unicas.pe\/blog\/wp-json\/wp\/v2\/categories?post=4166"},{"taxonomy":"post_tag","embeddable":true,"href":"https:\/\/www.unicas.pe\/blog\/wp-json\/wp\/v2\/tags?post=4166"}],"curies":[{"name":"wp","href":"https:\/\/api.w.org\/{rel}","templated":true}]}}