{"id":421,"date":"2013-09-06T13:38:17","date_gmt":"2013-09-06T18:38:17","guid":{"rendered":"http:\/\/209.133.219.102\/~newunicas\/blog\/2013\/09\/06\/alejandro-sanz-mas-seguido-twitter\/"},"modified":"2019-01-10T21:38:58","modified_gmt":"2019-01-11T02:38:58","slug":"alejandro-sanz-mas-seguido-twitter","status":"publish","type":"post","link":"https:\/\/www.unicas.pe\/blog\/alejandro-sanz-mas-seguido-twitter\/","title":{"rendered":"Alejandro Sanz celebra ser el espa\u00f1ol m\u00e1s seguido en twitter"},"content":{"rendered":"<p><strong>Alejandro San<\/strong>z public\u00f3 un video en el que agradece la gran acogida que tiene en dicha red social, la cual mantiene actualizada casi a diario.<\/p>\n<p>  <!--more-->  <\/p>\n<p style=\"text-align: justify;\">\u00a0Porque 10 millones de seguidores no es poco, el cantautor espa\u00f1ol <strong>Alejandro Sanz<\/strong> celebr\u00f3 que en su cuenta de twitter haya superado esa cifra con un emotivo video. El mismo est\u00e1 acompa\u00f1ado de un fragmento de su canci\u00f3n \u201cLa m\u00fasica no se toca\u201d.<\/p>\n<p style=\"text-align: justify;\">Se trata de una animaci\u00f3n en la que se observa al dibujo de una persona recoger en una caja figuritas humanas de color celeste, que representan a sus seguidores de la mencionada red social. A continuaci\u00f3n, dicha cajita se convierte en un coraz\u00f3n tambi\u00e9n celeste. El mensaje final es #10 millones de gracias.<\/p>\n<p><img class=\" size-full wp-image-420\" src=\"http:\/\/209.133.219.102\/~newunicas\/blog\/wp-content\/uploads\/2013\/09\/sanz-twitter.jpg\" alt=\"Alejandro Sanz celebra ser el espa\u00f1ol m\u00e1s seguido en twitter\" title=\"Alejandro Sanz celebra ser el espa\u00f1ol m\u00e1s seguido en twitter\" width=\"600\" style=\"display: block; margin-left: auto; margin-right: auto;\" srcset=\"https:\/\/www.unicas.pe\/blog\/wp-content\/uploads\/2013\/09\/sanz-twitter.jpg 650w, https:\/\/www.unicas.pe\/blog\/wp-content\/uploads\/2013\/09\/sanz-twitter-300x143.jpg 300w, https:\/\/www.unicas.pe\/blog\/wp-content\/uploads\/2013\/09\/sanz-twitter-648x310.jpg 648w\" sizes=\"(max-width: 650px) 100vw, 650px\" \/><\/p>\n<p style=\"text-align: justify;\">Dicha cantidad lo convierte en el espa\u00f1ol con m\u00e1s adeptos en la comunidad twittera, d\u00e1ndose el lujo de superar en el ranking a grandes clubes como el F\u00fatbol Club Barcelona o el Real Madrid, o a \u00edconos mundiales como Andr\u00e9s Iniesta y Gerard Piqu\u00e9.De hecho, las estad\u00edsticas apuntan a que la cuenta de Sanz crece a 6 millones de nuevos followers por d\u00eda.<\/p>\n<p style=\"text-align: justify;\"><span style=\"line-height: 1.3em;\">Cabe recordar que <strong>Alejandro Sanz<\/strong>, el int\u00e9rprete de ya cl\u00e1sicas baladas como \u201cCoraz\u00f3n parti\u00f3\u201d o \u201cCuando nadie me ve\u201d, vino a Per\u00fa este a\u00f1o para dar un concierto el 26 de febrero, en el cual cant\u00f3 un tema junto a Gianmarco y, al enterarse del problema de salud de Pedro Su\u00e1rez Vertiz, le envi\u00f3 saludos dese\u00e1ndole lo mejor.<\/span><\/p>\n<p style=\"text-align: justify;\">\u00a0<\/p>\n","protected":false},"excerpt":{"rendered":"<p>Alejandro Sanz public\u00f3 un video en el que agradece la gran acogida que tiene en dicha red social, la cual mantiene actualizada casi a diario.<\/p>\n","protected":false},"author":1,"featured_media":420,"comment_status":"closed","ping_status":"open","sticky":false,"template":"","format":"standard","meta":[],"categories":[22],"tags":[518,333,366,519,380,520,169],"yoast_head":"<!-- This site is optimized with the Yoast SEO plugin v16.0.2 - https:\/\/yoast.com\/wordpress\/plugins\/seo\/ -->\n<link rel=\"canonical\" href=\"https:\/\/www.unicas.pe\/blog\/alejandro-sanz-mas-seguido-twitter\/\" \/>\n<meta property=\"og:locale\" content=\"es_ES\" \/>\n<meta property=\"og:type\" content=\"article\" \/>\n<meta property=\"og:title\" content=\"Alejandro Sanz celebra ser el espa\u00f1ol m\u00e1s seguido en twitter - Unicas\" \/>\n<meta property=\"og:description\" content=\"Alejandro Sanz public\u00f3 un video en el que agradece la gran acogida que tiene en dicha red social, la cual mantiene actualizada casi a diario.\" \/>\n<meta property=\"og:url\" content=\"https:\/\/www.unicas.pe\/blog\/alejandro-sanz-mas-seguido-twitter\/\" \/>\n<meta property=\"og:site_name\" content=\"Unicas\" \/>\n<meta property=\"article:published_time\" content=\"2013-09-06T18:38:17+00:00\" \/>\n<meta property=\"article:modified_time\" content=\"2019-01-11T02:38:58+00:00\" \/>\n<meta property=\"og:image\" content=\"https:\/\/www.unicas.pe\/blog\/wp-content\/uploads\/2013\/09\/sanz-twitter.jpg\" \/>\n\t<meta property=\"og:image:width\" content=\"650\" \/>\n\t<meta property=\"og:image:height\" content=\"310\" \/>\n<meta name=\"twitter:card\" content=\"summary_large_image\" \/>\n<meta name=\"twitter:label1\" content=\"Tiempo de lectura\">\n\t<meta name=\"twitter:data1\" content=\"1 minuto\">\n<script type=\"application\/ld+json\" class=\"yoast-schema-graph\">{\"@context\":\"https:\/\/schema.org\",\"@graph\":[{\"@type\":\"WebSite\",\"@id\":\"https:\/\/www.unicas.pe\/blog\/#website\",\"url\":\"https:\/\/www.unicas.pe\/blog\/\",\"name\":\"Unicas\",\"description\":\"Blog sobre belleza, maquillaje, moda, y mucho m\\u00e1s.\",\"potentialAction\":[{\"@type\":\"SearchAction\",\"target\":\"https:\/\/www.unicas.pe\/blog\/?s={search_term_string}\",\"query-input\":\"required name=search_term_string\"}],\"inLanguage\":\"es\"},{\"@type\":\"ImageObject\",\"@id\":\"https:\/\/www.unicas.pe\/blog\/alejandro-sanz-mas-seguido-twitter\/#primaryimage\",\"inLanguage\":\"es\",\"url\":\"https:\/\/www.unicas.pe\/blog\/wp-content\/uploads\/2013\/09\/sanz-twitter.jpg\",\"width\":650,\"height\":310,\"caption\":\"Alejandro Sanz celebra ser el espa\\u00f1ol m\\u00e1s seguido en twitter\"},{\"@type\":\"WebPage\",\"@id\":\"https:\/\/www.unicas.pe\/blog\/alejandro-sanz-mas-seguido-twitter\/#webpage\",\"url\":\"https:\/\/www.unicas.pe\/blog\/alejandro-sanz-mas-seguido-twitter\/\",\"name\":\"Alejandro Sanz celebra ser el espa\\u00f1ol m\\u00e1s seguido en twitter - Unicas\",\"isPartOf\":{\"@id\":\"https:\/\/www.unicas.pe\/blog\/#website\"},\"primaryImageOfPage\":{\"@id\":\"https:\/\/www.unicas.pe\/blog\/alejandro-sanz-mas-seguido-twitter\/#primaryimage\"},\"datePublished\":\"2013-09-06T18:38:17+00:00\",\"dateModified\":\"2019-01-11T02:38:58+00:00\",\"author\":{\"@id\":\"https:\/\/www.unicas.pe\/blog\/#\/schema\/person\/60053f595c6d0f3f11ed52a01c961cdb\"},\"breadcrumb\":{\"@id\":\"https:\/\/www.unicas.pe\/blog\/alejandro-sanz-mas-seguido-twitter\/#breadcrumb\"},\"inLanguage\":\"es\",\"potentialAction\":[{\"@type\":\"ReadAction\",\"target\":[\"https:\/\/www.unicas.pe\/blog\/alejandro-sanz-mas-seguido-twitter\/\"]}]},{\"@type\":\"BreadcrumbList\",\"@id\":\"https:\/\/www.unicas.pe\/blog\/alejandro-sanz-mas-seguido-twitter\/#breadcrumb\",\"itemListElement\":[{\"@type\":\"ListItem\",\"position\":1,\"item\":{\"@type\":\"WebPage\",\"@id\":\"https:\/\/www.unicas.pe\/blog\/\",\"url\":\"https:\/\/www.unicas.pe\/blog\/\",\"name\":\"Portada\"}},{\"@type\":\"ListItem\",\"position\":2,\"item\":{\"@type\":\"WebPage\",\"@id\":\"https:\/\/www.unicas.pe\/blog\/alejandro-sanz-mas-seguido-twitter\/\",\"url\":\"https:\/\/www.unicas.pe\/blog\/alejandro-sanz-mas-seguido-twitter\/\",\"name\":\"Alejandro Sanz celebra ser el espa\\u00f1ol m\\u00e1s seguido en twitter\"}}]},{\"@type\":\"Person\",\"@id\":\"https:\/\/www.unicas.pe\/blog\/#\/schema\/person\/60053f595c6d0f3f11ed52a01c961cdb\",\"name\":\"Katty Gora\",\"image\":{\"@type\":\"ImageObject\",\"@id\":\"https:\/\/www.unicas.pe\/blog\/#personlogo\",\"inLanguage\":\"es\",\"url\":\"https:\/\/www.unicas.pe\/blog\/wp-content\/uploads\/2019\/01\/168392_1786370415133_366102_n-150x150.jpg\",\"caption\":\"Katty Gora\"},\"description\":\"Katty is a passionate blogger, diving into different subjects like fashion, trends, styles and news and more. Discover the great insight of a true quality blogger!\"}]}<\/script>\n<!-- \/ Yoast SEO plugin. -->","_links":{"self":[{"href":"https:\/\/www.unicas.pe\/blog\/wp-json\/wp\/v2\/posts\/421"}],"collection":[{"href":"https:\/\/www.unicas.pe\/blog\/wp-json\/wp\/v2\/posts"}],"about":[{"href":"https:\/\/www.unicas.pe\/blog\/wp-json\/wp\/v2\/types\/post"}],"author":[{"embeddable":true,"href":"https:\/\/www.unicas.pe\/blog\/wp-json\/wp\/v2\/users\/1"}],"replies":[{"embeddable":true,"href":"https:\/\/www.unicas.pe\/blog\/wp-json\/wp\/v2\/comments?post=421"}],"version-history":[{"count":1,"href":"https:\/\/www.unicas.pe\/blog\/wp-json\/wp\/v2\/posts\/421\/revisions"}],"predecessor-version":[{"id":11477,"href":"https:\/\/www.unicas.pe\/blog\/wp-json\/wp\/v2\/posts\/421\/revisions\/11477"}],"wp:featuredmedia":[{"embeddable":true,"href":"https:\/\/www.unicas.pe\/blog\/wp-json\/wp\/v2\/media\/420"}],"wp:attachment":[{"href":"https:\/\/www.unicas.pe\/blog\/wp-json\/wp\/v2\/media?parent=421"}],"wp:term":[{"taxonomy":"category","embeddable":true,"href":"https:\/\/www.unicas.pe\/blog\/wp-json\/wp\/v2\/categories?post=421"},{"taxonomy":"post_tag","embeddable":true,"href":"https:\/\/www.unicas.pe\/blog\/wp-json\/wp\/v2\/tags?post=421"}],"curies":[{"name":"wp","href":"https:\/\/api.w.org\/{rel}","templated":true}]}}