{"id":428,"date":"2013-09-06T21:12:41","date_gmt":"2013-09-07T02:12:41","guid":{"rendered":"http:\/\/209.133.219.102\/~newunicas\/blog\/2013\/09\/06\/artistas-contra-bullying\/"},"modified":"2019-01-10T21:38:58","modified_gmt":"2019-01-11T02:38:58","slug":"artistas-contra-bullying","status":"publish","type":"post","link":"https:\/\/www.unicas.pe\/blog\/artistas-contra-bullying\/","title":{"rendered":"Artistas peruanos se unen contra el bullying"},"content":{"rendered":"<p>La ONG Eres Unico y 15 de los <strong>artistas<\/strong> m\u00e1s importantes del pa\u00eds se unen para combatir el bullying. El video \u201cEres \u00fanico\u201d ser\u00e1 estrenado el 15 de setiembre.<\/p>\n<p>  <!--more-->  <\/p>\n<p>Para un mal como el bullying, que se multiplica cada d\u00eda y adquiere nuevas modalidades gracias a las redes sociales, diferentes <strong>artistas<\/strong> se han unido a una causa que pretende hacer una gran llamada de atenci\u00f3n. Se trata del proyecto de la ONG Eres \u00fanico, la cual, ha juntado a grandes talentos para colaborar en una canci\u00f3n concientizadora.<\/p>\n<p>Los invitados son Pedro Suarez Vertiz, Eva Ayllon, Ezio Oliva del grupo Adammo, entre otros, los cuales se adhieren a la necesidad de inculcar una buena estima en los ni\u00f1os, para que se sientan especiales y \u00fanicos. As\u00ed, la ONG busca que cada persona se valore tal como es y respete al pr\u00f3jimo de la misma forma.\u00a0<\/p>\n<p><img class=\" size-full wp-image-426\" src=\"http:\/\/209.133.219.102\/~newunicas\/blog\/wp-content\/uploads\/2013\/09\/buli2.jpg\" width=\"600\" style=\"display: block; margin-left: auto; margin-right: auto;\" srcset=\"https:\/\/www.unicas.pe\/blog\/wp-content\/uploads\/2013\/09\/buli2.jpg 650w, https:\/\/www.unicas.pe\/blog\/wp-content\/uploads\/2013\/09\/buli2-300x159.jpg 300w, https:\/\/www.unicas.pe\/blog\/wp-content\/uploads\/2013\/09\/buli2-648x345.jpg 648w\" sizes=\"(max-width: 650px) 100vw, 650px\" \/><\/p>\n<p>El tema fue compuesto por Jerffry Fischman, ex fundador de L\u00edbido. A su vez, ser\u00e1 remasterizado por <strong>Peter Mokran<\/strong> (quien ha trabajado con Michael Jackson, Camila, Mary J Blidge) en <strong>Conway Studios L.A.<\/strong> (Guns n Roses, Tom Pertty, Katie Perry, etc.). Cabe se\u00f1alar que el video fue dirigido por Joaqu\u00edn Cambre, director de videos de Mana, Cerati, Arjona, Calle 13 y Julieta Venegas.<\/p>\n<p>Su estreno oficial ser\u00e1 el 15 de setiembre, como parte del evento \u201cCaminata por la Paz Escolar\u201d, en la Avenida De La Peruanidad. Dicho evento contar\u00e1 con la presencia del presidente Ollanta Humala. Adem\u00e1s, dos d\u00edas despu\u00e9s ser\u00e1 El Gran Evento de Gala, una velada con distinguidos talentos que incluso traer\u00e1 al ex integrante de Bacilos, Jorge Villamizar.<\/p>\n<p><img class=\" size-full wp-image-427\" src=\"http:\/\/209.133.219.102\/~newunicas\/blog\/wp-content\/uploads\/2013\/09\/buli3.jpg\" width=\"600\" style=\"display: block; margin-left: auto; margin-right: auto;\" srcset=\"https:\/\/www.unicas.pe\/blog\/wp-content\/uploads\/2013\/09\/buli3.jpg 650w, https:\/\/www.unicas.pe\/blog\/wp-content\/uploads\/2013\/09\/buli3-300x225.jpg 300w, https:\/\/www.unicas.pe\/blog\/wp-content\/uploads\/2013\/09\/buli3-80x60.jpg 80w, https:\/\/www.unicas.pe\/blog\/wp-content\/uploads\/2013\/09\/buli3-160x120.jpg 160w, https:\/\/www.unicas.pe\/blog\/wp-content\/uploads\/2013\/09\/buli3-265x198.jpg 265w, https:\/\/www.unicas.pe\/blog\/wp-content\/uploads\/2013\/09\/buli3-559x420.jpg 559w\" sizes=\"(max-width: 650px) 100vw, 650px\" \/><\/p>\n<p>Cabe destacar que el problema del acoso sexual tiene unas estad\u00edsticas escalofriantes: \u00a0<strong>solo en Lima, el Ministerio de Educaci\u00f3n ha reportado 40 casos de bullying, de ellos, siete menores terminaron quit\u00e1ndose la vida<\/strong>. Ante esta triste realidad, Fischman destaca que se busca, lejos de castigar al agresor, decirle: \u00bfPorqu\u00e9 haces esto?, y a los que s\u00f3lo observan pasivamente preguntarles \u00a1porque no intervienes? As\u00ed, los artistas propugnar\u00e1n que se tomen acciones al respecto.<\/p>\n","protected":false},"excerpt":{"rendered":"<p>La ONG Eres Unico y 15 de los artistas m\u00e1s importantes del pa\u00eds se unen para combatir el bullying. El video \u201cEres \u00fanico\u201d ser\u00e1 estrenado el 15 de setiembre.<\/p>\n","protected":false},"author":1,"featured_media":426,"comment_status":"closed","ping_status":"open","sticky":false,"template":"","format":"standard","meta":[],"categories":[33],"tags":[530,531,532,533,536,535,380,520],"yoast_head":"<!-- This site is optimized with the Yoast SEO plugin v16.0.2 - https:\/\/yoast.com\/wordpress\/plugins\/seo\/ -->\n<link rel=\"canonical\" href=\"https:\/\/www.unicas.pe\/blog\/artistas-contra-bullying\/\" \/>\n<meta property=\"og:locale\" content=\"es_ES\" \/>\n<meta property=\"og:type\" content=\"article\" \/>\n<meta property=\"og:title\" content=\"Artistas peruanos se unen contra el bullying - Unicas\" \/>\n<meta property=\"og:description\" content=\"La ONG Eres Unico y 15 de los artistas m\u00e1s importantes del pa\u00eds se unen para combatir el bullying. El video \u201cEres \u00fanico\u201d ser\u00e1 estrenado el 15 de setiembre.\" \/>\n<meta property=\"og:url\" content=\"https:\/\/www.unicas.pe\/blog\/artistas-contra-bullying\/\" \/>\n<meta property=\"og:site_name\" content=\"Unicas\" \/>\n<meta property=\"article:published_time\" content=\"2013-09-07T02:12:41+00:00\" \/>\n<meta property=\"article:modified_time\" content=\"2019-01-11T02:38:58+00:00\" \/>\n<meta property=\"og:image\" content=\"https:\/\/www.unicas.pe\/blog\/wp-content\/uploads\/2013\/09\/buli2.jpg\" \/>\n\t<meta property=\"og:image:width\" content=\"650\" \/>\n\t<meta property=\"og:image:height\" content=\"345\" \/>\n<meta name=\"twitter:card\" content=\"summary_large_image\" \/>\n<meta name=\"twitter:label1\" content=\"Tiempo de lectura\">\n\t<meta name=\"twitter:data1\" content=\"2 minutos\">\n<script type=\"application\/ld+json\" class=\"yoast-schema-graph\">{\"@context\":\"https:\/\/schema.org\",\"@graph\":[{\"@type\":\"WebSite\",\"@id\":\"https:\/\/www.unicas.pe\/blog\/#website\",\"url\":\"https:\/\/www.unicas.pe\/blog\/\",\"name\":\"Unicas\",\"description\":\"Blog sobre belleza, maquillaje, moda, y mucho m\\u00e1s.\",\"potentialAction\":[{\"@type\":\"SearchAction\",\"target\":\"https:\/\/www.unicas.pe\/blog\/?s={search_term_string}\",\"query-input\":\"required name=search_term_string\"}],\"inLanguage\":\"es\"},{\"@type\":\"ImageObject\",\"@id\":\"https:\/\/www.unicas.pe\/blog\/artistas-contra-bullying\/#primaryimage\",\"inLanguage\":\"es\",\"url\":\"https:\/\/www.unicas.pe\/blog\/wp-content\/uploads\/2013\/09\/buli2.jpg\",\"width\":650,\"height\":345},{\"@type\":\"WebPage\",\"@id\":\"https:\/\/www.unicas.pe\/blog\/artistas-contra-bullying\/#webpage\",\"url\":\"https:\/\/www.unicas.pe\/blog\/artistas-contra-bullying\/\",\"name\":\"Artistas peruanos se unen contra el bullying - Unicas\",\"isPartOf\":{\"@id\":\"https:\/\/www.unicas.pe\/blog\/#website\"},\"primaryImageOfPage\":{\"@id\":\"https:\/\/www.unicas.pe\/blog\/artistas-contra-bullying\/#primaryimage\"},\"datePublished\":\"2013-09-07T02:12:41+00:00\",\"dateModified\":\"2019-01-11T02:38:58+00:00\",\"author\":{\"@id\":\"https:\/\/www.unicas.pe\/blog\/#\/schema\/person\/60053f595c6d0f3f11ed52a01c961cdb\"},\"breadcrumb\":{\"@id\":\"https:\/\/www.unicas.pe\/blog\/artistas-contra-bullying\/#breadcrumb\"},\"inLanguage\":\"es\",\"potentialAction\":[{\"@type\":\"ReadAction\",\"target\":[\"https:\/\/www.unicas.pe\/blog\/artistas-contra-bullying\/\"]}]},{\"@type\":\"BreadcrumbList\",\"@id\":\"https:\/\/www.unicas.pe\/blog\/artistas-contra-bullying\/#breadcrumb\",\"itemListElement\":[{\"@type\":\"ListItem\",\"position\":1,\"item\":{\"@type\":\"WebPage\",\"@id\":\"https:\/\/www.unicas.pe\/blog\/\",\"url\":\"https:\/\/www.unicas.pe\/blog\/\",\"name\":\"Portada\"}},{\"@type\":\"ListItem\",\"position\":2,\"item\":{\"@type\":\"WebPage\",\"@id\":\"https:\/\/www.unicas.pe\/blog\/artistas-contra-bullying\/\",\"url\":\"https:\/\/www.unicas.pe\/blog\/artistas-contra-bullying\/\",\"name\":\"Artistas peruanos se unen contra el bullying\"}}]},{\"@type\":\"Person\",\"@id\":\"https:\/\/www.unicas.pe\/blog\/#\/schema\/person\/60053f595c6d0f3f11ed52a01c961cdb\",\"name\":\"Katty Gora\",\"image\":{\"@type\":\"ImageObject\",\"@id\":\"https:\/\/www.unicas.pe\/blog\/#personlogo\",\"inLanguage\":\"es\",\"url\":\"https:\/\/www.unicas.pe\/blog\/wp-content\/uploads\/2019\/01\/168392_1786370415133_366102_n-150x150.jpg\",\"caption\":\"Katty Gora\"},\"description\":\"Katty is a passionate blogger, diving into different subjects like fashion, trends, styles and news and more. Discover the great insight of a true quality blogger!\"}]}<\/script>\n<!-- \/ Yoast SEO plugin. -->","_links":{"self":[{"href":"https:\/\/www.unicas.pe\/blog\/wp-json\/wp\/v2\/posts\/428"}],"collection":[{"href":"https:\/\/www.unicas.pe\/blog\/wp-json\/wp\/v2\/posts"}],"about":[{"href":"https:\/\/www.unicas.pe\/blog\/wp-json\/wp\/v2\/types\/post"}],"author":[{"embeddable":true,"href":"https:\/\/www.unicas.pe\/blog\/wp-json\/wp\/v2\/users\/1"}],"replies":[{"embeddable":true,"href":"https:\/\/www.unicas.pe\/blog\/wp-json\/wp\/v2\/comments?post=428"}],"version-history":[{"count":1,"href":"https:\/\/www.unicas.pe\/blog\/wp-json\/wp\/v2\/posts\/428\/revisions"}],"predecessor-version":[{"id":11472,"href":"https:\/\/www.unicas.pe\/blog\/wp-json\/wp\/v2\/posts\/428\/revisions\/11472"}],"wp:featuredmedia":[{"embeddable":true,"href":"https:\/\/www.unicas.pe\/blog\/wp-json\/wp\/v2\/media\/426"}],"wp:attachment":[{"href":"https:\/\/www.unicas.pe\/blog\/wp-json\/wp\/v2\/media?parent=428"}],"wp:term":[{"taxonomy":"category","embeddable":true,"href":"https:\/\/www.unicas.pe\/blog\/wp-json\/wp\/v2\/categories?post=428"},{"taxonomy":"post_tag","embeddable":true,"href":"https:\/\/www.unicas.pe\/blog\/wp-json\/wp\/v2\/tags?post=428"}],"curies":[{"name":"wp","href":"https:\/\/api.w.org\/{rel}","templated":true}]}}