{"id":4312,"date":"2014-03-13T21:05:26","date_gmt":"2014-03-14T02:05:26","guid":{"rendered":"http:\/\/209.133.219.102\/~newunicas\/blog\/2014\/03\/13\/gwen-stefani-linea-de-calzados-cartera\/"},"modified":"2019-01-10T21:35:21","modified_gmt":"2019-01-11T02:35:21","slug":"gwen-stefani-linea-de-calzados-cartera","status":"publish","type":"post","link":"https:\/\/www.unicas.pe\/blog\/gwen-stefani-linea-de-calzados-cartera\/","title":{"rendered":"Gwen Stefani lanza su nueva l\u00ednea de zapatos y carteras"},"content":{"rendered":"<p style=\"text-align: justify;\">La vocalista de la banda \u00a0No Doubt, Gwen Stefani, lanz\u00f3 su nueva l\u00ednea de zapatos y carteras. Esta colecci\u00f3n esta inspirada en el pop y en el rock.\u00a0<\/p>\n<p>  <!--more-->  <\/p>\n<p style=\"text-align: justify;\">Toda una exitosa mujer empresaria. A pesar de su m\u00faltiples tareas como cantante, madre y dise\u00f1adora, <strong>la cantante Gwen Stefani<\/strong> no es ajena al mundo de la moda. La vocalista de No Doubt decidi\u00f3 iniciar su nuevo proyecto que ha llamado <strong>GX<\/strong>, donde pone a la venta su l\u00ednea de zapatos y carteras.<\/p>\n<p><img class=\" size-full wp-image-4305\" style=\"display: block; margin-left: auto; margin-right: auto;\" title=\"Gwen Stefani lanza su nueva l\u00ednea de zapatos y carteras\" src=\"http:\/\/209.133.219.102\/~newunicas\/blog\/wp-content\/uploads\/2014\/03\/gwen-stefani-linea-de-calzados1.jpg\" alt=\"Gwen Stefani lanza su nueva l\u00ednea de zapatos y carteras\" width=\"600\" srcset=\"https:\/\/www.unicas.pe\/blog\/wp-content\/uploads\/2014\/03\/gwen-stefani-linea-de-calzados1.jpg 650w, https:\/\/www.unicas.pe\/blog\/wp-content\/uploads\/2014\/03\/gwen-stefani-linea-de-calzados1-300x225.jpg 300w, https:\/\/www.unicas.pe\/blog\/wp-content\/uploads\/2014\/03\/gwen-stefani-linea-de-calzados1-80x60.jpg 80w, https:\/\/www.unicas.pe\/blog\/wp-content\/uploads\/2014\/03\/gwen-stefani-linea-de-calzados1-160x120.jpg 160w, https:\/\/www.unicas.pe\/blog\/wp-content\/uploads\/2014\/03\/gwen-stefani-linea-de-calzados1-265x198.jpg 265w, https:\/\/www.unicas.pe\/blog\/wp-content\/uploads\/2014\/03\/gwen-stefani-linea-de-calzados1-559x420.jpg 559w\" sizes=\"(max-width: 650px) 100vw, 650px\" \/><\/p>\n<p style=\"text-align: justify;\">La estrella de la m\u00fasica pondr\u00e1 a la venta \u00a0su nueva colecci\u00f3n GX solo por internet. Ella ya era muy conocida por ser <strong>la dise\u00f1adora de sus marcas Harajaku Lovers y L.A.M.B<\/strong> . A diferencia de estos modelos, <strong>la colecci\u00f3n GX<\/strong>, tiene un precio m\u00e1s accesible, que va entre los 69 hasta los 110 d\u00f3lares. La cantante se\u00f1al\u00f3 adem\u00e1s que tendr\u00e1 un stock cada mes de lo toda la colecci\u00f3n de zapatos.<\/p>\n<p><img class=\" size-full wp-image-4306\" style=\"display: block; margin-left: auto; margin-right: auto;\" title=\"Gwen Stefani lanza su nueva l\u00ednea de zapatos y carteras\" src=\"http:\/\/209.133.219.102\/~newunicas\/blog\/wp-content\/uploads\/2014\/03\/gwen-stefani-linea-de-calzados2.jpg\" alt=\"Gwen Stefani lanza su nueva l\u00ednea de zapatos y carteras\" width=\"600\" srcset=\"https:\/\/www.unicas.pe\/blog\/wp-content\/uploads\/2014\/03\/gwen-stefani-linea-de-calzados2.jpg 650w, https:\/\/www.unicas.pe\/blog\/wp-content\/uploads\/2014\/03\/gwen-stefani-linea-de-calzados2-300x173.jpg 300w, https:\/\/www.unicas.pe\/blog\/wp-content\/uploads\/2014\/03\/gwen-stefani-linea-de-calzados2-648x375.jpg 648w\" sizes=\"(max-width: 650px) 100vw, 650px\" \/><\/p>\n<p><img class=\" size-full wp-image-4307\" style=\"display: block; margin-left: auto; margin-right: auto;\" title=\"Gwen Stefani lanza su nueva l\u00ednea de zapatos y carteras\" src=\"http:\/\/209.133.219.102\/~newunicas\/blog\/wp-content\/uploads\/2014\/03\/gwen-stefani-linea-de-calzados3.jpg\" alt=\"Gwen Stefani lanza su nueva l\u00ednea de zapatos y carteras\" width=\"600\" srcset=\"https:\/\/www.unicas.pe\/blog\/wp-content\/uploads\/2014\/03\/gwen-stefani-linea-de-calzados3.jpg 650w, https:\/\/www.unicas.pe\/blog\/wp-content\/uploads\/2014\/03\/gwen-stefani-linea-de-calzados3-300x168.jpg 300w, https:\/\/www.unicas.pe\/blog\/wp-content\/uploads\/2014\/03\/gwen-stefani-linea-de-calzados3-648x364.jpg 648w\" sizes=\"(max-width: 650px) 100vw, 650px\" \/><\/p>\n<p><img class=\" size-full wp-image-4308\" style=\"display: block; margin-left: auto; margin-right: auto;\" title=\"Gwen Stefani lanza su nueva l\u00ednea de zapatos y carteras\" src=\"http:\/\/209.133.219.102\/~newunicas\/blog\/wp-content\/uploads\/2014\/03\/gwen-stefani-linea-de-calzados4.jpg\" alt=\"Gwen Stefani lanza su nueva l\u00ednea de zapatos y carteras\" width=\"600\" srcset=\"https:\/\/www.unicas.pe\/blog\/wp-content\/uploads\/2014\/03\/gwen-stefani-linea-de-calzados4.jpg 650w, https:\/\/www.unicas.pe\/blog\/wp-content\/uploads\/2014\/03\/gwen-stefani-linea-de-calzados4-300x168.jpg 300w, https:\/\/www.unicas.pe\/blog\/wp-content\/uploads\/2014\/03\/gwen-stefani-linea-de-calzados4-648x364.jpg 648w\" sizes=\"(max-width: 650px) 100vw, 650px\" \/><\/p>\n<p style=\"text-align: justify;\">\u201cEsta colecci\u00f3n es divertida, con mucho estilo y actitud. La idea es dise\u00f1ar productos de alta calidad que no puedan esperar para usar y que tengan un buen precio\u201d, dijo la artista.<\/p>\n<p><img class=\" size-full wp-image-4309\" style=\"display: block; margin-left: auto; margin-right: auto;\" title=\"Gwen Stefani lanza su nueva l\u00ednea de zapatos y carteras\" src=\"http:\/\/209.133.219.102\/~newunicas\/blog\/wp-content\/uploads\/2014\/03\/gwen-stefani-linea-de-calzados5.jpg\" alt=\"Gwen Stefani lanza su nueva l\u00ednea de zapatos y carteras\" width=\"600\" srcset=\"https:\/\/www.unicas.pe\/blog\/wp-content\/uploads\/2014\/03\/gwen-stefani-linea-de-calzados5.jpg 650w, https:\/\/www.unicas.pe\/blog\/wp-content\/uploads\/2014\/03\/gwen-stefani-linea-de-calzados5-300x225.jpg 300w, https:\/\/www.unicas.pe\/blog\/wp-content\/uploads\/2014\/03\/gwen-stefani-linea-de-calzados5-80x60.jpg 80w, https:\/\/www.unicas.pe\/blog\/wp-content\/uploads\/2014\/03\/gwen-stefani-linea-de-calzados5-160x120.jpg 160w, https:\/\/www.unicas.pe\/blog\/wp-content\/uploads\/2014\/03\/gwen-stefani-linea-de-calzados5-265x198.jpg 265w, https:\/\/www.unicas.pe\/blog\/wp-content\/uploads\/2014\/03\/gwen-stefani-linea-de-calzados5-559x420.jpg 559w\" sizes=\"(max-width: 650px) 100vw, 650px\" \/><\/p>\n<p><img class=\" size-full wp-image-4310\" style=\"display: block; margin-left: auto; margin-right: auto;\" title=\"Gwen Stefani lanza su nueva l\u00ednea de zapatos y carteras\" src=\"http:\/\/209.133.219.102\/~newunicas\/blog\/wp-content\/uploads\/2014\/03\/gwen-stefani-linea-de-calzados6.jpg\" alt=\"Gwen Stefani lanza su nueva l\u00ednea de zapatos y carteras\" width=\"600\" srcset=\"https:\/\/www.unicas.pe\/blog\/wp-content\/uploads\/2014\/03\/gwen-stefani-linea-de-calzados6.jpg 650w, https:\/\/www.unicas.pe\/blog\/wp-content\/uploads\/2014\/03\/gwen-stefani-linea-de-calzados6-300x175.jpg 300w, https:\/\/www.unicas.pe\/blog\/wp-content\/uploads\/2014\/03\/gwen-stefani-linea-de-calzados6-648x379.jpg 648w\" sizes=\"(max-width: 650px) 100vw, 650px\" \/><\/p>\n<p style=\"text-align: justify;\">La primera colecci\u00f3n, que ya est\u00e1 a la venta, <strong>tiene una inspiraci\u00f3n en el pop y el rock con dise\u00f1os atrevidos<\/strong> pero muy femeninos en colores intensos como azul y rojo. No hay duda de sus fans estar\u00e1n atentas para \u00a0darle vida a la moda <strong>Gwen Stefani<\/strong> .<\/p>\n<p><img class=\" size-full wp-image-4311\" style=\"display: block; margin-left: auto; margin-right: auto;\" title=\"Gwen Stefani lanza su nueva l\u00ednea de zapatos y carteras\" src=\"http:\/\/209.133.219.102\/~newunicas\/blog\/wp-content\/uploads\/2014\/03\/gwen-stefani-linea-de-calzados7.jpg\" alt=\"Gwen Stefani lanza su nueva l\u00ednea de zapatos y carteras\" width=\"600\" srcset=\"https:\/\/www.unicas.pe\/blog\/wp-content\/uploads\/2014\/03\/gwen-stefani-linea-de-calzados7.jpg 650w, https:\/\/www.unicas.pe\/blog\/wp-content\/uploads\/2014\/03\/gwen-stefani-linea-de-calzados7-300x168.jpg 300w, https:\/\/www.unicas.pe\/blog\/wp-content\/uploads\/2014\/03\/gwen-stefani-linea-de-calzados7-648x364.jpg 648w\" sizes=\"(max-width: 650px) 100vw, 650px\" \/><\/p>\n","protected":false},"excerpt":{"rendered":"<p>La vocalista de la banda \u00a0No Doubt, Gwen Stefani, lanz\u00f3 su nueva l\u00ednea de zapatos y carteras. Esta colecci\u00f3n esta inspirada en el pop y en el rock.\u00a0<\/p>\n","protected":false},"author":1,"featured_media":4305,"comment_status":"closed","ping_status":"open","sticky":false,"template":"","format":"standard","meta":[],"categories":[26],"tags":[595,1443,3062,1523,5528,5529,5530,5531,82,5526,5532,5527,447],"yoast_head":"<!-- This site is optimized with the Yoast SEO plugin v16.0.2 - https:\/\/yoast.com\/wordpress\/plugins\/seo\/ -->\n<link rel=\"canonical\" href=\"https:\/\/www.unicas.pe\/blog\/gwen-stefani-linea-de-calzados-cartera\/\" \/>\n<meta property=\"og:locale\" content=\"es_ES\" \/>\n<meta property=\"og:type\" content=\"article\" \/>\n<meta property=\"og:title\" content=\"Gwen Stefani lanza su nueva l\u00ednea de zapatos y carteras - Unicas\" \/>\n<meta property=\"og:description\" content=\"La vocalista de la banda \u00a0No Doubt, Gwen Stefani, lanz\u00f3 su nueva l\u00ednea de zapatos y carteras. Esta colecci\u00f3n esta inspirada en el pop y en el rock.\u00a0\" \/>\n<meta property=\"og:url\" content=\"https:\/\/www.unicas.pe\/blog\/gwen-stefani-linea-de-calzados-cartera\/\" \/>\n<meta property=\"og:site_name\" content=\"Unicas\" \/>\n<meta property=\"article:published_time\" content=\"2014-03-14T02:05:26+00:00\" \/>\n<meta property=\"article:modified_time\" content=\"2019-01-11T02:35:21+00:00\" \/>\n<meta property=\"og:image\" content=\"https:\/\/www.unicas.pe\/blog\/wp-content\/uploads\/2014\/03\/gwen-stefani-linea-de-calzados1.jpg\" \/>\n\t<meta property=\"og:image:width\" content=\"650\" \/>\n\t<meta property=\"og:image:height\" content=\"488\" \/>\n<meta name=\"twitter:card\" content=\"summary_large_image\" \/>\n<meta name=\"twitter:label1\" content=\"Tiempo de lectura\">\n\t<meta name=\"twitter:data1\" content=\"1 minuto\">\n<script type=\"application\/ld+json\" class=\"yoast-schema-graph\">{\"@context\":\"https:\/\/schema.org\",\"@graph\":[{\"@type\":\"WebSite\",\"@id\":\"https:\/\/www.unicas.pe\/blog\/#website\",\"url\":\"https:\/\/www.unicas.pe\/blog\/\",\"name\":\"Unicas\",\"description\":\"Blog sobre belleza, maquillaje, moda, y mucho m\\u00e1s.\",\"potentialAction\":[{\"@type\":\"SearchAction\",\"target\":\"https:\/\/www.unicas.pe\/blog\/?s={search_term_string}\",\"query-input\":\"required name=search_term_string\"}],\"inLanguage\":\"es\"},{\"@type\":\"ImageObject\",\"@id\":\"https:\/\/www.unicas.pe\/blog\/gwen-stefani-linea-de-calzados-cartera\/#primaryimage\",\"inLanguage\":\"es\",\"url\":\"https:\/\/www.unicas.pe\/blog\/wp-content\/uploads\/2014\/03\/gwen-stefani-linea-de-calzados1.jpg\",\"width\":650,\"height\":488,\"caption\":\"Gwen Stefani lanza su nueva l\\u00ednea de zapatos y carteras\"},{\"@type\":\"WebPage\",\"@id\":\"https:\/\/www.unicas.pe\/blog\/gwen-stefani-linea-de-calzados-cartera\/#webpage\",\"url\":\"https:\/\/www.unicas.pe\/blog\/gwen-stefani-linea-de-calzados-cartera\/\",\"name\":\"Gwen Stefani lanza su nueva l\\u00ednea de zapatos y carteras - Unicas\",\"isPartOf\":{\"@id\":\"https:\/\/www.unicas.pe\/blog\/#website\"},\"primaryImageOfPage\":{\"@id\":\"https:\/\/www.unicas.pe\/blog\/gwen-stefani-linea-de-calzados-cartera\/#primaryimage\"},\"datePublished\":\"2014-03-14T02:05:26+00:00\",\"dateModified\":\"2019-01-11T02:35:21+00:00\",\"author\":{\"@id\":\"https:\/\/www.unicas.pe\/blog\/#\/schema\/person\/60053f595c6d0f3f11ed52a01c961cdb\"},\"breadcrumb\":{\"@id\":\"https:\/\/www.unicas.pe\/blog\/gwen-stefani-linea-de-calzados-cartera\/#breadcrumb\"},\"inLanguage\":\"es\",\"potentialAction\":[{\"@type\":\"ReadAction\",\"target\":[\"https:\/\/www.unicas.pe\/blog\/gwen-stefani-linea-de-calzados-cartera\/\"]}]},{\"@type\":\"BreadcrumbList\",\"@id\":\"https:\/\/www.unicas.pe\/blog\/gwen-stefani-linea-de-calzados-cartera\/#breadcrumb\",\"itemListElement\":[{\"@type\":\"ListItem\",\"position\":1,\"item\":{\"@type\":\"WebPage\",\"@id\":\"https:\/\/www.unicas.pe\/blog\/\",\"url\":\"https:\/\/www.unicas.pe\/blog\/\",\"name\":\"Portada\"}},{\"@type\":\"ListItem\",\"position\":2,\"item\":{\"@type\":\"WebPage\",\"@id\":\"https:\/\/www.unicas.pe\/blog\/gwen-stefani-linea-de-calzados-cartera\/\",\"url\":\"https:\/\/www.unicas.pe\/blog\/gwen-stefani-linea-de-calzados-cartera\/\",\"name\":\"Gwen Stefani lanza su nueva l\\u00ednea de zapatos y carteras\"}}]},{\"@type\":\"Person\",\"@id\":\"https:\/\/www.unicas.pe\/blog\/#\/schema\/person\/60053f595c6d0f3f11ed52a01c961cdb\",\"name\":\"Katty Gora\",\"image\":{\"@type\":\"ImageObject\",\"@id\":\"https:\/\/www.unicas.pe\/blog\/#personlogo\",\"inLanguage\":\"es\",\"url\":\"https:\/\/www.unicas.pe\/blog\/wp-content\/uploads\/2019\/01\/168392_1786370415133_366102_n-150x150.jpg\",\"caption\":\"Katty Gora\"},\"description\":\"Katty is a passionate blogger, diving into different subjects like fashion, trends, styles and news and more. Discover the great insight of a true quality blogger!\"}]}<\/script>\n<!-- \/ Yoast SEO plugin. -->","_links":{"self":[{"href":"https:\/\/www.unicas.pe\/blog\/wp-json\/wp\/v2\/posts\/4312"}],"collection":[{"href":"https:\/\/www.unicas.pe\/blog\/wp-json\/wp\/v2\/posts"}],"about":[{"href":"https:\/\/www.unicas.pe\/blog\/wp-json\/wp\/v2\/types\/post"}],"author":[{"embeddable":true,"href":"https:\/\/www.unicas.pe\/blog\/wp-json\/wp\/v2\/users\/1"}],"replies":[{"embeddable":true,"href":"https:\/\/www.unicas.pe\/blog\/wp-json\/wp\/v2\/comments?post=4312"}],"version-history":[{"count":1,"href":"https:\/\/www.unicas.pe\/blog\/wp-json\/wp\/v2\/posts\/4312\/revisions"}],"predecessor-version":[{"id":10558,"href":"https:\/\/www.unicas.pe\/blog\/wp-json\/wp\/v2\/posts\/4312\/revisions\/10558"}],"wp:featuredmedia":[{"embeddable":true,"href":"https:\/\/www.unicas.pe\/blog\/wp-json\/wp\/v2\/media\/4305"}],"wp:attachment":[{"href":"https:\/\/www.unicas.pe\/blog\/wp-json\/wp\/v2\/media?parent=4312"}],"wp:term":[{"taxonomy":"category","embeddable":true,"href":"https:\/\/www.unicas.pe\/blog\/wp-json\/wp\/v2\/categories?post=4312"},{"taxonomy":"post_tag","embeddable":true,"href":"https:\/\/www.unicas.pe\/blog\/wp-json\/wp\/v2\/tags?post=4312"}],"curies":[{"name":"wp","href":"https:\/\/api.w.org\/{rel}","templated":true}]}}