{"id":435,"date":"2013-09-06T21:44:51","date_gmt":"2013-09-07T02:44:51","guid":{"rendered":"http:\/\/209.133.219.102\/~newunicas\/blog\/2013\/09\/06\/ezio-oliva-elogio-karen-schwarz\/"},"modified":"2019-01-10T21:38:57","modified_gmt":"2019-01-11T02:38:57","slug":"ezio-oliva-elogio-karen-schwarz","status":"publish","type":"post","link":"https:\/\/www.unicas.pe\/blog\/ezio-oliva-elogio-karen-schwarz\/","title":{"rendered":"Ezio Oliva gusta del car\u00e1cter de Karen Schwarz"},"content":{"rendered":"<p><span style=\"line-height: 1.3em;\">El envidiado cantante del grupo Adammo, Ezio Oliva, mencion\u00f3 la lista de cualidades responsables de la atracci\u00f3n que siente hacia <strong>Karen Schwarz<\/strong>.<\/span><\/p>\n<p>  <!--more-->  <\/p>\n<p>Se mand\u00f3 con todo. El guapo vocalista de Adammo, Ezio Oliva coment\u00f3 que <strong>Karen Schwarz<\/strong> es del tipo de mujeres que le agrada mucho. \u201cElla es bella, trabajadora, profesional y tiene car\u00e1cter\u201d, fue lo que elogi\u00f3 el joven que desde hace tiempo es vinculado a la conocida conductora de Yo Soy.<\/p>\n<p><img loading=\"lazy\" class=\" size-full wp-image-433\" src=\"http:\/\/209.133.219.102\/~newunicas\/blog\/wp-content\/uploads\/2013\/09\/ezio2.jpg\" alt=\"\" style=\"display: block; margin-left: auto; margin-right: auto;\" width=\"650\" height=\"488\" srcset=\"https:\/\/www.unicas.pe\/blog\/wp-content\/uploads\/2013\/09\/ezio2.jpg 650w, https:\/\/www.unicas.pe\/blog\/wp-content\/uploads\/2013\/09\/ezio2-300x225.jpg 300w, https:\/\/www.unicas.pe\/blog\/wp-content\/uploads\/2013\/09\/ezio2-80x60.jpg 80w, https:\/\/www.unicas.pe\/blog\/wp-content\/uploads\/2013\/09\/ezio2-160x120.jpg 160w, https:\/\/www.unicas.pe\/blog\/wp-content\/uploads\/2013\/09\/ezio2-265x198.jpg 265w, https:\/\/www.unicas.pe\/blog\/wp-content\/uploads\/2013\/09\/ezio2-559x420.jpg 559w\" sizes=\"(max-width: 650px) 100vw, 650px\" \/><\/p>\n<p>Todo comenz\u00f3 el 2011, en donde los dos se conocieron en la grabaci\u00f3n del video \u201cTe regalo\u201d. En las im\u00e1genes no hubo besos pero s\u00ed bastante complicidad, la que habr\u00eda venido consolid\u00e1ndose con el paso del tiempo. Luego vinieron salidas constantes y un ampay a las cinco de la ma\u00f1ana en el que los dos entraron a un departamento.<\/p>\n<p><span style=\"line-height: 1.3em;\">Con todo, en estos momentos se siguen conociendo y ante la pregunta sobre si llegar\u00e1n a ser una pareja formal, Ezio asegura que dejar\u00e1 que \u201cel tiempo se encargue de todo.\u201d Por lo pronto, es inmune a las bromas de los envidiosos respecto a la diferencia de tama\u00f1os. \u201cYo me r\u00edo en buena onda. Esto es todo lo que hay\u201d.<\/span><\/p>\n<p><img loading=\"lazy\" class=\" size-full wp-image-434\" src=\"http:\/\/209.133.219.102\/~newunicas\/blog\/wp-content\/uploads\/2013\/09\/ezio1.jpg\" width=\"650\" height=\"366\" style=\"display: block; margin-left: auto; margin-right: auto;\" srcset=\"https:\/\/www.unicas.pe\/blog\/wp-content\/uploads\/2013\/09\/ezio1.jpg 650w, https:\/\/www.unicas.pe\/blog\/wp-content\/uploads\/2013\/09\/ezio1-300x169.jpg 300w, https:\/\/www.unicas.pe\/blog\/wp-content\/uploads\/2013\/09\/ezio1-648x366.jpg 648w\" sizes=\"(max-width: 650px) 100vw, 650px\" \/><\/p>\n<p>Cabe destacar que el l\u00edder de Adammo se encuentra grabando en estos momentos un videoclip junto a otros m\u00fasicos conocidos como Pedro Suarez Vertiz, Eva Ayll\u00f3n o Lucho Quequezana. Se trata de una canci\u00f3n para sensibilizar sobre el tema del bullying.<\/p>\n<p><span style=\"line-height: 1.3em;\">Y <strong>Karen Schwarz<\/strong>, centrada en la personalidad de su pretendiente, tambi\u00e9n tiene correa para las chapa de \u201cBlancanieves\u201d que le han puesto. Dice que es parte de la chispa peruana y afirma que Ezio \u201ces muy churro y simp\u00e1tico\u201d.<\/span><\/p>\n<p>\u00a0<\/p>\n","protected":false},"excerpt":{"rendered":"<p>El envidiado cantante del grupo Adammo, Ezio Oliva, mencion\u00f3 la lista de cualidades responsables de la atracci\u00f3n que siente hacia Karen Schwarz.<\/p>\n","protected":false},"author":1,"featured_media":433,"comment_status":"closed","ping_status":"open","sticky":false,"template":"","format":"standard","meta":[],"categories":[22],"tags":[533,536,333,538,544,520,363],"yoast_head":"<!-- This site is optimized with the Yoast SEO plugin v16.0.2 - https:\/\/yoast.com\/wordpress\/plugins\/seo\/ -->\n<link rel=\"canonical\" href=\"https:\/\/www.unicas.pe\/blog\/ezio-oliva-elogio-karen-schwarz\/\" \/>\n<meta property=\"og:locale\" content=\"es_ES\" \/>\n<meta property=\"og:type\" content=\"article\" \/>\n<meta property=\"og:title\" content=\"Ezio Oliva gusta del car\u00e1cter de Karen Schwarz - Unicas\" \/>\n<meta property=\"og:description\" content=\"El envidiado cantante del grupo Adammo, Ezio Oliva, mencion\u00f3 la lista de cualidades responsables de la atracci\u00f3n que siente hacia Karen Schwarz.\" \/>\n<meta property=\"og:url\" content=\"https:\/\/www.unicas.pe\/blog\/ezio-oliva-elogio-karen-schwarz\/\" \/>\n<meta property=\"og:site_name\" content=\"Unicas\" \/>\n<meta property=\"article:published_time\" content=\"2013-09-07T02:44:51+00:00\" \/>\n<meta property=\"article:modified_time\" content=\"2019-01-11T02:38:57+00:00\" \/>\n<meta property=\"og:image\" content=\"https:\/\/www.unicas.pe\/blog\/wp-content\/uploads\/2013\/09\/ezio2.jpg\" \/>\n\t<meta property=\"og:image:width\" content=\"650\" \/>\n\t<meta property=\"og:image:height\" content=\"488\" \/>\n<meta name=\"twitter:card\" content=\"summary_large_image\" \/>\n<meta name=\"twitter:label1\" content=\"Tiempo de lectura\">\n\t<meta name=\"twitter:data1\" content=\"1 minuto\">\n<script type=\"application\/ld+json\" class=\"yoast-schema-graph\">{\"@context\":\"https:\/\/schema.org\",\"@graph\":[{\"@type\":\"WebSite\",\"@id\":\"https:\/\/www.unicas.pe\/blog\/#website\",\"url\":\"https:\/\/www.unicas.pe\/blog\/\",\"name\":\"Unicas\",\"description\":\"Blog sobre belleza, maquillaje, moda, y mucho m\\u00e1s.\",\"potentialAction\":[{\"@type\":\"SearchAction\",\"target\":\"https:\/\/www.unicas.pe\/blog\/?s={search_term_string}\",\"query-input\":\"required name=search_term_string\"}],\"inLanguage\":\"es\"},{\"@type\":\"ImageObject\",\"@id\":\"https:\/\/www.unicas.pe\/blog\/ezio-oliva-elogio-karen-schwarz\/#primaryimage\",\"inLanguage\":\"es\",\"url\":\"https:\/\/www.unicas.pe\/blog\/wp-content\/uploads\/2013\/09\/ezio2.jpg\",\"width\":650,\"height\":488},{\"@type\":\"WebPage\",\"@id\":\"https:\/\/www.unicas.pe\/blog\/ezio-oliva-elogio-karen-schwarz\/#webpage\",\"url\":\"https:\/\/www.unicas.pe\/blog\/ezio-oliva-elogio-karen-schwarz\/\",\"name\":\"Ezio Oliva gusta del car\\u00e1cter de Karen Schwarz - Unicas\",\"isPartOf\":{\"@id\":\"https:\/\/www.unicas.pe\/blog\/#website\"},\"primaryImageOfPage\":{\"@id\":\"https:\/\/www.unicas.pe\/blog\/ezio-oliva-elogio-karen-schwarz\/#primaryimage\"},\"datePublished\":\"2013-09-07T02:44:51+00:00\",\"dateModified\":\"2019-01-11T02:38:57+00:00\",\"author\":{\"@id\":\"https:\/\/www.unicas.pe\/blog\/#\/schema\/person\/60053f595c6d0f3f11ed52a01c961cdb\"},\"breadcrumb\":{\"@id\":\"https:\/\/www.unicas.pe\/blog\/ezio-oliva-elogio-karen-schwarz\/#breadcrumb\"},\"inLanguage\":\"es\",\"potentialAction\":[{\"@type\":\"ReadAction\",\"target\":[\"https:\/\/www.unicas.pe\/blog\/ezio-oliva-elogio-karen-schwarz\/\"]}]},{\"@type\":\"BreadcrumbList\",\"@id\":\"https:\/\/www.unicas.pe\/blog\/ezio-oliva-elogio-karen-schwarz\/#breadcrumb\",\"itemListElement\":[{\"@type\":\"ListItem\",\"position\":1,\"item\":{\"@type\":\"WebPage\",\"@id\":\"https:\/\/www.unicas.pe\/blog\/\",\"url\":\"https:\/\/www.unicas.pe\/blog\/\",\"name\":\"Portada\"}},{\"@type\":\"ListItem\",\"position\":2,\"item\":{\"@type\":\"WebPage\",\"@id\":\"https:\/\/www.unicas.pe\/blog\/ezio-oliva-elogio-karen-schwarz\/\",\"url\":\"https:\/\/www.unicas.pe\/blog\/ezio-oliva-elogio-karen-schwarz\/\",\"name\":\"Ezio Oliva gusta del car\\u00e1cter de Karen Schwarz\"}}]},{\"@type\":\"Person\",\"@id\":\"https:\/\/www.unicas.pe\/blog\/#\/schema\/person\/60053f595c6d0f3f11ed52a01c961cdb\",\"name\":\"Katty Gora\",\"image\":{\"@type\":\"ImageObject\",\"@id\":\"https:\/\/www.unicas.pe\/blog\/#personlogo\",\"inLanguage\":\"es\",\"url\":\"https:\/\/www.unicas.pe\/blog\/wp-content\/uploads\/2019\/01\/168392_1786370415133_366102_n-150x150.jpg\",\"caption\":\"Katty Gora\"},\"description\":\"Katty is a passionate blogger, diving into different subjects like fashion, trends, styles and news and more. Discover the great insight of a true quality blogger!\"}]}<\/script>\n<!-- \/ Yoast SEO plugin. -->","_links":{"self":[{"href":"https:\/\/www.unicas.pe\/blog\/wp-json\/wp\/v2\/posts\/435"}],"collection":[{"href":"https:\/\/www.unicas.pe\/blog\/wp-json\/wp\/v2\/posts"}],"about":[{"href":"https:\/\/www.unicas.pe\/blog\/wp-json\/wp\/v2\/types\/post"}],"author":[{"embeddable":true,"href":"https:\/\/www.unicas.pe\/blog\/wp-json\/wp\/v2\/users\/1"}],"replies":[{"embeddable":true,"href":"https:\/\/www.unicas.pe\/blog\/wp-json\/wp\/v2\/comments?post=435"}],"version-history":[{"count":1,"href":"https:\/\/www.unicas.pe\/blog\/wp-json\/wp\/v2\/posts\/435\/revisions"}],"predecessor-version":[{"id":11469,"href":"https:\/\/www.unicas.pe\/blog\/wp-json\/wp\/v2\/posts\/435\/revisions\/11469"}],"wp:featuredmedia":[{"embeddable":true,"href":"https:\/\/www.unicas.pe\/blog\/wp-json\/wp\/v2\/media\/433"}],"wp:attachment":[{"href":"https:\/\/www.unicas.pe\/blog\/wp-json\/wp\/v2\/media?parent=435"}],"wp:term":[{"taxonomy":"category","embeddable":true,"href":"https:\/\/www.unicas.pe\/blog\/wp-json\/wp\/v2\/categories?post=435"},{"taxonomy":"post_tag","embeddable":true,"href":"https:\/\/www.unicas.pe\/blog\/wp-json\/wp\/v2\/tags?post=435"}],"curies":[{"name":"wp","href":"https:\/\/api.w.org\/{rel}","templated":true}]}}