{"id":4444,"date":"2014-03-17T23:44:20","date_gmt":"2014-03-18T04:44:20","guid":{"rendered":"http:\/\/209.133.219.102\/~newunicas\/blog\/2014\/03\/17\/otono-invierno-temporada-2014\/"},"modified":"2019-01-10T21:35:20","modified_gmt":"2019-01-11T02:35:20","slug":"otono-invierno-temporada-2014","status":"publish","type":"post","link":"https:\/\/www.unicas.pe\/blog\/otono-invierno-temporada-2014\/","title":{"rendered":"Oto\u00f1o-invierno 2014: C\u00f3mo vestirse en esta temporada"},"content":{"rendered":"<p>Te adelantamos las tendencias de temporada oto\u00f1o-invierno. Lo que debes usar para tu cita o reuniones de trabajo.<\/p>\n<p>  <!--more-->  <\/p>\n<p>Si est\u00e1s en busca del mejor look para esta <strong>temporada oto\u00f1o-invierno<\/strong>, entonces es mejor que leas este art\u00edculo. Te servir\u00e1 de mucho. La moda para este a\u00f1o es basado en prendas <strong>tipo casual y urbano<\/strong>. No hay que olvidar el pantal\u00f3n negro, las chompas, los abrigos, las botas largas, los jeans y las zapatillas.\u00a0<\/p>\n<p><img class=\" size-full wp-image-4435\" style=\"display: block; margin-left: auto; margin-right: auto;\" title=\"Oto\u00f1o-invierno 2014: C\u00f3mo vestirse en esta temporada\" src=\"http:\/\/209.133.219.102\/~newunicas\/blog\/wp-content\/uploads\/2014\/03\/otono-invierno1.jpg\" alt=\"Oto\u00f1o-invierno 2014: C\u00f3mo vestirse en esta temporada\" width=\"600\" srcset=\"https:\/\/www.unicas.pe\/blog\/wp-content\/uploads\/2014\/03\/otono-invierno1.jpg 650w, https:\/\/www.unicas.pe\/blog\/wp-content\/uploads\/2014\/03\/otono-invierno1-300x200.jpg 300w, https:\/\/www.unicas.pe\/blog\/wp-content\/uploads\/2014\/03\/otono-invierno1-648x433.jpg 648w, https:\/\/www.unicas.pe\/blog\/wp-content\/uploads\/2014\/03\/otono-invierno1-630x420.jpg 630w\" sizes=\"(max-width: 650px) 100vw, 650px\" \/><\/p>\n<p>Los colores de temporada son los rojos, azules y vinos, que combinados con tacos crean un atuendo casual. No descartes los tonos beige, los estampados \u00a0y los cremas en tu guardarropas. Ahora veamos la lista de las prendas que debes tener para estar fashion. Recuerda que debes combinarlos con alg\u00fan tipo de accesorio.\u00a0<\/p>\n<p><img class=\" size-full wp-image-4436\" style=\"display: block; margin-left: auto; margin-right: auto;\" title=\"Oto\u00f1o-invierno 2014: C\u00f3mo vestirse en esta temporada\" src=\"http:\/\/209.133.219.102\/~newunicas\/blog\/wp-content\/uploads\/2014\/03\/otono-invierno2.jpg\" alt=\"Oto\u00f1o-invierno 2014: C\u00f3mo vestirse en esta temporada\" width=\"600\" srcset=\"https:\/\/www.unicas.pe\/blog\/wp-content\/uploads\/2014\/03\/otono-invierno2.jpg 650w, https:\/\/www.unicas.pe\/blog\/wp-content\/uploads\/2014\/03\/otono-invierno2-300x158.jpg 300w, https:\/\/www.unicas.pe\/blog\/wp-content\/uploads\/2014\/03\/otono-invierno2-648x342.jpg 648w\" sizes=\"(max-width: 650px) 100vw, 650px\" \/><\/p>\n<p><strong>Los abrigos Oversize y capas<\/strong>. Estas dos prendas se reinventaron. Si bien se utilizaron en otras temporadas, ahora se pueden combinar con diferentes prendas. En el caso de los abrigos Oversize, si no eres muy alta, lo puedes usar con prendas adheridas al cuerpo como chupines, pantalones rectos o faldas l\u00e1piz para verte m\u00e1s estilizada. Las capas te hacen lucir elegant\u00edsimas. L\u00facelo con todo, menos con faldas de mucho vuelo.<\/p>\n<p><img class=\" size-full wp-image-4437\" style=\"display: block; margin-left: auto; margin-right: auto;\" title=\"Oto\u00f1o-invierno 2014: C\u00f3mo vestirse en esta temporada\" src=\"http:\/\/209.133.219.102\/~newunicas\/blog\/wp-content\/uploads\/2014\/03\/otono-invierno3.jpg\" alt=\"Oto\u00f1o-invierno 2014: C\u00f3mo vestirse en esta temporada\" width=\"600\" srcset=\"https:\/\/www.unicas.pe\/blog\/wp-content\/uploads\/2014\/03\/otono-invierno3.jpg 650w, https:\/\/www.unicas.pe\/blog\/wp-content\/uploads\/2014\/03\/otono-invierno3-300x121.jpg 300w, https:\/\/www.unicas.pe\/blog\/wp-content\/uploads\/2014\/03\/otono-invierno3-648x262.jpg 648w\" sizes=\"(max-width: 650px) 100vw, 650px\" \/><\/p>\n<p><strong>La moda es el estampado: Tart\u00e1n<\/strong>. Vuelve al mejor estilo British. Este tipo de estampado queda con faldas, camisas y abrigos. Si eres de color clara, te quedar\u00e1n mejor los tonos beiges o verdes. Si eres m\u00e1s oscura se te ver\u00eda hermosa con los tonos rojos y azules. El secreto es usarlo con prendas de tonos neutros.<\/p>\n<p><img class=\" size-full wp-image-4438\" style=\"display: block; margin-left: auto; margin-right: auto;\" title=\"Oto\u00f1o-invierno 2014: C\u00f3mo vestirse en esta temporada\" src=\"http:\/\/209.133.219.102\/~newunicas\/blog\/wp-content\/uploads\/2014\/03\/otono-invierno4.jpg\" alt=\"Oto\u00f1o-invierno 2014: C\u00f3mo vestirse en esta temporada\" width=\"600\" srcset=\"https:\/\/www.unicas.pe\/blog\/wp-content\/uploads\/2014\/03\/otono-invierno4.jpg 650w, https:\/\/www.unicas.pe\/blog\/wp-content\/uploads\/2014\/03\/otono-invierno4-300x228.jpg 300w, https:\/\/www.unicas.pe\/blog\/wp-content\/uploads\/2014\/03\/otono-invierno4-80x60.jpg 80w, https:\/\/www.unicas.pe\/blog\/wp-content\/uploads\/2014\/03\/otono-invierno4-553x420.jpg 553w\" sizes=\"(max-width: 650px) 100vw, 650px\" \/><\/p>\n<p><strong>Lo mejor del tejido: abrigos de pelos<\/strong>. Abrigos, chalecos de pelos con detalles y solapas est\u00e1n en temporada. Se te ver\u00e1 con un aire bohemio, con mucha presencia. Si lo llevas con un chaleco, puedes utilizarlo con un cintur\u00f3n para marcar tu cintura.<\/p>\n<p><img class=\" size-full wp-image-4439\" style=\"display: block; margin-left: auto; margin-right: auto;\" title=\"Oto\u00f1o-invierno 2014: C\u00f3mo vestirse en esta temporada\" src=\"http:\/\/209.133.219.102\/~newunicas\/blog\/wp-content\/uploads\/2014\/03\/otono-invierno5.jpg\" alt=\"Oto\u00f1o-invierno 2014: C\u00f3mo vestirse en esta temporada\" width=\"600\" srcset=\"https:\/\/www.unicas.pe\/blog\/wp-content\/uploads\/2014\/03\/otono-invierno5.jpg 650w, https:\/\/www.unicas.pe\/blog\/wp-content\/uploads\/2014\/03\/otono-invierno5-300x200.jpg 300w, https:\/\/www.unicas.pe\/blog\/wp-content\/uploads\/2014\/03\/otono-invierno5-648x433.jpg 648w, https:\/\/www.unicas.pe\/blog\/wp-content\/uploads\/2014\/03\/otono-invierno5-630x420.jpg 630w\" sizes=\"(max-width: 650px) 100vw, 650px\" \/><\/p>\n<p><strong>El color azul apagado<\/strong>. \u00a0El azul es de temporada. Combina con todo y va con cualquier tipo de piel. An\u00edmate a usarlo en tus prendas de vestir.<\/p>\n<p><img class=\" size-full wp-image-4440\" style=\"display: block; margin-left: auto; margin-right: auto;\" title=\"Oto\u00f1o-invierno 2014: C\u00f3mo vestirse en esta temporada\" src=\"http:\/\/209.133.219.102\/~newunicas\/blog\/wp-content\/uploads\/2014\/03\/otono-invierno6.jpg\" alt=\"Oto\u00f1o-invierno 2014: C\u00f3mo vestirse en esta temporada\" width=\"600\" srcset=\"https:\/\/www.unicas.pe\/blog\/wp-content\/uploads\/2014\/03\/otono-invierno6.jpg 650w, https:\/\/www.unicas.pe\/blog\/wp-content\/uploads\/2014\/03\/otono-invierno6-225x300.jpg 225w, https:\/\/www.unicas.pe\/blog\/wp-content\/uploads\/2014\/03\/otono-invierno6-316x420.jpg 316w, https:\/\/www.unicas.pe\/blog\/wp-content\/uploads\/2014\/03\/otono-invierno6-631x840.jpg 631w\" sizes=\"(max-width: 650px) 100vw, 650px\" \/><\/p>\n<p><strong>Las botas XL<\/strong>. El calzado perfecto es unas botas hasta las rodillas. Es lo m\u00e1s sensual que existe. Lo puedes usar con jeans, faldas mini o con vestidos algo holgados. Estas botas te har\u00e1n lucir alta y muy estilizada.<\/p>\n<p><img class=\" size-full wp-image-4441\" style=\"display: block; margin-left: auto; margin-right: auto;\" title=\"Oto\u00f1o-invierno 2014: C\u00f3mo vestirse en esta temporada\" src=\"http:\/\/209.133.219.102\/~newunicas\/blog\/wp-content\/uploads\/2014\/03\/otono-invierno7.jpg\" alt=\"Oto\u00f1o-invierno 2014: C\u00f3mo vestirse en esta temporada\" width=\"600\" srcset=\"https:\/\/www.unicas.pe\/blog\/wp-content\/uploads\/2014\/03\/otono-invierno7.jpg 650w, https:\/\/www.unicas.pe\/blog\/wp-content\/uploads\/2014\/03\/otono-invierno7-150x150.jpg 150w, https:\/\/www.unicas.pe\/blog\/wp-content\/uploads\/2014\/03\/otono-invierno7-300x300.jpg 300w, https:\/\/www.unicas.pe\/blog\/wp-content\/uploads\/2014\/03\/otono-invierno7-420x420.jpg 420w\" sizes=\"(max-width: 650px) 100vw, 650px\" \/><\/p>\n<p><strong>\u00a0El look: Sport<\/strong>. La moda es mezclar prendas formales, como faldas de cuero, pantalones de vestir, trenchs o vestidos, con otras que solemos usar para hacer deporte como zapatillas, remeras de algod\u00f3n o buzos deportivos. Eso s\u00ed, la mezcla debe ser correcta para terminar luciendo sofisticadas y no vulgares.<\/p>\n<p>Ahora ya tienes m\u00e1s alternativas para vestirse y lucir bien. Los detalles y accesorios var\u00edan de acuerdo a la tonalidad de las prendas. No olvides llevar una cartera de mano o bolso, que te har\u00e1 m\u00e1s femenina.<\/p>\n<p><img class=\" size-full wp-image-4442\" style=\"display: block; margin-left: auto; margin-right: auto;\" title=\"Oto\u00f1o-invierno 2014: C\u00f3mo vestirse en esta temporada\" src=\"http:\/\/209.133.219.102\/~newunicas\/blog\/wp-content\/uploads\/2014\/03\/otono-invierno8.jpg\" alt=\"Oto\u00f1o-invierno 2014: C\u00f3mo vestirse en esta temporada\" width=\"600\" srcset=\"https:\/\/www.unicas.pe\/blog\/wp-content\/uploads\/2014\/03\/otono-invierno8.jpg 650w, https:\/\/www.unicas.pe\/blog\/wp-content\/uploads\/2014\/03\/otono-invierno8-150x150.jpg 150w, https:\/\/www.unicas.pe\/blog\/wp-content\/uploads\/2014\/03\/otono-invierno8-300x300.jpg 300w, https:\/\/www.unicas.pe\/blog\/wp-content\/uploads\/2014\/03\/otono-invierno8-420x420.jpg 420w\" sizes=\"(max-width: 650px) 100vw, 650px\" \/><\/p>\n<p><img class=\" size-full wp-image-4443\" style=\"display: block; margin-left: auto; margin-right: auto;\" title=\"Oto\u00f1o-invierno 2014: C\u00f3mo vestirse en esta temporada\" src=\"http:\/\/209.133.219.102\/~newunicas\/blog\/wp-content\/uploads\/2014\/03\/otono-invierno9.jpg\" alt=\"Oto\u00f1o-invierno 2014: C\u00f3mo vestirse en esta temporada\" width=\"600\" srcset=\"https:\/\/www.unicas.pe\/blog\/wp-content\/uploads\/2014\/03\/otono-invierno9.jpg 650w, https:\/\/www.unicas.pe\/blog\/wp-content\/uploads\/2014\/03\/otono-invierno9-300x241.jpg 300w, https:\/\/www.unicas.pe\/blog\/wp-content\/uploads\/2014\/03\/otono-invierno9-523x420.jpg 523w\" sizes=\"(max-width: 650px) 100vw, 650px\" \/><\/p>\n","protected":false},"excerpt":{"rendered":"<p>Te adelantamos las tendencias de temporada oto\u00f1o-invierno. Lo que debes usar para tu cita o reuniones de trabajo.<\/p>\n","protected":false},"author":1,"featured_media":4435,"comment_status":"closed","ping_status":"open","sticky":false,"template":"","format":"standard","meta":[],"categories":[5],"tags":[5617,425,866,5616,1552,85,87,436,84,5620,5621,5376,2056,93,1607,5619,933,1408],"yoast_head":"<!-- This site is optimized with the Yoast SEO plugin v16.0.2 - https:\/\/yoast.com\/wordpress\/plugins\/seo\/ -->\n<link rel=\"canonical\" href=\"https:\/\/www.unicas.pe\/blog\/otono-invierno-temporada-2014\/\" \/>\n<meta property=\"og:locale\" content=\"es_ES\" \/>\n<meta property=\"og:type\" content=\"article\" \/>\n<meta property=\"og:title\" content=\"Oto\u00f1o-invierno 2014: C\u00f3mo vestirse en esta temporada - Unicas\" \/>\n<meta property=\"og:description\" content=\"Te adelantamos las tendencias de temporada oto\u00f1o-invierno. Lo que debes usar para tu cita o reuniones de trabajo.\" \/>\n<meta property=\"og:url\" content=\"https:\/\/www.unicas.pe\/blog\/otono-invierno-temporada-2014\/\" \/>\n<meta property=\"og:site_name\" content=\"Unicas\" \/>\n<meta property=\"article:published_time\" content=\"2014-03-18T04:44:20+00:00\" \/>\n<meta property=\"article:modified_time\" content=\"2019-01-11T02:35:20+00:00\" \/>\n<meta property=\"og:image\" content=\"https:\/\/www.unicas.pe\/blog\/wp-content\/uploads\/2014\/03\/otono-invierno1.jpg\" \/>\n\t<meta property=\"og:image:width\" content=\"650\" \/>\n\t<meta property=\"og:image:height\" content=\"433\" \/>\n<meta name=\"twitter:card\" content=\"summary_large_image\" \/>\n<meta name=\"twitter:label1\" content=\"Tiempo de lectura\">\n\t<meta name=\"twitter:data1\" content=\"2 minutos\">\n<script type=\"application\/ld+json\" class=\"yoast-schema-graph\">{\"@context\":\"https:\/\/schema.org\",\"@graph\":[{\"@type\":\"WebSite\",\"@id\":\"https:\/\/www.unicas.pe\/blog\/#website\",\"url\":\"https:\/\/www.unicas.pe\/blog\/\",\"name\":\"Unicas\",\"description\":\"Blog sobre belleza, maquillaje, moda, y mucho m\\u00e1s.\",\"potentialAction\":[{\"@type\":\"SearchAction\",\"target\":\"https:\/\/www.unicas.pe\/blog\/?s={search_term_string}\",\"query-input\":\"required name=search_term_string\"}],\"inLanguage\":\"es\"},{\"@type\":\"ImageObject\",\"@id\":\"https:\/\/www.unicas.pe\/blog\/otono-invierno-temporada-2014\/#primaryimage\",\"inLanguage\":\"es\",\"url\":\"https:\/\/www.unicas.pe\/blog\/wp-content\/uploads\/2014\/03\/otono-invierno1.jpg\",\"width\":650,\"height\":433,\"caption\":\"Oto\\u00f1o-invierno 2014: C\\u00f3mo vestirse en esta temporada\"},{\"@type\":\"WebPage\",\"@id\":\"https:\/\/www.unicas.pe\/blog\/otono-invierno-temporada-2014\/#webpage\",\"url\":\"https:\/\/www.unicas.pe\/blog\/otono-invierno-temporada-2014\/\",\"name\":\"Oto\\u00f1o-invierno 2014: C\\u00f3mo vestirse en esta temporada - Unicas\",\"isPartOf\":{\"@id\":\"https:\/\/www.unicas.pe\/blog\/#website\"},\"primaryImageOfPage\":{\"@id\":\"https:\/\/www.unicas.pe\/blog\/otono-invierno-temporada-2014\/#primaryimage\"},\"datePublished\":\"2014-03-18T04:44:20+00:00\",\"dateModified\":\"2019-01-11T02:35:20+00:00\",\"author\":{\"@id\":\"https:\/\/www.unicas.pe\/blog\/#\/schema\/person\/60053f595c6d0f3f11ed52a01c961cdb\"},\"breadcrumb\":{\"@id\":\"https:\/\/www.unicas.pe\/blog\/otono-invierno-temporada-2014\/#breadcrumb\"},\"inLanguage\":\"es\",\"potentialAction\":[{\"@type\":\"ReadAction\",\"target\":[\"https:\/\/www.unicas.pe\/blog\/otono-invierno-temporada-2014\/\"]}]},{\"@type\":\"BreadcrumbList\",\"@id\":\"https:\/\/www.unicas.pe\/blog\/otono-invierno-temporada-2014\/#breadcrumb\",\"itemListElement\":[{\"@type\":\"ListItem\",\"position\":1,\"item\":{\"@type\":\"WebPage\",\"@id\":\"https:\/\/www.unicas.pe\/blog\/\",\"url\":\"https:\/\/www.unicas.pe\/blog\/\",\"name\":\"Portada\"}},{\"@type\":\"ListItem\",\"position\":2,\"item\":{\"@type\":\"WebPage\",\"@id\":\"https:\/\/www.unicas.pe\/blog\/otono-invierno-temporada-2014\/\",\"url\":\"https:\/\/www.unicas.pe\/blog\/otono-invierno-temporada-2014\/\",\"name\":\"Oto\\u00f1o-invierno 2014: C\\u00f3mo vestirse en esta temporada\"}}]},{\"@type\":\"Person\",\"@id\":\"https:\/\/www.unicas.pe\/blog\/#\/schema\/person\/60053f595c6d0f3f11ed52a01c961cdb\",\"name\":\"Katty Gora\",\"image\":{\"@type\":\"ImageObject\",\"@id\":\"https:\/\/www.unicas.pe\/blog\/#personlogo\",\"inLanguage\":\"es\",\"url\":\"https:\/\/www.unicas.pe\/blog\/wp-content\/uploads\/2019\/01\/168392_1786370415133_366102_n-150x150.jpg\",\"caption\":\"Katty Gora\"},\"description\":\"Katty is a passionate blogger, diving into different subjects like fashion, trends, styles and news and more. Discover the great insight of a true quality blogger!\"}]}<\/script>\n<!-- \/ Yoast SEO plugin. -->","_links":{"self":[{"href":"https:\/\/www.unicas.pe\/blog\/wp-json\/wp\/v2\/posts\/4444"}],"collection":[{"href":"https:\/\/www.unicas.pe\/blog\/wp-json\/wp\/v2\/posts"}],"about":[{"href":"https:\/\/www.unicas.pe\/blog\/wp-json\/wp\/v2\/types\/post"}],"author":[{"embeddable":true,"href":"https:\/\/www.unicas.pe\/blog\/wp-json\/wp\/v2\/users\/1"}],"replies":[{"embeddable":true,"href":"https:\/\/www.unicas.pe\/blog\/wp-json\/wp\/v2\/comments?post=4444"}],"version-history":[{"count":1,"href":"https:\/\/www.unicas.pe\/blog\/wp-json\/wp\/v2\/posts\/4444\/revisions"}],"predecessor-version":[{"id":10544,"href":"https:\/\/www.unicas.pe\/blog\/wp-json\/wp\/v2\/posts\/4444\/revisions\/10544"}],"wp:featuredmedia":[{"embeddable":true,"href":"https:\/\/www.unicas.pe\/blog\/wp-json\/wp\/v2\/media\/4435"}],"wp:attachment":[{"href":"https:\/\/www.unicas.pe\/blog\/wp-json\/wp\/v2\/media?parent=4444"}],"wp:term":[{"taxonomy":"category","embeddable":true,"href":"https:\/\/www.unicas.pe\/blog\/wp-json\/wp\/v2\/categories?post=4444"},{"taxonomy":"post_tag","embeddable":true,"href":"https:\/\/www.unicas.pe\/blog\/wp-json\/wp\/v2\/tags?post=4444"}],"curies":[{"name":"wp","href":"https:\/\/api.w.org\/{rel}","templated":true}]}}