{"id":4499,"date":"2014-03-18T22:37:56","date_gmt":"2014-03-19T03:37:56","guid":{"rendered":"http:\/\/209.133.219.102\/~newunicas\/blog\/2014\/03\/18\/cuidado-de-la-piel-tratamiento-tododia-natura\/"},"modified":"2019-01-10T21:35:19","modified_gmt":"2019-01-11T02:35:19","slug":"cuidado-de-la-piel-tratamiento-tododia-natura","status":"publish","type":"post","link":"https:\/\/www.unicas.pe\/blog\/cuidado-de-la-piel-tratamiento-tododia-natura\/","title":{"rendered":"Nuevas fragancias Natura de Avellana y Granada para el cuidado de la piel"},"content":{"rendered":"<p style=\"text-align: justify;\">Las fragancias de Avellana y Granada es el lanzamiento de la l\u00ednea Tododia creada especialmente para las pieles extra secas. Ahora estar\u00e1s m\u00e1s protegida con Natura.<\/p>\n<p>  <!--more-->  <\/p>\n<p style=\"text-align: justify;\">Muchas cosas nos pueden estresar durante la semana. Estos malestares emocionales pueden causar serios da\u00f1os al cuerpo. La rutina, los compromisos en el trabajo y en la casa, puede debilitarnos y hasta ponernos de mal humor. Si sufrimos de estos males, debemos darnos un espacio para <strong>relajar nuestra mente<\/strong>.\u00a0<\/p>\n<p><img class=\" size-full wp-image-4496\" style=\"display: block; margin-left: auto; margin-right: auto;\" title=\"Nuevas fragancias Natura de Avellana y Granada para el cuidado de la piel\" src=\"http:\/\/209.133.219.102\/~newunicas\/blog\/wp-content\/uploads\/2014\/03\/650_avellana_granada.jpg\" alt=\"Nuevas fragancias Natura de Avellana y Granada para el cuidado de la piel\" width=\"600\" srcset=\"https:\/\/www.unicas.pe\/blog\/wp-content\/uploads\/2014\/03\/650_avellana_granada.jpg 650w, https:\/\/www.unicas.pe\/blog\/wp-content\/uploads\/2014\/03\/650_avellana_granada-300x218.jpg 300w, https:\/\/www.unicas.pe\/blog\/wp-content\/uploads\/2014\/03\/650_avellana_granada-324x235.jpg 324w, https:\/\/www.unicas.pe\/blog\/wp-content\/uploads\/2014\/03\/650_avellana_granada-648x473.jpg 648w, https:\/\/www.unicas.pe\/blog\/wp-content\/uploads\/2014\/03\/650_avellana_granada-577x420.jpg 577w\" sizes=\"(max-width: 650px) 100vw, 650px\" \/><\/p>\n<p style=\"text-align: justify;\">La piel tambi\u00e9n sufre. Aunque creas que solo la mente se estresa, la piel tambi\u00e9n se ve afectada. Por ello ded\u00edcale un tiempo al cuidado de tu piel.\u00a0<\/p>\n<p style=\"text-align: justify;\">Pensando en todos estos trajines que pasa cada mujer, <strong>Natura Cosm\u00e9ticos<\/strong> nos invita a disfrutar de los peque\u00f1os momentos de nuestra rutina diaria con el lanzamiento de su nueva <strong>fragancia Avellana y Granada en la l\u00ednea Tododia<\/strong>. Estas fragancias fueron creadas para el cuidado de la piel extra seca y adem\u00e1s cuenta con un aroma marcante, femenino y delicado.<\/p>\n<p><img class=\" size-full wp-image-4497\" style=\"display: block; margin-left: auto; margin-right: auto;\" title=\"Nuevas fragancias Natura de Avellana y Granada para el cuidado de la piel\" src=\"http:\/\/209.133.219.102\/~newunicas\/blog\/wp-content\/uploads\/2014\/03\/natura_avellana_granada_650.jpg\" alt=\"Nuevas fragancias Natura de Avellana y Granada para el cuidado de la piel\" width=\"600\" srcset=\"https:\/\/www.unicas.pe\/blog\/wp-content\/uploads\/2014\/03\/natura_avellana_granada_650.jpg 650w, https:\/\/www.unicas.pe\/blog\/wp-content\/uploads\/2014\/03\/natura_avellana_granada_650-286x300.jpg 286w, https:\/\/www.unicas.pe\/blog\/wp-content\/uploads\/2014\/03\/natura_avellana_granada_650-401x420.jpg 401w\" sizes=\"(max-width: 650px) 100vw, 650px\" \/><\/p>\n<p style=\"text-align: justify;\"><strong>Tododia Avellana y Granada<\/strong> cuenta con jabones en barra, que reactivan la circulaci\u00f3n por su forma ideal para dar masaje mientras te ba\u00f1as; un jab\u00f3n l\u00edquido con textura cremosa en mousse; que dejar\u00e1 tu piel suave y perfumada durante todo el d\u00eda; un exfoliante de ba\u00f1o, que remueve las c\u00e9lulas muertas y reactiva la regeneraci\u00f3n de la piel y un hidratante corporal. Se recomienda utilizar en cuatro pasos durante y despu\u00e9s del ba\u00f1o.<\/p>\n<p style=\"text-align: justify;\">Si\u00e9ntete como nueva durante todo el d\u00eda con Natura. Y t\u00fa MUJER \u00daNICA \u00bfYa probaste Todod\u00eda de Natura?<\/p>\n<p><img class=\" size-full wp-image-4498\" style=\"display: block; margin-left: auto; margin-right: auto;\" title=\"Nuevas fragancias Natura de Avellana y Granada para el cuidado de la piel\" src=\"http:\/\/209.133.219.102\/~newunicas\/blog\/wp-content\/uploads\/2014\/03\/AvellanaGranada_650.jpg\" alt=\"Nuevas fragancias Natura de Avellana y Granada para el cuidado de la piel\" width=\"600\" srcset=\"https:\/\/www.unicas.pe\/blog\/wp-content\/uploads\/2014\/03\/AvellanaGranada_650.jpg 650w, https:\/\/www.unicas.pe\/blog\/wp-content\/uploads\/2014\/03\/AvellanaGranada_650-300x168.jpg 300w, https:\/\/www.unicas.pe\/blog\/wp-content\/uploads\/2014\/03\/AvellanaGranada_650-648x365.jpg 648w\" sizes=\"(max-width: 650px) 100vw, 650px\" \/><\/p>\n","protected":false},"excerpt":{"rendered":"<p>Las fragancias de Avellana y Granada es el lanzamiento de la l\u00ednea Tododia creada especialmente para las pieles extra secas. Ahora estar\u00e1s m\u00e1s protegida con Natura.<\/p>\n","protected":false},"author":1,"featured_media":4496,"comment_status":"closed","ping_status":"open","sticky":false,"template":"","format":"standard","meta":[],"categories":[36],"tags":[5664,103,1118,100,1172,5660,5663,800,5667,583,5665,992,5661,578,5666],"yoast_head":"<!-- This site is optimized with the Yoast SEO plugin v16.0.2 - https:\/\/yoast.com\/wordpress\/plugins\/seo\/ -->\n<link rel=\"canonical\" href=\"https:\/\/www.unicas.pe\/blog\/cuidado-de-la-piel-tratamiento-tododia-natura\/\" \/>\n<meta property=\"og:locale\" content=\"es_ES\" \/>\n<meta property=\"og:type\" content=\"article\" \/>\n<meta property=\"og:title\" content=\"Nuevas fragancias Natura de Avellana y Granada para el cuidado de la piel - Unicas\" \/>\n<meta property=\"og:description\" content=\"Las fragancias de Avellana y Granada es el lanzamiento de la l\u00ednea Tododia creada especialmente para las pieles extra secas. Ahora estar\u00e1s m\u00e1s protegida con Natura.\" \/>\n<meta property=\"og:url\" content=\"https:\/\/www.unicas.pe\/blog\/cuidado-de-la-piel-tratamiento-tododia-natura\/\" \/>\n<meta property=\"og:site_name\" content=\"Unicas\" \/>\n<meta property=\"article:published_time\" content=\"2014-03-19T03:37:56+00:00\" \/>\n<meta property=\"article:modified_time\" content=\"2019-01-11T02:35:19+00:00\" \/>\n<meta property=\"og:image\" content=\"https:\/\/www.unicas.pe\/blog\/wp-content\/uploads\/2014\/03\/650_avellana_granada.jpg\" \/>\n\t<meta property=\"og:image:width\" content=\"650\" \/>\n\t<meta property=\"og:image:height\" content=\"473\" \/>\n<meta name=\"twitter:card\" content=\"summary_large_image\" \/>\n<meta name=\"twitter:label1\" content=\"Tiempo de lectura\">\n\t<meta name=\"twitter:data1\" content=\"1 minuto\">\n<script type=\"application\/ld+json\" class=\"yoast-schema-graph\">{\"@context\":\"https:\/\/schema.org\",\"@graph\":[{\"@type\":\"WebSite\",\"@id\":\"https:\/\/www.unicas.pe\/blog\/#website\",\"url\":\"https:\/\/www.unicas.pe\/blog\/\",\"name\":\"Unicas\",\"description\":\"Blog sobre belleza, maquillaje, moda, y mucho m\\u00e1s.\",\"potentialAction\":[{\"@type\":\"SearchAction\",\"target\":\"https:\/\/www.unicas.pe\/blog\/?s={search_term_string}\",\"query-input\":\"required name=search_term_string\"}],\"inLanguage\":\"es\"},{\"@type\":\"ImageObject\",\"@id\":\"https:\/\/www.unicas.pe\/blog\/cuidado-de-la-piel-tratamiento-tododia-natura\/#primaryimage\",\"inLanguage\":\"es\",\"url\":\"https:\/\/www.unicas.pe\/blog\/wp-content\/uploads\/2014\/03\/650_avellana_granada.jpg\",\"width\":650,\"height\":473,\"caption\":\"Nuevas fragancias Natura de Avellana y Granada para el cuidado de la piel\"},{\"@type\":\"WebPage\",\"@id\":\"https:\/\/www.unicas.pe\/blog\/cuidado-de-la-piel-tratamiento-tododia-natura\/#webpage\",\"url\":\"https:\/\/www.unicas.pe\/blog\/cuidado-de-la-piel-tratamiento-tododia-natura\/\",\"name\":\"Nuevas fragancias Natura de Avellana y Granada para el cuidado de la piel - Unicas\",\"isPartOf\":{\"@id\":\"https:\/\/www.unicas.pe\/blog\/#website\"},\"primaryImageOfPage\":{\"@id\":\"https:\/\/www.unicas.pe\/blog\/cuidado-de-la-piel-tratamiento-tododia-natura\/#primaryimage\"},\"datePublished\":\"2014-03-19T03:37:56+00:00\",\"dateModified\":\"2019-01-11T02:35:19+00:00\",\"author\":{\"@id\":\"https:\/\/www.unicas.pe\/blog\/#\/schema\/person\/60053f595c6d0f3f11ed52a01c961cdb\"},\"breadcrumb\":{\"@id\":\"https:\/\/www.unicas.pe\/blog\/cuidado-de-la-piel-tratamiento-tododia-natura\/#breadcrumb\"},\"inLanguage\":\"es\",\"potentialAction\":[{\"@type\":\"ReadAction\",\"target\":[\"https:\/\/www.unicas.pe\/blog\/cuidado-de-la-piel-tratamiento-tododia-natura\/\"]}]},{\"@type\":\"BreadcrumbList\",\"@id\":\"https:\/\/www.unicas.pe\/blog\/cuidado-de-la-piel-tratamiento-tododia-natura\/#breadcrumb\",\"itemListElement\":[{\"@type\":\"ListItem\",\"position\":1,\"item\":{\"@type\":\"WebPage\",\"@id\":\"https:\/\/www.unicas.pe\/blog\/\",\"url\":\"https:\/\/www.unicas.pe\/blog\/\",\"name\":\"Portada\"}},{\"@type\":\"ListItem\",\"position\":2,\"item\":{\"@type\":\"WebPage\",\"@id\":\"https:\/\/www.unicas.pe\/blog\/cuidado-de-la-piel-tratamiento-tododia-natura\/\",\"url\":\"https:\/\/www.unicas.pe\/blog\/cuidado-de-la-piel-tratamiento-tododia-natura\/\",\"name\":\"Nuevas fragancias Natura de Avellana y Granada para el cuidado de la piel\"}}]},{\"@type\":\"Person\",\"@id\":\"https:\/\/www.unicas.pe\/blog\/#\/schema\/person\/60053f595c6d0f3f11ed52a01c961cdb\",\"name\":\"Katty Gora\",\"image\":{\"@type\":\"ImageObject\",\"@id\":\"https:\/\/www.unicas.pe\/blog\/#personlogo\",\"inLanguage\":\"es\",\"url\":\"https:\/\/www.unicas.pe\/blog\/wp-content\/uploads\/2019\/01\/168392_1786370415133_366102_n-150x150.jpg\",\"caption\":\"Katty Gora\"},\"description\":\"Katty is a passionate blogger, diving into different subjects like fashion, trends, styles and news and more. Discover the great insight of a true quality blogger!\"}]}<\/script>\n<!-- \/ Yoast SEO plugin. -->","_links":{"self":[{"href":"https:\/\/www.unicas.pe\/blog\/wp-json\/wp\/v2\/posts\/4499"}],"collection":[{"href":"https:\/\/www.unicas.pe\/blog\/wp-json\/wp\/v2\/posts"}],"about":[{"href":"https:\/\/www.unicas.pe\/blog\/wp-json\/wp\/v2\/types\/post"}],"author":[{"embeddable":true,"href":"https:\/\/www.unicas.pe\/blog\/wp-json\/wp\/v2\/users\/1"}],"replies":[{"embeddable":true,"href":"https:\/\/www.unicas.pe\/blog\/wp-json\/wp\/v2\/comments?post=4499"}],"version-history":[{"count":1,"href":"https:\/\/www.unicas.pe\/blog\/wp-json\/wp\/v2\/posts\/4499\/revisions"}],"predecessor-version":[{"id":10537,"href":"https:\/\/www.unicas.pe\/blog\/wp-json\/wp\/v2\/posts\/4499\/revisions\/10537"}],"wp:featuredmedia":[{"embeddable":true,"href":"https:\/\/www.unicas.pe\/blog\/wp-json\/wp\/v2\/media\/4496"}],"wp:attachment":[{"href":"https:\/\/www.unicas.pe\/blog\/wp-json\/wp\/v2\/media?parent=4499"}],"wp:term":[{"taxonomy":"category","embeddable":true,"href":"https:\/\/www.unicas.pe\/blog\/wp-json\/wp\/v2\/categories?post=4499"},{"taxonomy":"post_tag","embeddable":true,"href":"https:\/\/www.unicas.pe\/blog\/wp-json\/wp\/v2\/tags?post=4499"}],"curies":[{"name":"wp","href":"https:\/\/api.w.org\/{rel}","templated":true}]}}